{"id":66412,"date":"2024-07-19T09:14:12","date_gmt":"2024-07-19T12:14:12","guid":{"rendered":"http:\/\/sol.fm.br\/radio\/?p=66412"},"modified":"2024-07-19T09:14:14","modified_gmt":"2024-07-19T12:14:14","slug":"especialista-explica-as-vantagens-da-garantia-estendida-para-carros-seminovos","status":"publish","type":"post","link":"https:\/\/sol.fm.br\/radio\/especialista-explica-as-vantagens-da-garantia-estendida-para-carros-seminovos\/","title":{"rendered":"Especialista explica as vantagens da garantia estendida para carros seminovos"},"content":{"rendered":"<div id=\"dslc-theme-content\"><div id=\"dslc-theme-content-inner\"><p>Comprar um carro seminovo \u00e9 uma excelente escolha para quem procura qualidade a um pre\u00e7o acess\u00edvel. Contudo, muitos consumidores ainda t\u00eam d\u00favidas sobre a garantia desses ve\u00edculos. Uma das solu\u00e7\u00f5es para garantir uma compra segura \u00e9 a garantia estendida, oferecida por diversas lojas de revendas de ve\u00edculos.<\/p>\n<p>Segundo Rubens F\u00e9lix, Gerente Geral da Carmais Seminovos, a garantia estendida oferece uma s\u00e9rie de benef\u00edcios aos compradores de carros seminovos. \u201c<em>Ela cobre pe\u00e7as e m\u00e3o de obra em caso de defeitos mec\u00e2nicos, el\u00e9tricos e eletr\u00f4nicos por um per\u00edodo determinado, proporcionando seguran\u00e7a contra custos inesperados mesmo ap\u00f3s o t\u00e9rmino da garantia de f\u00e1brica ou da loja que \u00e9 motor e c\u00e2mbio<\/em>\u201d, explica.<\/p>\n<p>Al\u00e9m disso, um autom\u00f3vel usado com uma extens\u00e3o de garantia tende a manter um valor de revenda mais alto, pois os potenciais compradores t\u00eam a certeza de adquirir um ve\u00edculo em excelentes condi\u00e7\u00f5es, protegido contra imprevistos. De acordo com Rubens, essa op\u00e7\u00e3o \u00e9 excelente para quem deseja seguran\u00e7a e tranquilidade ao investir em um autom\u00f3vel usado.<\/p>\n<p>\u201c<em>Os benef\u00edcios dessa prote\u00e7\u00e3o prolongada podem fazer realmente a diferen\u00e7a no seu dia a dia. \u00c9 essencial avaliar suas necessidades e or\u00e7amento, mas consider\u00e1-la pode ser um investimento que vale a pena\u201d<\/em>, explica.<\/p>\n<hr \/>\n<h6><strong>Capuchino<\/strong><\/h6>\n\n\n<center><iframe loading=\"lazy\" class=\"jmvplayer\" src=\"https:\/\/player.jmvstream.com\/lvw\/YYGWo5wfZuZ8fEW7Qoq1ISwhLSEDhU\" allowfullscreen allow=\"autoplay; fullscreen\" frameborder=\"0\" width=\"640\" height=\"360\" ><\/iframe><\/center>\n<\/div><\/div>","protected":false},"excerpt":{"rendered":"<p>Comprar um carro seminovo \u00e9 uma excelente escolha para quem procura qualidade a um pre\u00e7o acess\u00edvel. Contudo, muitos consumidores ainda t\u00eam d\u00favidas sobre a garantia desses ve\u00edculos. Uma das solu\u00e7\u00f5es para garantir uma compra segura \u00e9 a garantia estendida, oferecida por diversas lojas de revendas de ve\u00edculos. Segundo Rubens F\u00e9lix, Gerente Geral da Carmais Seminovos, [&hellip;]<\/p>\n","protected":false},"author":4,"featured_media":66413,"comment_status":"open","ping_status":"open","sticky":false,"template":"","format":"standard","meta":{"footnotes":""},"categories":[1],"tags":[],"class_list":["post-66412","post","type-post","status-publish","format-standard","has-post-thumbnail","hentry","category-sem-categoria"],"_links":{"self":[{"href":"https:\/\/sol.fm.br\/radio\/wp-json\/wp\/v2\/posts\/66412","targetHints":{"allow":["GET"]}}],"collection":[{"href":"https:\/\/sol.fm.br\/radio\/wp-json\/wp\/v2\/posts"}],"about":[{"href":"https:\/\/sol.fm.br\/radio\/wp-json\/wp\/v2\/types\/post"}],"author":[{"embeddable":true,"href":"https:\/\/sol.fm.br\/radio\/wp-json\/wp\/v2\/users\/4"}],"replies":[{"embeddable":true,"href":"https:\/\/sol.fm.br\/radio\/wp-json\/wp\/v2\/comments?post=66412"}],"version-history":[{"count":1,"href":"https:\/\/sol.fm.br\/radio\/wp-json\/wp\/v2\/posts\/66412\/revisions"}],"predecessor-version":[{"id":66414,"href":"https:\/\/sol.fm.br\/radio\/wp-json\/wp\/v2\/posts\/66412\/revisions\/66414"}],"wp:featuredmedia":[{"embeddable":true,"href":"https:\/\/sol.fm.br\/radio\/wp-json\/wp\/v2\/media\/66413"}],"wp:attachment":[{"href":"https:\/\/sol.fm.br\/radio\/wp-json\/wp\/v2\/media?parent=66412"}],"wp:term":[{"taxonomy":"category","embeddable":true,"href":"https:\/\/sol.fm.br\/radio\/wp-json\/wp\/v2\/categories?post=66412"},{"taxonomy":"post_tag","embeddable":true,"href":"https:\/\/sol.fm.br\/radio\/wp-json\/wp\/v2\/tags?post=66412"}],"curies":[{"name":"wp","href":"https:\/\/api.w.org\/{rel}","templated":true}]}}