{"id":68019,"date":"2024-09-16T09:54:07","date_gmt":"2024-09-16T12:54:07","guid":{"rendered":"http:\/\/sol.fm.br\/radio\/?p=68019"},"modified":"2024-09-16T09:54:08","modified_gmt":"2024-09-16T12:54:08","slug":"evento-em-sao-paulo-sera-palco-para-o-lancamento-oficial-da-alianca-latinoamericana-de-construccion-en-seco","status":"publish","type":"post","link":"https:\/\/sol.fm.br\/radio\/evento-em-sao-paulo-sera-palco-para-o-lancamento-oficial-da-alianca-latinoamericana-de-construccion-en-seco\/","title":{"rendered":"Evento em S\u00e3o Paulo ser\u00e1 palco para o lan\u00e7amento oficial da Alian\u00e7a Latinoamericana de Construcci\u00f3n en Seco"},"content":{"rendered":"<div id=\"dslc-theme-content\"><div id=\"dslc-theme-content-inner\"><p style=\"text-align: center;\"><i>A discuss\u00e3o abordar\u00e1 normativas, capacita\u00e7\u00e3o e solu\u00e7\u00f5es para o d\u00e9ficit habitacional.<\/i><\/p>\n<div>\n<div>A apresenta\u00e7\u00e3o do trabalho desenvolvido pela Alian\u00e7a Latinoamericana de Construcci\u00f3n ser\u00e1 uma das atra\u00e7\u00f5es do evento, que acontecer\u00e1 nos dias 24 e 25 de outubro de 2024, no Distrito Anhembi, em S\u00e3o Paulo. A constru\u00e7\u00e3o a seco, tamb\u00e9m conhecida como Steel Frame, utiliza estruturas met\u00e1licas leves e materiais industrializados, proporcionando uma obra mais r\u00e1pida, sustent\u00e1vel e eficiente em compara\u00e7\u00e3o com os m\u00e9todos tradicionais. Essa t\u00e9cnica tem se mostrado promissora em diversos pa\u00edses da Am\u00e9rica Latina, como Argentina, Chile e Uruguai, onde j\u00e1 est\u00e1 consolidada. No Brasil e na Col\u00f4mbia, o setor tamb\u00e9m est\u00e1 em expans\u00e3o, mas ainda h\u00e1 um grande potencial a ser explorado.<\/div>\n<div aria-hidden=\"true\">\u00a0<\/div>\n<div>A Alian\u00e7a Latinoamericana de Construcci\u00f3n foi criada visando promover a coopera\u00e7\u00e3o entre os pa\u00edses membros para desenvolver e fortalecer a constru\u00e7\u00e3o a seco. Segundo Paola Velasco, diretora da Asociaci\u00f3n de Construcci\u00f3n en Seco de Col\u00f4mbia (ACS) e presidente da Alian\u00e7a, o principal desafio \u00e9 lidar com a assimetria no desenvolvimento da constru\u00e7\u00e3o a seco na Am\u00e9rica Latina.<\/div>\n<div aria-hidden=\"true\">\u00a0<\/div>\n<div><em>\u201cEnquanto alguns pa\u00edses j\u00e1 t\u00eam avan\u00e7os significativos, outros continuam em fases iniciais. A Alian\u00e7a busca equilibrar essas diferen\u00e7as, promovendo o interc\u00e2mbio de conhecimentos e experi\u00eancias. A coopera\u00e7\u00e3o \u00e9 essencial para o crescimento do setor e para a redu\u00e7\u00e3o do d\u00e9ficit habitacional na regi\u00e3o. Por isso, a Alian\u00e7a est\u00e1 focada em consolidar normativas regionais e programas de capacita\u00e7\u00e3o, com o objetivo de padronizar e impulsionar a constru\u00e7\u00e3o a seco na Am\u00e9rica Latina, proporcionando solu\u00e7\u00f5es sustent\u00e1veis e acess\u00edveis para a oferta de moradias<\/em>\u201d, afirmou Paola Velasco.<\/div>\n<div aria-hidden=\"true\">\u00a0<\/div>\n<div>Al\u00e9m da apresenta\u00e7\u00e3o do trabalho desenvolvido pela \u00a0Alian\u00e7a, os associados estar\u00e3o se reunindo durante o evento. O congresso tamb\u00e9m contar\u00e1 com a 7\u00aa Expo Experience de Constru\u00e7\u00e3o Industrializada, onde os participantes poder\u00e3o conhecer as \u00faltimas inova\u00e7\u00f5es e tecnologias do setor, al\u00e9m de participar de pain\u00e9is e workshops que abordar\u00e3o as melhores pr\u00e1ticas e as perspectivas futuras para a constru\u00e7\u00e3o a seco.<\/div>\n<div aria-hidden=\"true\">\u00a0<\/div>\n<div><strong>Servi\u00e7o<\/strong><\/div>\n<div aria-hidden=\"true\">\u00a0<\/div>\n<div>O que: 7\u00ba Congresso Latino-Americano de Steel Frame e Constru\u00e7\u00e3o Industrializada; 7\u00aa Expo Experience de Constru\u00e7\u00e3o Industrializada<\/div>\n<div>Quando: 24 e 25 de outubro de 2024<\/div>\n<div>Onde: Distrito Anhembi, S\u00e3o Paulo<\/div>\n<div>Realiza\u00e7\u00e3o: Take Comunica\u00e7\u00e3o e Eventos (55 11 98559-5353)<\/div>\n<div>Contato: atendimento@congressosteelframe.com.br<\/div>\n<div>Mais informa\u00e7\u00f5es: www.congressosteelframe.com.br<\/div>\n<\/div>\n<div>\u00a0<\/div>\n<hr \/>\n<h6><strong>PlayPress | 7\u00ba Congresso Latino-Americano de Steel Frame e Constru\u00e7\u00e3o Industrializada | Reda\u00e7\u00e3o: Marcelo Matusiak<\/strong><\/h6>\n\n\n<center><iframe loading=\"lazy\" class=\"jmvplayer\" src=\"https:\/\/player.jmvstream.com\/lvw\/YYGWo5wfZuZ8fEW7Qoq1ISwhLSEDhU\" allowfullscreen allow=\"autoplay; fullscreen\" frameborder=\"0\" width=\"640\" height=\"360\" ><\/iframe><\/center>\n<\/div><\/div>","protected":false},"excerpt":{"rendered":"<p>A discuss\u00e3o abordar\u00e1 normativas, capacita\u00e7\u00e3o e solu\u00e7\u00f5es para o d\u00e9ficit habitacional. A apresenta\u00e7\u00e3o do trabalho desenvolvido pela Alian\u00e7a Latinoamericana de Construcci\u00f3n ser\u00e1 uma das atra\u00e7\u00f5es do evento, que acontecer\u00e1 nos dias 24 e 25 de outubro de 2024, no Distrito Anhembi, em S\u00e3o Paulo. A constru\u00e7\u00e3o a seco, tamb\u00e9m conhecida como Steel Frame, utiliza estruturas [&hellip;]<\/p>\n","protected":false},"author":4,"featured_media":68020,"comment_status":"open","ping_status":"open","sticky":false,"template":"","format":"standard","meta":{"footnotes":""},"categories":[1],"tags":[],"class_list":["post-68019","post","type-post","status-publish","format-standard","has-post-thumbnail","hentry","category-sem-categoria"],"_links":{"self":[{"href":"https:\/\/sol.fm.br\/radio\/wp-json\/wp\/v2\/posts\/68019","targetHints":{"allow":["GET"]}}],"collection":[{"href":"https:\/\/sol.fm.br\/radio\/wp-json\/wp\/v2\/posts"}],"about":[{"href":"https:\/\/sol.fm.br\/radio\/wp-json\/wp\/v2\/types\/post"}],"author":[{"embeddable":true,"href":"https:\/\/sol.fm.br\/radio\/wp-json\/wp\/v2\/users\/4"}],"replies":[{"embeddable":true,"href":"https:\/\/sol.fm.br\/radio\/wp-json\/wp\/v2\/comments?post=68019"}],"version-history":[{"count":1,"href":"https:\/\/sol.fm.br\/radio\/wp-json\/wp\/v2\/posts\/68019\/revisions"}],"predecessor-version":[{"id":68021,"href":"https:\/\/sol.fm.br\/radio\/wp-json\/wp\/v2\/posts\/68019\/revisions\/68021"}],"wp:featuredmedia":[{"embeddable":true,"href":"https:\/\/sol.fm.br\/radio\/wp-json\/wp\/v2\/media\/68020"}],"wp:attachment":[{"href":"https:\/\/sol.fm.br\/radio\/wp-json\/wp\/v2\/media?parent=68019"}],"wp:term":[{"taxonomy":"category","embeddable":true,"href":"https:\/\/sol.fm.br\/radio\/wp-json\/wp\/v2\/categories?post=68019"},{"taxonomy":"post_tag","embeddable":true,"href":"https:\/\/sol.fm.br\/radio\/wp-json\/wp\/v2\/tags?post=68019"}],"curies":[{"name":"wp","href":"https:\/\/api.w.org\/{rel}","templated":true}]}}