{"id":72536,"date":"2025-03-12T10:27:54","date_gmt":"2025-03-12T13:27:54","guid":{"rendered":"http:\/\/sol.fm.br\/radio\/?p=72536"},"modified":"2025-03-12T10:27:55","modified_gmt":"2025-03-12T13:27:55","slug":"apos-a-temporada-de-calor-cabelos-precisam-de-hidratacao-e-protecao","status":"publish","type":"post","link":"https:\/\/sol.fm.br\/radio\/apos-a-temporada-de-calor-cabelos-precisam-de-hidratacao-e-protecao\/","title":{"rendered":"Ap\u00f3s a temporada de calor, cabelos precisam de hidrata\u00e7\u00e3o e prote\u00e7\u00e3o"},"content":{"rendered":"<div id=\"dslc-theme-content\"><div id=\"dslc-theme-content-inner\"><p style=\"text-align: center;\"><em>Dermatologistas alertam para os danos causados no ver\u00e3o e recomendam cuidados para a recupera\u00e7\u00e3o dos fios<\/em><\/p>\n<p>Com o fim do ver\u00e3o, muitas pessoas percebem que seus cabelos sofreram os efeitos da exposi\u00e7\u00e3o intensa ao sol, ao sal do mar e ao cloro das piscinas. Esses fatores podem deixar os fios ressecados, quebradi\u00e7os e sem brilho, exigindo cuidados espec\u00edficos para restaurar a sa\u00fade capilar. A Sociedade Brasileira de Dermatologia \u2013 Sec\u00e7\u00e3o do Rio Grande do Sul (SBD-RS) alerta para os principais danos e orienta sobre as melhores pr\u00e1ticas para prevenir e tratar esses problemas.<br \/><br \/><em>\u201cA exposi\u00e7\u00e3o prolongada ao sol, \u00e0 \u00e1gua salgada e ao cloro pode causar ressecamento, altera\u00e7\u00e3o da colora\u00e7\u00e3o \u2013 natural ou n\u00e3o \u2013 e at\u00e9 quebra das hastes capilares\"<\/em>, explica a vice-presidente da SBD-RS, Dra. C\u00edntia Pessin.<br \/><br \/>Segundo a m\u00e9dica, para minimizar esses efeitos, \u00e9 fundamental adotar medidas preventivas, como hidratar os fios com m\u00e1scaras capilares ap\u00f3s cada lavagem, utilizar fluidos com filtro solar e evitar prender os cabelos ainda molhados. Al\u00e9m disso, a escolha do shampoo adequado faz diferen\u00e7a: recomenda-se o uso de f\u00f3rmulas mais detergentes no m\u00e1ximo duas vezes por semana, alternando com op\u00e7\u00f5es de limpeza suave.<br \/><br \/>Para recuperar os danos j\u00e1 causados, a dermatologista recomenda hidrata\u00e7\u00e3o frequente, seja em casa ou no sal\u00e3o, al\u00e9m do uso de leave-in ap\u00f3s a lavagem e do corte das pontas danificadas.<br \/><br \/><em>\"Essas a\u00e7\u00f5es ajudam a devolver o brilho e a maciez, al\u00e9m de prevenir problemas como a queda excessiva\"<\/em>, acrescenta Dra. C\u00edntia.<br \/><br \/>Em caso de d\u00favidas ou necessidade de tratamentos espec\u00edficos, \u00e9 essencial buscar a orienta\u00e7\u00e3o de um m\u00e9dico dermatologista. Os profissionais habilitados podem ser conferidos no site da SBD-RS: <a href=\"http:\/\/www.sbdrs.org.br\/\">www.sbdrs.org.br<\/a>. <br \/><br \/><br \/><strong>Sobre a SBD-RS<\/strong><\/p>\n<p>A Sociedade Brasileira de Dermatologia (SBD) \u00e9 a \u00fanica institui\u00e7\u00e3o reconhecida oficialmente pelo Conselho Federal de Medicina (CFM) e pela Associa\u00e7\u00e3o M\u00e9dica Brasileira (AMB) como representante dos dermatologistas no Brasil. Os m\u00e9dicos dermatologistas a ela ligados precisam obter o T\u00edtulo de Especialista que atesta a sua capacita\u00e7\u00e3o. A sec\u00e7\u00e3o SBD-RS \u00e9 a sua representante no territ\u00f3rio do Rio Grande do Sul.<\/p>\n<hr \/>\n<h6><strong>PlayPress | SBD-RS - Sociedade Brasileira de Dermatologia \u2013 Sec\u00e7\u00e3o do Rio Grande do Sul | Reda\u00e7\u00e3o: Marcelo Matusiak | Reda\u00e7\u00e3o: PlayPress Assessoria e Conte\u00fado \/ Revis\u00e3o: Dra. Val\u00e9ria Rossato<\/strong><\/h6>\n\n\n<center><iframe loading=\"lazy\" class=\"jmvplayer\" src=\"https:\/\/player.jmvstream.com\/lvw\/YYGWo5wfZuZ8fEW7Qoq1ISwhLSEDhU\" allowfullscreen allow=\"autoplay; fullscreen\" frameborder=\"0\" width=\"640\" height=\"360\" ><\/iframe><\/center>\n<\/div><\/div>","protected":false},"excerpt":{"rendered":"<p>Dermatologistas alertam para os danos causados no ver\u00e3o e recomendam cuidados para a recupera\u00e7\u00e3o dos fios Com o fim do ver\u00e3o, muitas pessoas percebem que seus cabelos sofreram os efeitos da exposi\u00e7\u00e3o intensa ao sol, ao sal do mar e ao cloro das piscinas. Esses fatores podem deixar os fios ressecados, quebradi\u00e7os e sem brilho, [&hellip;]<\/p>\n","protected":false},"author":4,"featured_media":72537,"comment_status":"open","ping_status":"open","sticky":false,"template":"","format":"standard","meta":{"footnotes":""},"categories":[1],"tags":[],"class_list":["post-72536","post","type-post","status-publish","format-standard","has-post-thumbnail","hentry","category-sem-categoria"],"_links":{"self":[{"href":"https:\/\/sol.fm.br\/radio\/wp-json\/wp\/v2\/posts\/72536","targetHints":{"allow":["GET"]}}],"collection":[{"href":"https:\/\/sol.fm.br\/radio\/wp-json\/wp\/v2\/posts"}],"about":[{"href":"https:\/\/sol.fm.br\/radio\/wp-json\/wp\/v2\/types\/post"}],"author":[{"embeddable":true,"href":"https:\/\/sol.fm.br\/radio\/wp-json\/wp\/v2\/users\/4"}],"replies":[{"embeddable":true,"href":"https:\/\/sol.fm.br\/radio\/wp-json\/wp\/v2\/comments?post=72536"}],"version-history":[{"count":1,"href":"https:\/\/sol.fm.br\/radio\/wp-json\/wp\/v2\/posts\/72536\/revisions"}],"predecessor-version":[{"id":72538,"href":"https:\/\/sol.fm.br\/radio\/wp-json\/wp\/v2\/posts\/72536\/revisions\/72538"}],"wp:featuredmedia":[{"embeddable":true,"href":"https:\/\/sol.fm.br\/radio\/wp-json\/wp\/v2\/media\/72537"}],"wp:attachment":[{"href":"https:\/\/sol.fm.br\/radio\/wp-json\/wp\/v2\/media?parent=72536"}],"wp:term":[{"taxonomy":"category","embeddable":true,"href":"https:\/\/sol.fm.br\/radio\/wp-json\/wp\/v2\/categories?post=72536"},{"taxonomy":"post_tag","embeddable":true,"href":"https:\/\/sol.fm.br\/radio\/wp-json\/wp\/v2\/tags?post=72536"}],"curies":[{"name":"wp","href":"https:\/\/api.w.org\/{rel}","templated":true}]}}