{"id":72885,"date":"2025-03-26T10:09:22","date_gmt":"2025-03-26T13:09:22","guid":{"rendered":"http:\/\/sol.fm.br\/radio\/?p=72885"},"modified":"2025-03-26T10:09:24","modified_gmt":"2025-03-26T13:09:24","slug":"na-cna-leite-busca-apoio-para-renegociacao-de-dividas-e-medidas-estruturantes-destinadas-a-produtores-rurais","status":"publish","type":"post","link":"https:\/\/sol.fm.br\/radio\/na-cna-leite-busca-apoio-para-renegociacao-de-dividas-e-medidas-estruturantes-destinadas-a-produtores-rurais\/","title":{"rendered":"Na CNA, Leite busca apoio para renegocia\u00e7\u00e3o de d\u00edvidas e medidas estruturantes destinadas a produtores rurais"},"content":{"rendered":"<div id=\"dslc-theme-content\"><div id=\"dslc-theme-content-inner\"><p style=\"text-align: center;\"><em>Mais cedo, o governador j\u00e1 havia se reunido com o presidente da Frente Parlamentar da Agropecu\u00e1ria para discutir a tem\u00e1tica<\/em><\/p>\n<p>O governador Eduardo Leite intensificou, nesta ter\u00e7a-feira (26\/3), em Bras\u00edlia, as articula\u00e7\u00f5es em defesa do setor agropecu\u00e1rio do Rio Grande do Sul. Em reuni\u00e3o com a Confedera\u00e7\u00e3o Nacional da Agricultura (CNA), Leite pediu apoio da entidade aos pleitos dos produtores ga\u00fachos especialmente por medidas para enfrentar o endividamento, ap\u00f3s quatro anos consecutivos de estiagens severas que prejudicaram a produtividade no campo.<\/p>\n<p><em>\"Deixamos muito claro a necessidade do Rio Grande do Sul relacionada \u00e0 renegocia\u00e7\u00e3o das d\u00edvidas dos nossos produtores. Precisamos de todo o apoio poss\u00edvel, e a CNA \u00e9 fundamental para construirmos um entendimento nacional sobre a situa\u00e7\u00e3o do Estado. Nos \u00faltimos anos, enfrentamos quatro estiagens muito severas que frustraram a produtividade no campo e geraram dificuldades no cumprimento dos compromissos financeiros\"<\/em>, destacou Leite.<\/p>\n<p>Mais cedo, o governador j\u00e1 havia se reunido com o presidente da Frente Parlamentar da Agropecu\u00e1ria (FPA), deputado federal Pedro Lupion, na qual tamb\u00e9m apresentou a situa\u00e7\u00e3o do agroneg\u00f3cio ga\u00facho e as propostas que est\u00e3o sendo elaboradas pelo governo estadual em conjunto com entidades do setor.<\/p>\n<p>Durante as agendas, Leite refor\u00e7ou que as negocia\u00e7\u00f5es em curso n\u00e3o se limitam a resolver problemas do passado, mas visam garantir condi\u00e7\u00f5es para investimentos futuros.<\/p>\n<p><em>\u201cSabemos que n\u00e3o \u00e9 sobre resolver simplesmente o passado dessas d\u00edvidas constitu\u00eddas, mas \u00e9 sobre dar capacidade aos nossos produtores para tomarem cr\u00e9dito e obterem financiamento para investirem no futuro, especialmente na prote\u00e7\u00e3o das nossas lavouras\"<\/em>, ressaltou.<\/p>\n<p><img loading=\"lazy\" decoding=\"async\" class=\"alignnone size-medium wp-image-72887 aligncenter\" src=\"http:\/\/sol.fm.br\/radio\/wp-content\/uploads\/2025\/03\/81-400x266.jpeg\" alt=\"\" width=\"400\" height=\"266\" srcset=\"https:\/\/sol.fm.br\/radio\/wp-content\/uploads\/2025\/03\/81-400x266.jpeg 400w, https:\/\/sol.fm.br\/radio\/wp-content\/uploads\/2025\/03\/81-768x511.jpeg 768w, https:\/\/sol.fm.br\/radio\/wp-content\/uploads\/2025\/03\/81-600x400.jpeg 600w, https:\/\/sol.fm.br\/radio\/wp-content\/uploads\/2025\/03\/81.jpeg 945w\" sizes=\"auto, (max-width: 400px) 100vw, 400px\" \/><\/p>\n<p>O governador informou que est\u00e1 dialogando com membros do governo federal para conseguir uma prorroga\u00e7\u00e3o das parcelas dos empr\u00e9stimos que vencem em abril e tamb\u00e9m est\u00e1 buscando oferecer alternativas para a constitui\u00e7\u00e3o de um programa de refinanciamento das d\u00edvidas.<\/p>\n<p><em>\"Para podermos ter a prote\u00e7\u00e3o das nossas lavouras para o futuro, com mais investimentos em irriga\u00e7\u00e3o, precisamos da capacidade de tomada de recursos pelos produtores rurais. Esse \u00e9 o nosso compromisso: pensar no futuro. E o futuro passa pelas decis\u00f5es de agora, especialmente na resolu\u00e7\u00e3o desse tema do endividamento\"<\/em>, enfatizou.<\/p>\n<p>As articula\u00e7\u00f5es em Bras\u00edlia d\u00e3o continuidade \u00e0s estrat\u00e9gias definidas na reuni\u00e3o realizada na \u00faltima segunda-feira (24\/3) no Pal\u00e1cio Piratini, quando o governador e representantes das principais entidades do agroneg\u00f3cio do Estado alinharam a\u00e7\u00f5es priorit\u00e1rias para o setor.<\/p>\n<p>Como pr\u00f3ximo passo, Leite ir\u00e1 liderar uma reuni\u00e3o ampliada na pr\u00f3xima segunda-feira (31\/3), no Pal\u00e1cio Piratini, com a presen\u00e7a de deputados estaduais e federais. O encontro vai aprofundar as alternativas discutidas e buscar consenso em torno de medidas que possam ser implementadas em curto, m\u00e9dio e longo prazos para garantir a sustentabilidade do agroneg\u00f3cio ga\u00facho diante dos desafios impostos pelas mudan\u00e7as clim\u00e1ticas.<\/p>\n<hr \/>\n<h6><strong>GOV RS | Texto: Juliano Rodrigues\/Secom | Edi\u00e7\u00e3o: Rodrigo Toledo Fran\u00e7a\/Secom | Fotos: Maur\u00edcio Tonetto\/Secom<\/strong><\/h6>\n\n\n<center><iframe loading=\"lazy\" class=\"jmvplayer\" src=\"https:\/\/player.jmvstream.com\/lvw\/YYGWo5wfZuZ8fEW7Qoq1ISwhLSEDhU\" allowfullscreen allow=\"autoplay; fullscreen\" frameborder=\"0\" width=\"640\" height=\"360\" ><\/iframe><\/center>\n<\/div><\/div>","protected":false},"excerpt":{"rendered":"<p>Mais cedo, o governador j\u00e1 havia se reunido com o presidente da Frente Parlamentar da Agropecu\u00e1ria para discutir a tem\u00e1tica O governador Eduardo Leite intensificou, nesta ter\u00e7a-feira (26\/3), em Bras\u00edlia, as articula\u00e7\u00f5es em defesa do setor agropecu\u00e1rio do Rio Grande do Sul. Em reuni\u00e3o com a Confedera\u00e7\u00e3o Nacional da Agricultura (CNA), Leite pediu apoio da [&hellip;]<\/p>\n","protected":false},"author":4,"featured_media":72886,"comment_status":"open","ping_status":"open","sticky":false,"template":"","format":"standard","meta":{"footnotes":""},"categories":[1],"tags":[],"class_list":["post-72885","post","type-post","status-publish","format-standard","has-post-thumbnail","hentry","category-sem-categoria"],"_links":{"self":[{"href":"https:\/\/sol.fm.br\/radio\/wp-json\/wp\/v2\/posts\/72885","targetHints":{"allow":["GET"]}}],"collection":[{"href":"https:\/\/sol.fm.br\/radio\/wp-json\/wp\/v2\/posts"}],"about":[{"href":"https:\/\/sol.fm.br\/radio\/wp-json\/wp\/v2\/types\/post"}],"author":[{"embeddable":true,"href":"https:\/\/sol.fm.br\/radio\/wp-json\/wp\/v2\/users\/4"}],"replies":[{"embeddable":true,"href":"https:\/\/sol.fm.br\/radio\/wp-json\/wp\/v2\/comments?post=72885"}],"version-history":[{"count":1,"href":"https:\/\/sol.fm.br\/radio\/wp-json\/wp\/v2\/posts\/72885\/revisions"}],"predecessor-version":[{"id":72888,"href":"https:\/\/sol.fm.br\/radio\/wp-json\/wp\/v2\/posts\/72885\/revisions\/72888"}],"wp:featuredmedia":[{"embeddable":true,"href":"https:\/\/sol.fm.br\/radio\/wp-json\/wp\/v2\/media\/72886"}],"wp:attachment":[{"href":"https:\/\/sol.fm.br\/radio\/wp-json\/wp\/v2\/media?parent=72885"}],"wp:term":[{"taxonomy":"category","embeddable":true,"href":"https:\/\/sol.fm.br\/radio\/wp-json\/wp\/v2\/categories?post=72885"},{"taxonomy":"post_tag","embeddable":true,"href":"https:\/\/sol.fm.br\/radio\/wp-json\/wp\/v2\/tags?post=72885"}],"curies":[{"name":"wp","href":"https:\/\/api.w.org\/{rel}","templated":true}]}}