{"id":72904,"date":"2025-03-27T09:32:37","date_gmt":"2025-03-27T12:32:37","guid":{"rendered":"http:\/\/sol.fm.br\/radio\/?p=72904"},"modified":"2025-03-27T09:32:40","modified_gmt":"2025-03-27T12:32:40","slug":"federarroz-confirma-exportacao-de-saca-de-arroz-a-r-82-no-porto-de-rio-grande","status":"publish","type":"post","link":"https:\/\/sol.fm.br\/radio\/federarroz-confirma-exportacao-de-saca-de-arroz-a-r-82-no-porto-de-rio-grande\/","title":{"rendered":"Federarroz confirma exporta\u00e7\u00e3o de saca de arroz a R$ 82 no Porto de Rio Grande"},"content":{"rendered":"<div id=\"dslc-theme-content\"><div id=\"dslc-theme-content-inner\"><p style=\"text-align: center;\"><em>Para a entidade, neg\u00f3cio internacional traz refer\u00eancia ao mercado e refor\u00e7a estabilidade de pre\u00e7os no Estado<\/em><\/p>\n<p>A confirma\u00e7\u00e3o de um novo neg\u00f3cio de exporta\u00e7\u00e3o de arroz brasileiro a R$ 82,00 a saca de 50 quilos no Porto de Rio Grande foi anunciada pela Federa\u00e7\u00e3o das Associa\u00e7\u00f5es de Arrozeiros do Rio Grande do Sul (Federarroz). A opera\u00e7\u00e3o traz um indicativo importante para o mercado, especialmente diante de um cen\u00e1rio de oscila\u00e7\u00f5es nos \u00faltimos meses. O valor \u00e9 considerado positivo, tanto pela representatividade da exporta\u00e7\u00e3o quanto por sua capacidade de influenciar os pre\u00e7os praticados internamente.<\/p>\n<p>Para o presidente da Federarroz, Alexandre Velho, a negocia\u00e7\u00e3o contribui para trazer seguran\u00e7a ao setor. <em>\u201cNota-se estabilidade de pre\u00e7os em v\u00e1rias regi\u00f5es do Estado e a confirma\u00e7\u00e3o desta exporta\u00e7\u00e3o deve finalmente trazer uma refer\u00eancia ao mercado e estabilizar definitivamente os pre\u00e7os\u201d<\/em>, afirma o dirigente.<\/p>\n<p>Segundo a Federarroz, a opera\u00e7\u00e3o refor\u00e7a o papel estrat\u00e9gico das exporta\u00e7\u00f5es como elemento de equil\u00edbrio entre oferta e demanda. O Rio Grande do Sul responde por cerca de 70% da produ\u00e7\u00e3o nacional e tem capacidade log\u00edstica consolidada para atender \u00e0 demanda internacional, especialmente via Porto de Rio Grande, que \u00e9 uma das principais sa\u00eddas para o arroz produzido no Estado.<\/p>\n<hr \/>\n<h6><strong>AgroEffective | Assessoria de Comunica\u00e7\u00e3o da Federa\u00e7\u00e3o das Associa\u00e7\u00f5es de Arrozeiros do Rio Grande do Sul (Federarroz) | <span style=\"font-size: revert; color: initial;\">Foto: Divulga\u00e7\u00e3o |\u00a0<\/span>Texto: Nestor Tipa J\u00fanior\/AgroEffective<\/strong><\/h6>\n\n\n<center><iframe loading=\"lazy\" class=\"jmvplayer\" src=\"https:\/\/player.jmvstream.com\/lvw\/YYGWo5wfZuZ8fEW7Qoq1ISwhLSEDhU\" allowfullscreen allow=\"autoplay; fullscreen\" frameborder=\"0\" width=\"640\" height=\"360\" ><\/iframe><\/center>\n<\/div><\/div>","protected":false},"excerpt":{"rendered":"<p>Para a entidade, neg\u00f3cio internacional traz refer\u00eancia ao mercado e refor\u00e7a estabilidade de pre\u00e7os no Estado A confirma\u00e7\u00e3o de um novo neg\u00f3cio de exporta\u00e7\u00e3o de arroz brasileiro a R$ 82,00 a saca de 50 quilos no Porto de Rio Grande foi anunciada pela Federa\u00e7\u00e3o das Associa\u00e7\u00f5es de Arrozeiros do Rio Grande do Sul (Federarroz). A [&hellip;]<\/p>\n","protected":false},"author":4,"featured_media":72905,"comment_status":"open","ping_status":"open","sticky":false,"template":"","format":"standard","meta":{"footnotes":""},"categories":[1],"tags":[],"class_list":["post-72904","post","type-post","status-publish","format-standard","has-post-thumbnail","hentry","category-sem-categoria"],"_links":{"self":[{"href":"https:\/\/sol.fm.br\/radio\/wp-json\/wp\/v2\/posts\/72904","targetHints":{"allow":["GET"]}}],"collection":[{"href":"https:\/\/sol.fm.br\/radio\/wp-json\/wp\/v2\/posts"}],"about":[{"href":"https:\/\/sol.fm.br\/radio\/wp-json\/wp\/v2\/types\/post"}],"author":[{"embeddable":true,"href":"https:\/\/sol.fm.br\/radio\/wp-json\/wp\/v2\/users\/4"}],"replies":[{"embeddable":true,"href":"https:\/\/sol.fm.br\/radio\/wp-json\/wp\/v2\/comments?post=72904"}],"version-history":[{"count":1,"href":"https:\/\/sol.fm.br\/radio\/wp-json\/wp\/v2\/posts\/72904\/revisions"}],"predecessor-version":[{"id":72906,"href":"https:\/\/sol.fm.br\/radio\/wp-json\/wp\/v2\/posts\/72904\/revisions\/72906"}],"wp:featuredmedia":[{"embeddable":true,"href":"https:\/\/sol.fm.br\/radio\/wp-json\/wp\/v2\/media\/72905"}],"wp:attachment":[{"href":"https:\/\/sol.fm.br\/radio\/wp-json\/wp\/v2\/media?parent=72904"}],"wp:term":[{"taxonomy":"category","embeddable":true,"href":"https:\/\/sol.fm.br\/radio\/wp-json\/wp\/v2\/categories?post=72904"},{"taxonomy":"post_tag","embeddable":true,"href":"https:\/\/sol.fm.br\/radio\/wp-json\/wp\/v2\/tags?post=72904"}],"curies":[{"name":"wp","href":"https:\/\/api.w.org\/{rel}","templated":true}]}}