{"id":73574,"date":"2025-04-17T09:25:16","date_gmt":"2025-04-17T12:25:16","guid":{"rendered":"http:\/\/sol.fm.br\/radio\/?p=73574"},"modified":"2025-04-17T09:25:18","modified_gmt":"2025-04-17T12:25:18","slug":"reuniao-para-definir-estrategia-e-expandir-mercado-calcadista-gaucho-nos-estados-unidos","status":"publish","type":"post","link":"https:\/\/sol.fm.br\/radio\/reuniao-para-definir-estrategia-e-expandir-mercado-calcadista-gaucho-nos-estados-unidos\/","title":{"rendered":"Reuni\u00e3o para definir estrat\u00e9gia e expandir mercado cal\u00e7adista ga\u00facho nos Estados Unidos."},"content":{"rendered":"<div id=\"dslc-theme-content\"><div id=\"dslc-theme-content-inner\"><p style=\"text-align: center;\"><em>O movimento The South Base abordou o assunto com o deputado Joel<\/em><\/p>\n<p>Uma reuni\u00e3o na manh\u00e3 desta quarta-feira (16\/4) no gabinete do deputado Joel Wilhelm (PP) abordou a iniciativa que tem como objetivo ampliar o mercado do cal\u00e7ado ga\u00facho nos Estados Unidos: <em>\u201cBasta dizer que o Rio Grande do Sul \u00e9 o maior exportador de cal\u00e7ados do Brasil. S\u00f3 no primeiro trimestre deste ano embarcamos 8,5 milh\u00f5es de pares fabricados no nosso Estado, com receita de 125,9 milh\u00f5es de d\u00f3lares. Vou sempre apoiar e colaborar com iniciativas que fortalezam o setor<\/em>\u201d, enfatizou o deputado Joel, que \u00e9 presidente da Frente Parlamentar em Defesa do Setor Coureiro-Cal\u00e7adista.<\/p>\n<p>O The South Base conta com a participa\u00e7\u00e3o de v\u00e1rios atores da cadeia do setor cal\u00e7adista, como ind\u00fastrias, distribuidores, sindicatos e, claro, consumidor: \u201c<em>Entendemos que com o apoio da Frente Parlamentar em Defesa do Setor Coureiro-Cal\u00e7adista haver\u00e1 mais engajamento e interesse ao movimento. O nosso foco hoje \u00e9 o mercado americano por meio da FDRA, que \u00e9 a associa\u00e7\u00e3o cal\u00e7adista nos Estados Unidos e engloba 93% das empresas de varejo do setor\u201d<\/em>, ressaltou o gerente regional do SEBRAE RS, Marco Copetti.<\/p>\n<p>O grupo envolvido na a\u00e7\u00e3o fez uma apresenta\u00e7\u00e3o ao deputado sobre os eixos estrat\u00e9gicos: governan\u00e7a, comunica\u00e7\u00e3o, processos, produtos, marketing e internacionaliza\u00e7\u00e3o. A estrat\u00e9gia tem como finalidade promover e fortalecer o cluster cal\u00e7adista.<\/p>\n<p>Tamb\u00e9m participaram da reuni\u00e3o o SINMAQSINOS de NH e regi\u00e3o, Marlos Schimidt; o CEO da CT Shoe Solutions, Christian Thomas; o secret\u00e1rio executivo do Governo do RS, Diogo Leuck; a gestora de Projetos S\u00eanior do SEBRAE RS, Carolina Rostirolla; e o diretor-executivo da ACI NH, Fausto Saraiva. A inciativa do Sebrae come\u00e7ou em 2019 com o nome de \u201cL\u00edder\u201d. E depois virou \u201cPacto Cal\u00e7adista\u201d e agora, desde fevereiro, passou a se chamar The South Base.<\/p>\n<hr \/>\n<h6><strong>Assessoria de Imprensa - Deputado Joel Wilhelm<\/strong><\/h6>\n\n\n<center><iframe loading=\"lazy\" class=\"jmvplayer\" src=\"https:\/\/player.jmvstream.com\/lvw\/YYGWo5wfZuZ8fEW7Qoq1ISwhLSEDhU\" allowfullscreen allow=\"autoplay; fullscreen\" frameborder=\"0\" width=\"640\" height=\"360\" ><\/iframe><\/center>\n<\/div><\/div>","protected":false},"excerpt":{"rendered":"<p>O movimento The South Base abordou o assunto com o deputado Joel Uma reuni\u00e3o na manh\u00e3 desta quarta-feira (16\/4) no gabinete do deputado Joel Wilhelm (PP) abordou a iniciativa que tem como objetivo ampliar o mercado do cal\u00e7ado ga\u00facho nos Estados Unidos: \u201cBasta dizer que o Rio Grande do Sul \u00e9 o maior exportador de [&hellip;]<\/p>\n","protected":false},"author":4,"featured_media":73575,"comment_status":"open","ping_status":"open","sticky":false,"template":"","format":"standard","meta":{"footnotes":""},"categories":[1],"tags":[],"class_list":["post-73574","post","type-post","status-publish","format-standard","has-post-thumbnail","hentry","category-sem-categoria"],"_links":{"self":[{"href":"https:\/\/sol.fm.br\/radio\/wp-json\/wp\/v2\/posts\/73574","targetHints":{"allow":["GET"]}}],"collection":[{"href":"https:\/\/sol.fm.br\/radio\/wp-json\/wp\/v2\/posts"}],"about":[{"href":"https:\/\/sol.fm.br\/radio\/wp-json\/wp\/v2\/types\/post"}],"author":[{"embeddable":true,"href":"https:\/\/sol.fm.br\/radio\/wp-json\/wp\/v2\/users\/4"}],"replies":[{"embeddable":true,"href":"https:\/\/sol.fm.br\/radio\/wp-json\/wp\/v2\/comments?post=73574"}],"version-history":[{"count":1,"href":"https:\/\/sol.fm.br\/radio\/wp-json\/wp\/v2\/posts\/73574\/revisions"}],"predecessor-version":[{"id":73576,"href":"https:\/\/sol.fm.br\/radio\/wp-json\/wp\/v2\/posts\/73574\/revisions\/73576"}],"wp:featuredmedia":[{"embeddable":true,"href":"https:\/\/sol.fm.br\/radio\/wp-json\/wp\/v2\/media\/73575"}],"wp:attachment":[{"href":"https:\/\/sol.fm.br\/radio\/wp-json\/wp\/v2\/media?parent=73574"}],"wp:term":[{"taxonomy":"category","embeddable":true,"href":"https:\/\/sol.fm.br\/radio\/wp-json\/wp\/v2\/categories?post=73574"},{"taxonomy":"post_tag","embeddable":true,"href":"https:\/\/sol.fm.br\/radio\/wp-json\/wp\/v2\/tags?post=73574"}],"curies":[{"name":"wp","href":"https:\/\/api.w.org\/{rel}","templated":true}]}}