{"id":83237,"date":"2026-03-10T14:29:11","date_gmt":"2026-03-10T17:29:11","guid":{"rendered":"http:\/\/sol.fm.br\/radio\/?p=83237"},"modified":"2026-03-10T14:29:13","modified_gmt":"2026-03-10T17:29:13","slug":"vigilancia-sanitaria-do-estado-reforca-acoes-contra-a-gripe-aviaria-em-santa-vitoria-do-palmar-e-chui","status":"publish","type":"post","link":"https:\/\/sol.fm.br\/radio\/vigilancia-sanitaria-do-estado-reforca-acoes-contra-a-gripe-aviaria-em-santa-vitoria-do-palmar-e-chui\/","title":{"rendered":"Vigil\u00e2ncia sanit\u00e1ria do Estado refor\u00e7a a\u00e7\u00f5es contra a gripe avi\u00e1ria em Santa Vit\u00f3ria do Palmar e Chu\u00ed"},"content":{"rendered":"<div id=\"dslc-theme-content\"><div id=\"dslc-theme-content-inner\"><p class=\"artigo__subtitulo\" style=\"text-align: center;\"><em>Secretaria da Agricultura capacitou agentes de endemias e alinhou a\u00e7\u00f5es com autoridades locais<\/em><\/p>\n<p>Desde a detec\u00e7\u00e3o do primeiro caso de Influenza Avi\u00e1ria de Alta Patogenicidade (H5N1) em aves silvestres este ano, o governo do Estado, por meio do Departamento de Vigil\u00e2ncia e Defesa Sanit\u00e1ria Animal (DDA) da Secretaria da Agricultura, Pecu\u00e1ria, Produ\u00e7\u00e3o Sustent\u00e1vel e Irriga\u00e7\u00e3o (Seapi) intensificou as a\u00e7\u00f5es de vigil\u00e2ncia sanit\u00e1ria na regi\u00e3o Sul do Estado. O foco foi registrado em 28 de fevereiro, na Reserva do Taim, em Santa Vit\u00f3ria do Palmar.<\/p>\n<p>Nesta segunda-feira (9\/3), equipes da Seapi capacitaram 51 agentes de endemias, sa\u00fade e controle epidemiol\u00f3gico do munic\u00edpio de Santa Vit\u00f3ria do Palmar. A agenda tamb\u00e9m incluiu reuni\u00e3o com a Prefeitura de Chu\u00ed. O objetivo foi apresentar informa\u00e7\u00f5es atualizadas sobre a situa\u00e7\u00e3o sanit\u00e1ria e alinhar estrat\u00e9gias de preven\u00e7\u00e3o e controle do foco da doen\u00e7a.<\/p>\n<p>Segundo a fiscal agropecu\u00e1ria do DDA, Rosane Collares, a articula\u00e7\u00e3o com os munic\u00edpios e a qualifica\u00e7\u00e3o de profissionais que atuam diretamente nas comunidades fortalecem a vigil\u00e2ncia. <em>\u201cNa sexta-feira (6\/3) realizamos reuni\u00e3o com a Prefeitura de Santa Vit\u00f3ria do Palmar. Hoje estivemos em Chu\u00ed para alinhar informa\u00e7\u00f5es com as autoridades da regi\u00e3o\u201d,<\/em> ressalta.\u00a0<\/p>\n<p>J\u00e1 o treinamento reuniu agentes de endemias, profissionais da sa\u00fade e integrantes da Estrat\u00e9gia Sa\u00fade da Fam\u00edlia. \u201c<em>Esses profissionais atuam diretamente nas resid\u00eancias e ser\u00e3o importantes multiplicadores de informa\u00e7\u00e3o, devido \u00e0 sua ampla presen\u00e7a nas comunidades\u201d<\/em>, acrescenta Rosane.<\/p>\n<ul>\n<li><a href=\"https:\/\/www.estado.rs.gov.br\/governo-do-estado-finaliza-visitas-nas-propriedades-da-regiao-do-foco-de-gripe-aviaria-em-aves-silvestres\" target=\"_blank\" rel=\"noopener\"><strong>Governo do Estado finaliza visitas nas propriedades da regi\u00e3o do foco de gripe avi\u00e1ria em aves silvestres<br \/><br \/><\/strong><\/a><\/li>\n<\/ul>\n<figure class=\"artigo__ilustracao\"><a href=\"https:\/\/estado.rs.gov.br\/upload\/recortes\/202603\/09154537_2257002_GDO.jpg\" data-credito=\" Fernando Dias\/Ascom Seapi\" data-urlamigavel=\"\/midia\/imagem\/gripe-aviaria-b-servidores-do-estado-usam-drones-para-monitorar-a-regiao-do-foco-da-gripe-aviaria-na-reserva-do-taim-jpg\" data-legenda=\"Servidores do Estado usam drones para monitorar a regi\u00e3o do foco da gripe avi\u00e1ria, na Reserva do Taim\" data-label-credito=\"Foto: \"><img loading=\"lazy\" decoding=\"async\" class=\"img-responsive aligncenter\" src=\"https:\/\/estado.rs.gov.br\/upload\/recortes\/202603\/09154537_2257002_GDO.jpg\" alt=\"Foto mostra um servidor operando um drone que sobrevoa a lagoa. Ele est\u00e1 na ponta de um trapiche de madeira, que sai de uma \u00e1rea com gramado e adentra a lagoa. Ao fundo, a lagoa e o c\u00e9u, bastante nublado.  \" width=\"756\" height=\"425\" \/><\/a>\n<figcaption class=\"artigo__ilustracao__legenda\"><\/figcaption>\n<\/figure>\n<p><b>Educa\u00e7\u00e3o sanit\u00e1ria<\/b><\/p>\n<p><b><\/b>O m\u00e9dico veterin\u00e1rio Felipe Campos, coordenador de Educa\u00e7\u00e3o Sanit\u00e1ria da Seapi, explica que as a\u00e7\u00f5es educativas ocorrem de forma cont\u00ednua e est\u00e3o integradas \u00e0s atividades de vigil\u00e2ncia em campo. Segundo ele, o trabalho inclui contato direto com a comunidade e reuni\u00f5es com gestores das \u00e1reas de educa\u00e7\u00e3o, sa\u00fade, meio ambiente, agricultura e defesa civil, realizadas de forma presencial e on-line.<\/p>\n<p>\u00a0\u201c<em>A atua\u00e7\u00e3o seguir\u00e1 nas comunidades por meio de orienta\u00e7\u00f5es t\u00e9cnicas voltadas a esclarecer a popula\u00e7\u00e3o e refor\u00e7ar a import\u00e2ncia de utilizar nossos canais oficiais de comunica\u00e7\u00e3o. Paralelamente, estamos estruturando um cronograma de atividades educativas nas escolas da regi\u00e3o<\/em>\u201d, informa.<\/p>\n<p>A educa\u00e7\u00e3o sanit\u00e1ria \u00e9 considerada um componente essencial da defesa agropecu\u00e1ria, tanto na preven\u00e7\u00e3o quanto no enfrentamento de doen\u00e7as. Em situa\u00e7\u00f5es de foco, essa estrat\u00e9gia ganha ainda mais relev\u00e2ncia, pois conscientiza a popula\u00e7\u00e3o sobre seu papel e contribui para o sucesso das a\u00e7\u00f5es de resposta e controle sanit\u00e1rio.<\/p>\n<ul>\n<li><strong><a href=\"https:\/\/www.estado.rs.gov.br\/rs-registra-foco-de-gripe-aviaria-em-aves-silvestres-na-reserva-do-taim-mas-condicao-nao-afeta-comercio-de-produtos-avicolas\" target=\"_blank\" rel=\"noopener\">RS registra foco de gripe avi\u00e1ria em aves silvestres na Reserva do Taim, mas condi\u00e7\u00e3o n\u00e3o afeta com\u00e9rcio de produtos av\u00edcolas<\/a><\/strong><br \/><br \/><\/li>\n<\/ul>\n<figure class=\"artigo__ilustracao\"><a href=\"https:\/\/estado.rs.gov.br\/upload\/recortes\/202603\/09155036_2257013_GDO.jpeg\" data-credito=\"Ascom Seapi\" data-urlamigavel=\"\/midia\/imagem\/gripe-aviaria-c-treinamento-dos-agentes-de-endemias-acontece-nesta-segunda-feira-jpeg\" data-legenda=\"Treinamento capacitou agentes de endemias, profissionais da sa\u00fade e integrantes da Estrat\u00e9gia Sa\u00fade da Fam\u00edlia dos 2 munic\u00edpios\" data-label-credito=\"Foto: \"><img loading=\"lazy\" decoding=\"async\" class=\"img-responsive aligncenter\" src=\"https:\/\/estado.rs.gov.br\/upload\/recortes\/202603\/09155036_2257013_GDO.jpeg\" alt=\"Foto mostra palestrante no treinamento. Ela fala para uma plateia cheia de profissionais.\" width=\"767\" height=\"390\" \/><\/a>\n<figcaption class=\"artigo__ilustracao__legenda\"><\/figcaption>\n<\/figure>\n<p><b>Atua\u00e7\u00e3o integrada<\/b><\/p>\n<p><b><\/b>O Servi\u00e7o Veterin\u00e1rio Oficial do Rio Grande do Sul (SVO-RS), em parceria com equipes do Instituto Chico Mendes de Conserva\u00e7\u00e3o da Biodiversidade (ICMBio) e do Minist\u00e9rio da Agricultura e Pecu\u00e1ria (Mapa), atua de forma integrada na Lagoa da Mangueira, onde foi identificado o foco em aves silvestres da esp\u00e9cie Coscoroba, conhecida como cisne-coscoroba. At\u00e9 o momento, s\u00e3o 20 cisnes e uma gar\u00e7a-moura encontrados com a doen\u00e7a.\u00a0<\/p>\n<p>Entre as a\u00e7\u00f5es realizadas, est\u00e3o vistorias em campo para monitoramento de aves. S\u00e3o utilizados barcos e drones\u00a0para supervisionar a lagoa e a \u00e1rea do foco. As amostras coletadas s\u00e3o encaminhadas ao Laborat\u00f3rio Federal de Defesa Agropecu\u00e1ria de Campinas (LFDA-SP), unidade de refer\u00eancia da Organiza\u00e7\u00e3o Mundial de Sa\u00fade Animal (OMSA), que confirma ou n\u00e3o presen\u00e7a do v\u00edrus.<\/p>\n<ul>\n<li><a href=\"https:\/\/www.estado.rs.gov.br\/governo-do-estado-realiza-vistorias-em-propriedades-no-entorno-do-foco-de-gripe-aviaria-em-santa-vitoria-do-palmar\" target=\"_blank\" rel=\"noopener\"><strong>Governo do Estado realiza vistorias em propriedades no entorno do foco de gripe avi\u00e1ria, em Santa Vit\u00f3ria do Palmar<\/strong><\/a><br \/><br \/><\/li>\n<\/ul>\n<p><b>Casos suspeitos<\/b><\/p>\n<p><b><\/b>A Seapi orienta que qualquer suspeita da doen\u00e7a nos animais \u2014 caracterizada por sinais respirat\u00f3rios ou neurol\u00f3gicos, al\u00e9m de mortalidade s\u00fabita e elevada em aves \u2014 seja comunicada imediatamente.\u00a0As notifica\u00e7\u00f5es podem ser feitas nas Inspetorias ou Escrit\u00f3rios de Defesa Agropecu\u00e1ria, pelo sistema e-Sisbravet ou pelo WhatsApp (51) 98445-2033.<\/p>\n<hr \/>\n<h6><strong>GOV RS | Texto: Elstor Hanzen\/Ascom Seapi | Edi\u00e7\u00e3o: Secom | Foto: Fernando Dias\/Ascom Seapi<\/strong><\/h6>\n\n\n<center><iframe loading=\"lazy\" class=\"jmvplayer\" src=\"https:\/\/player.jmvstream.com\/lvw\/YYGWo5wfZuZ8fEW7Qoq1ISwhLSEDhU\" allowfullscreen allow=\"autoplay; fullscreen\" frameborder=\"0\" width=\"640\" height=\"360\" ><\/iframe><\/center>\n<\/div><\/div>","protected":false},"excerpt":{"rendered":"<p>Secretaria da Agricultura capacitou agentes de endemias e alinhou a\u00e7\u00f5es com autoridades locais Desde a detec\u00e7\u00e3o do primeiro caso de Influenza Avi\u00e1ria de Alta Patogenicidade (H5N1) em aves silvestres este ano, o governo do Estado, por meio do Departamento de Vigil\u00e2ncia e Defesa Sanit\u00e1ria Animal (DDA) da Secretaria da Agricultura, Pecu\u00e1ria, Produ\u00e7\u00e3o Sustent\u00e1vel e Irriga\u00e7\u00e3o [&hellip;]<\/p>\n","protected":false},"author":4,"featured_media":83238,"comment_status":"open","ping_status":"open","sticky":false,"template":"","format":"standard","meta":{"footnotes":""},"categories":[1],"tags":[],"class_list":["post-83237","post","type-post","status-publish","format-standard","has-post-thumbnail","hentry","category-sem-categoria"],"_links":{"self":[{"href":"https:\/\/sol.fm.br\/radio\/wp-json\/wp\/v2\/posts\/83237","targetHints":{"allow":["GET"]}}],"collection":[{"href":"https:\/\/sol.fm.br\/radio\/wp-json\/wp\/v2\/posts"}],"about":[{"href":"https:\/\/sol.fm.br\/radio\/wp-json\/wp\/v2\/types\/post"}],"author":[{"embeddable":true,"href":"https:\/\/sol.fm.br\/radio\/wp-json\/wp\/v2\/users\/4"}],"replies":[{"embeddable":true,"href":"https:\/\/sol.fm.br\/radio\/wp-json\/wp\/v2\/comments?post=83237"}],"version-history":[{"count":1,"href":"https:\/\/sol.fm.br\/radio\/wp-json\/wp\/v2\/posts\/83237\/revisions"}],"predecessor-version":[{"id":83239,"href":"https:\/\/sol.fm.br\/radio\/wp-json\/wp\/v2\/posts\/83237\/revisions\/83239"}],"wp:featuredmedia":[{"embeddable":true,"href":"https:\/\/sol.fm.br\/radio\/wp-json\/wp\/v2\/media\/83238"}],"wp:attachment":[{"href":"https:\/\/sol.fm.br\/radio\/wp-json\/wp\/v2\/media?parent=83237"}],"wp:term":[{"taxonomy":"category","embeddable":true,"href":"https:\/\/sol.fm.br\/radio\/wp-json\/wp\/v2\/categories?post=83237"},{"taxonomy":"post_tag","embeddable":true,"href":"https:\/\/sol.fm.br\/radio\/wp-json\/wp\/v2\/tags?post=83237"}],"curies":[{"name":"wp","href":"https:\/\/api.w.org\/{rel}","templated":true}]}}