{"id":83240,"date":"2026-03-10T14:49:44","date_gmt":"2026-03-10T17:49:44","guid":{"rendered":"http:\/\/sol.fm.br\/radio\/?p=83240"},"modified":"2026-03-10T14:49:46","modified_gmt":"2026-03-10T17:49:46","slug":"31o-veiling-market-aponta-tendencias-do-mercado-para-assegurar-o-futuro-da-floricultura-brasileira","status":"publish","type":"post","link":"https:\/\/sol.fm.br\/radio\/31o-veiling-market-aponta-tendencias-do-mercado-para-assegurar-o-futuro-da-floricultura-brasileira\/","title":{"rendered":"31\u00ba Veiling Market aponta tend\u00eancias do mercado para assegurar o futuro da floricultura brasileira"},"content":{"rendered":"<div id=\"dslc-theme-content\"><div id=\"dslc-theme-content-inner\"><p style=\"text-align: center;\"><i data-olk-copy-source=\"MessageBody\">O pesquisador, idealizador e curador da Vitrine de Tend\u00eancias, H\u00e9lio Junqueira, revisitou o passado para recuperar possibilidades ainda n\u00e3o exploradas para fomentar o futuro do consumo de flores e plantas ornamentais no Brasil. O espa\u00e7o \u00e9 uma das atra\u00e7\u00f5es do evento que acontece nos dias 12 e 13 de mar\u00e7o na Cooperativa Veiling Holambra, e foi cenograficamente transformado no Pal\u00e1cio de Cristal de Petr\u00f3polis (RJ), como s\u00edmbolo do resgate de esp\u00e9cies associadas \u00e0s eras da Reg\u00eancia e Vitoriana e ao Brasil Imp\u00e9rio. Entre as flores e plantas \"resgatadas\" est\u00e3o as hort\u00eansias, as cam\u00e9lias, a costela-de-ad\u00e3o, os cris\u00e2ntemos, as antigas rosas de jardim e as d\u00e1lias, entre outras.<\/i><\/p>\n<div>\n<p>A Vitrine de Tend\u00eancias do 31\u00ba Veiling Market, que acontece nos dias 12 e 13 de mar\u00e7o, na Cooperativa Veiling Holambra, convida o setor a olhar para o futuro a partir de um movimento que ganha for\u00e7a no comportamento do consumidor: a nostalgia e a reconex\u00e3o com a natureza. Idealizada e curada pelo pesquisador H\u00e9lio Junqueira, a Vitrine foi cenograficamente inspirada no Pal\u00e1cio de Cristal de Petr\u00f3polis (RJ), como refer\u00eancia \u00e0s est\u00e9ticas da Reg\u00eancia, da Era Vitoriana e do Brasil Imp\u00e9rio, refor\u00e7ando a ideia de que revisitar o passado pode revelar possibilidades ainda pouco exploradas no mercado nacional.\u00a0No espa\u00e7o, ganham protagonismo flores e plantas ornamentais com forte apelo afetivo e potencial comercial, apresentadas tanto no cultivo tradicional quanto em composi\u00e7\u00f5es alinhadas \u00e0 arte floral contempor\u00e2nea. A sele\u00e7\u00e3o inclui hort\u00eansias, cam\u00e9lias, orqu\u00eddeas, antigas rosas de jardim, d\u00e1lias, cris\u00e2ntemos, z\u00ednias e s\u00e1lvias, al\u00e9m de ar\u00e1ceas nacionais como filodendros, ant\u00farios e tinhor\u00f5es (Caladium) e a costela-de-ad\u00e3o (Monstera) revisitada em propostas atuais.<\/p>\n<p><strong>Laborat\u00f3rio para produtores<\/strong><\/p>\n<p>Ao reproduzir uma das alas laterais do monumento petropolitano, o espa\u00e7o cria uma experi\u00eancia imersiva que conecta passado e futuro, tradi\u00e7\u00e3o e inova\u00e7\u00e3o, mem\u00f3ria e mercado. No entanto, mais do que uma ambienta\u00e7\u00e3o hist\u00f3rica, a Vitrine de Tend\u00eancias reafirma seu papel como laborat\u00f3rio estrat\u00e9gico para produtores, melhoristas, atacadistas, floristas e varejistas.<em>\u00a0\u201cVoltar no tempo \u00e9 reencontrar sonhos que podem reflorescer dentro de um movimento que reflete a busca atual por nostalgia, natureza e reconex\u00e3o emocional. As heran\u00e7as do s\u00e9culo IXX podem ser revividas em arranjos bot\u00e2nicos diversos, que rompem com a rigidez e a simetria, valorizando o ex\u00f3tico e o natural\u201d<\/em>, explica.<\/p>\n<p>De acordo com o pesquisador, em um cen\u00e1rio global marcado por hiperconectividade, ansiedade e m\u00faltiplas crises, a nostalgia emerge como fen\u00f4meno cultural estruturante. A busca por ref\u00fagio emocional e reconex\u00e3o com a natureza impulsiona o consumo de flores que evocam mem\u00f3ria, afeto e perman\u00eancia. \u201c<em>A influ\u00eancia da cultura pop tamb\u00e9m desempenha papel relevante nesse movimento. S\u00e9ries de grande repercuss\u00e3o, como Bridgerton, ajudam a acelerar tend\u00eancias ao difundir uma est\u00e9tica rom\u00e2ntica, ornamental e aspiracional que encontra eco direto na floricultura e no paisagismo contempor\u00e2neos\u201d,<\/em> observa o professor. <em>\"Assim, as tend\u00eancias s\u00e3o inspiradas no passado, mas recebem novas leituras est\u00e9ticas para criar oportunidades estrat\u00e9gicas de neg\u00f3cios para a cadeia produtiva de flores e plantas<\/em>\u201d, complementa.<\/p>\n<div class=\"R1UVb\">\n<div class=\"qF8_5\"><button class=\"fui-Button r1f29ykk wD8TJ ___1cf351u f1c21dwh f1p3nwhy f11589ue f1q5o8ev f1pdflbu fkfq4zb fjxutwb f1s2uweq fr80ssc f1ukrpxl fecsdlb f139oj5f ft1hn21 fuxngvv fkoldzo fhvnf4x fb6swo4 f1klyf7k f232fm2 f1l983o9 f1nhwcv0 f1gm6xmp fxoo9op f1v3eptx f1i0gk12 fd4bjan f18ktai2 fwbmr0d f44c6la\" title=\"Mostrar tamanho original\" type=\"button\" aria-label=\"Mostrar tamanho original\"><span class=\"fui-Button__icon rywnvv2\"><i class=\"fui-Icon-font ___qaf4230 f14t3ns0 fne0op0 fmd4ok8 f303qgw f1sxfq9t\" aria-hidden=\"true\">\ue10f<\/i><\/span><\/button><\/div>\n<table border=\"1\">\n<tbody>\n<tr>\n<td colspan=\"1\" rowspan=\"1\"><img decoding=\"async\" src=\"https:\/\/files.pressmanager.net\/clientes\/e0d3ba35d0876d6fef497534efa74f5d\/imagens\/2026\/03\/05\/bc147951b4a389a5fed56823178cd548_medium.jpg\" alt=\"\" data-imagetype=\"External\" \/><\/td>\n<td colspan=\"1\" rowspan=\"1\"><img decoding=\"async\" src=\"https:\/\/files.pressmanager.net\/clientes\/e0d3ba35d0876d6fef497534efa74f5d\/imagens\/2026\/03\/05\/965701667d1a7af311fe2377aa1a4d54_medium.jpg\" alt=\"\" data-imagetype=\"External\" \/><\/td>\n<\/tr>\n<\/tbody>\n<\/table>\n<\/div>\n<p><strong>Revival bot\u00e2nico<\/strong><\/p>\n<p>O resultado \u00e9 uma est\u00e9tica que combina rigor bot\u00e2nico e liberdade criativa, caracter\u00edstica marcante da bot\u00e2nica vitoriana. Mais do que nostalgia, a proposta aponta para um movimento contempor\u00e2neo consistente: o resgate de esp\u00e9cies tradicionais e o retorno de composi\u00e7\u00f5es exuberantes, multiespec\u00edficas e assim\u00e9tricas, que celebram diversidade, frescor e naturalidade. Entre as tend\u00eancias est\u00e3o:<\/p>\n<p><em><strong>Hort\u00eansias<\/strong> <\/em>- s\u00edmbolo dos jardins cl\u00e1ssicos e da paisagem serrana;<\/p>\n<p><em><strong>Cam\u00e9lias<\/strong> <\/em>- \u00edcone ornamental e hist\u00f3rico do Segundo Reinado;<\/p>\n<p><em><strong>Orqu\u00eddeas<\/strong> <\/em>- que unem exotismo tropical e sofistica\u00e7\u00e3o;<\/p>\n<p><em><strong>Costela-de-ad\u00e3o (Monstera)<\/strong><\/em> - revisitada em composi\u00e7\u00f5es contempor\u00e2neas;<\/p>\n<p><em><strong>Antigas rosas de jardim<\/strong><\/em> - com formas mais naturais e fragr\u00e2ncias marcantes;<\/p>\n<p><em><strong>D\u00e1lias<\/strong> <\/em>- de geometrias exuberantes e cores intensas;<\/p>\n<p><em><strong>Cris\u00e2ntemos<\/strong> <\/em>- reinterpretados em propostas modernas;<\/p>\n<p><em><strong>Z\u00ednias e s\u00e1lvias<\/strong><\/em> - que refor\u00e7am a est\u00e9tica campestre;<\/p>\n<p><em><strong>Ar\u00e1ceas nacionais<\/strong><\/em> - com destaque para filodendros e ant\u00farios nativos;<\/p>\n<p><em><strong>Tinhor\u00f5es (Caladium SP.)<\/strong> <\/em>- valorizados por sua folhagem ornamental vibrante.<\/p>\n<div class=\"R1UVb\">\n<div class=\"qF8_5\"><button class=\"fui-Button r1f29ykk wD8TJ ___1cf351u f1c21dwh f1p3nwhy f11589ue f1q5o8ev f1pdflbu fkfq4zb fjxutwb f1s2uweq fr80ssc f1ukrpxl fecsdlb f139oj5f ft1hn21 fuxngvv fkoldzo fhvnf4x fb6swo4 f1klyf7k f232fm2 f1l983o9 f1nhwcv0 f1gm6xmp fxoo9op f1v3eptx f1i0gk12 fd4bjan f18ktai2 fwbmr0d f44c6la\" title=\"Mostrar tamanho original\" type=\"button\" aria-label=\"Mostrar tamanho original\"><span class=\"fui-Button__icon rywnvv2\"><i class=\"fui-Icon-font ___qaf4230 f14t3ns0 fne0op0 fmd4ok8 f303qgw f1sxfq9t\" aria-hidden=\"true\">\ue10f<\/i><\/span><\/button><\/div>\n<table border=\"1\">\n<tbody>\n<tr>\n<td colspan=\"1\" rowspan=\"1\"><img decoding=\"async\" src=\"https:\/\/files.pressmanager.net\/clientes\/e0d3ba35d0876d6fef497534efa74f5d\/imagens\/2026\/03\/05\/8b8f395703a5cf0f86adc590a67d1fa1_medium.jpg\" alt=\"\" data-imagetype=\"External\" \/><\/td>\n<td colspan=\"1\" rowspan=\"1\"><img decoding=\"async\" src=\"https:\/\/files.pressmanager.net\/clientes\/e0d3ba35d0876d6fef497534efa74f5d\/imagens\/2026\/03\/05\/9aa60088bb387dafb4ab87bf96d141f3_medium.jpg\" alt=\"\" data-imagetype=\"External\" \/><\/td>\n<\/tr>\n<\/tbody>\n<\/table>\n<\/div>\n<p><strong>Sobre o Veiling Market<\/strong><\/p>\n<p>A 31\u00aa edi\u00e7\u00e3o da feira de neg\u00f3cios Veiling Market acontece nos dias 12 e 13 de mar\u00e7o e re\u00fane 183 expositores. Al\u00e9m de neg\u00f3cios voltados \u00e0s principais datas do primeiro semestre, como Dia das M\u00e3es e Dia dos Namorados, o evento traz o N\u00facleo de Tend\u00eancias com variedades, cores e conceitos alinhados \u00e0s demandas do varejo especializado e do mercado. As empresas de melhoramento gen\u00e9tico apresentam os cultivares com alto potencial comercial para os pr\u00f3ximos anos. O evento \u00e9 inspirado na tradicional Trade Fair Aalsmeer, da Holanda.<\/p>\n<p><strong>Sobre o Veiling Holambra<\/strong><\/p>\n<p>O Veiling Holambra \u00e9 o mais completo centro comercial e log\u00edstico de flores e plantas do Brasil, com mais de 180 mil m\u00b2 de \u00e1rea, sendo refer\u00eancia no mercado nacional. Com 36 anos de hist\u00f3ria, a cooperativa re\u00fane mais de 470 produtores cooperados e atende mais de mil clientes ativos em todo o territ\u00f3rio nacional.<\/p>\n<p aria-hidden=\"true\">\u00a0<\/p>\n<p><strong>Servi\u00e7o<\/strong><\/p>\n<p><strong>Veiling Market - 31\u00aa edi\u00e7\u00e3o<\/strong><\/p>\n<p><strong>Datas e hor\u00e1rios<\/strong>:\u00a0 dia 12\/03 \u2013 das 8h \u00e0s 17h e dia 13\/03 \u2013 das 8h \u00e0s 16h<\/p>\n<p><strong>Local:<\/strong>\u00a0Cooperativa Veiling Holambra<\/p>\n<p><strong>Endere\u00e7o:<\/strong>\u00a0Rodovia SP-107, km 27 \u2013 Santo Ant\u00f4nio de Posse (SP)<\/p>\n<p><strong>Inscri\u00e7\u00f5es:<\/strong>\u00a0gratuitas no link www.veiling.com.br\/vmkt<\/p>\n<hr \/>\n<h6><strong>Ateli\u00ea da Not\u00edcia | Fotos: Divulga\u00e7\u00e3o - foto fornecida pela CVH, Divulga\u00e7\u00e3o - foto fornecida pelo produtor Jhon Korsteen<\/strong><\/h6>\n<\/div>\n\n\n<center><iframe loading=\"lazy\" class=\"jmvplayer\" src=\"https:\/\/player.jmvstream.com\/lvw\/YYGWo5wfZuZ8fEW7Qoq1ISwhLSEDhU\" allowfullscreen allow=\"autoplay; fullscreen\" frameborder=\"0\" width=\"640\" height=\"360\" ><\/iframe><\/center>\n<\/div><\/div>","protected":false},"excerpt":{"rendered":"<p>O pesquisador, idealizador e curador da Vitrine de Tend\u00eancias, H\u00e9lio Junqueira, revisitou o passado para recuperar possibilidades ainda n\u00e3o exploradas para fomentar o futuro do consumo de flores e plantas ornamentais no Brasil. O espa\u00e7o \u00e9 uma das atra\u00e7\u00f5es do evento que acontece nos dias 12 e 13 de mar\u00e7o na Cooperativa Veiling Holambra, e [&hellip;]<\/p>\n","protected":false},"author":4,"featured_media":83241,"comment_status":"open","ping_status":"open","sticky":false,"template":"","format":"standard","meta":{"footnotes":""},"categories":[1],"tags":[],"class_list":["post-83240","post","type-post","status-publish","format-standard","has-post-thumbnail","hentry","category-sem-categoria"],"_links":{"self":[{"href":"https:\/\/sol.fm.br\/radio\/wp-json\/wp\/v2\/posts\/83240","targetHints":{"allow":["GET"]}}],"collection":[{"href":"https:\/\/sol.fm.br\/radio\/wp-json\/wp\/v2\/posts"}],"about":[{"href":"https:\/\/sol.fm.br\/radio\/wp-json\/wp\/v2\/types\/post"}],"author":[{"embeddable":true,"href":"https:\/\/sol.fm.br\/radio\/wp-json\/wp\/v2\/users\/4"}],"replies":[{"embeddable":true,"href":"https:\/\/sol.fm.br\/radio\/wp-json\/wp\/v2\/comments?post=83240"}],"version-history":[{"count":1,"href":"https:\/\/sol.fm.br\/radio\/wp-json\/wp\/v2\/posts\/83240\/revisions"}],"predecessor-version":[{"id":83242,"href":"https:\/\/sol.fm.br\/radio\/wp-json\/wp\/v2\/posts\/83240\/revisions\/83242"}],"wp:featuredmedia":[{"embeddable":true,"href":"https:\/\/sol.fm.br\/radio\/wp-json\/wp\/v2\/media\/83241"}],"wp:attachment":[{"href":"https:\/\/sol.fm.br\/radio\/wp-json\/wp\/v2\/media?parent=83240"}],"wp:term":[{"taxonomy":"category","embeddable":true,"href":"https:\/\/sol.fm.br\/radio\/wp-json\/wp\/v2\/categories?post=83240"},{"taxonomy":"post_tag","embeddable":true,"href":"https:\/\/sol.fm.br\/radio\/wp-json\/wp\/v2\/tags?post=83240"}],"curies":[{"name":"wp","href":"https:\/\/api.w.org\/{rel}","templated":true}]}}