{"id":83290,"date":"2026-03-11T10:53:58","date_gmt":"2026-03-11T13:53:58","guid":{"rendered":"http:\/\/sol.fm.br\/radio\/?p=83290"},"modified":"2026-03-11T10:54:03","modified_gmt":"2026-03-11T13:54:03","slug":"livro-de-memorias-de-guilherme-afif-revela-bastidores-da-construcao-de-um-brasil-empreendedor","status":"publish","type":"post","link":"https:\/\/sol.fm.br\/radio\/livro-de-memorias-de-guilherme-afif-revela-bastidores-da-construcao-de-um-brasil-empreendedor\/","title":{"rendered":"Livro de mem\u00f3rias\u00a0de Guilherme\u00a0Afif\u00a0revela\u00a0bastidores da\u00a0constru\u00e7\u00e3o de\u00a0um Brasil empreendedor"},"content":{"rendered":"<div id=\"dslc-theme-content\"><div id=\"dslc-theme-content-inner\"><p style=\"text-align: center;\"><i data-olk-copy-source=\"MessageBody\">Autor do artigo 179 da Constitui\u00e7\u00e3o, base que criou o Simples\u00a0e o MEI, empres\u00e1rio e ex-ministro\u00a0resgata detalhes\u00a0de trajet\u00f3ria marcada pela defesa de quem empreende<\/i><\/p>\n<div>\n<p>Juntos chegaremos l\u00e1!,\u00a0livro de mem\u00f3rias\u00a0de\u00a0Guilherme Afif Domingos, chega ao p\u00fablico como relato pessoal e pol\u00edtico de quem\u00a0viveu\u00a0momentos decisivos da hist\u00f3ria recente do Brasil. Publicada pela\u00a0Matrix Editora, a obra combina\u00a0diversas lembran\u00e7as do autor, bastidores do poder e reflex\u00e3o sobre o desenvolvimento nacional a partir de um eixo central: o papel das micro, pequenas e m\u00e9dias empresas na constru\u00e7\u00e3o do pa\u00eds.\u00a0<\/p>\n<p>Administrador, empres\u00e1rio e protagonista da vida p\u00fablica brasileira desde a Constituinte de 1988.\u00a0Afif foi\u00a0deputado federal,\u00a0entre 1987 e 1991,\u00a0vice-governador de S\u00e3o Paulo, entre 2011 e 2014, ministro-chefe da Secretaria da Micro e Pequena Empresa da Presid\u00eancia da Rep\u00fablica, entre 2013 e 2015, e presidiu o Sebrae Nacional, entre 2015 e 2018.\u00a0Hoje, atua como\u00a0Secret\u00e1rio de Projetos Estrat\u00e9gicos do Estado de S\u00e3o Paulo.\u00a0<\/p>\n<p>Ele\u00a0revisita oito d\u00e9cadas de transforma\u00e7\u00f5es pol\u00edticas, econ\u00f4micas e sociais por meio de sua pr\u00f3pria trajet\u00f3ria.\u00a0No centro do livro est\u00e1 a luta pela inclus\u00e3o do artigo 179, de sua autoria,\u00a0na Constitui\u00e7\u00e3o Federal. A conquista\u00a0garantiu tratamento diferenciado \u00e0s micro e pequenas empresas e deu origem a pol\u00edticas\u00a0como o Simples e o MEI, hoje pilares da economia empreendedora brasileira.\u00a0<\/p>\n<p>Com linguagem direta, Afif reconstr\u00f3i\u00a0as movimenta\u00e7\u00f5es\u00a0intensas da Assembleia Nacional Constituinte, o surgimento do Centr\u00e3o, as articula\u00e7\u00f5es que redefiniram o equil\u00edbrio de for\u00e7as em Bras\u00edlia e os embates ideol\u00f3gicos que marcaram o per\u00edodo. O autor tamb\u00e9m revisita a ousada decis\u00e3o de disputar a Presid\u00eancia da Rep\u00fablica em 1989, em uma campanha independente e inovadora, que\u00a0resultou em mais de 3,2 milh\u00f5es de votos e eternizou o jingle \"Juntos chegaremos l\u00e1 \/ F\u00e9 no Brasil \/ Com Afif juntos chegaremos l\u00e1.\"\u00a0<\/p>\n<p>O livro, prefaciado por\u00a0Tarc\u00edsio de Freitas\u00a0e\u00a0Gilberto Kassab,\u00a0percorre ainda sua atua\u00e7\u00e3o \u00e0 frente da Associa\u00e7\u00e3o Comercial de S\u00e3o Paulo, do Sebrae nacional e em diferentes fun\u00e7\u00f5es executivas e ministeriais, sempre com foco na desburocratiza\u00e7\u00e3o, no est\u00edmulo \u00e0 livre iniciativa e na defesa de quem gera emprego e renda. Afif narra, com franqueza, confrontos pol\u00edticos emblem\u00e1ticos e mostra como sua atua\u00e7\u00e3o atravessou governos, crises e mudan\u00e7as de \u00e9poca sem perder coer\u00eancia de princ\u00edpios.\u00a0<\/p>\n<p>Estruturada\u00a0a partir da ideia dos \u201ctrint\u00eanios\u201d da vida, que contemplam\u00a0forma\u00e7\u00e3o, realiza\u00e7\u00e3o e sabedoria ativa,\u00a0o texto\u00a0apresenta\u00a0reflex\u00f5es sobre envelhecimento produtivo, legado p\u00fablico e a necessidade de manter projetos em movimento mesmo ap\u00f3s d\u00e9cadas de atua\u00e7\u00e3o. Ao compartilhar experi\u00eancias pessoais, familiares e profissionais, Afif constr\u00f3i um retrato do \u201cBrasil real\u201d, aquele vivido por comerciantes, produtores e pequenos empres\u00e1rios que sustentam a economia cotidiana do pa\u00eds.\u00a0<\/p>\n<p><strong>Juntos Chegaremos L\u00e1!<\/strong>\u00a0\u00e9, ao mesmo tempo, livro de mem\u00f3rias, documento hist\u00f3rico e manifesto em defesa do empreendedorismo como for\u00e7a de inclus\u00e3o social e desenvolvimento econ\u00f4mico. Uma leitura fundamental para quem deseja compreender\u00a0como as\u00a0grandes decis\u00f5es nacionais\u00a0s\u00e3o tomadas\u00a0e\u00a0solidificar a cren\u00e7a no\u00a0papel estrat\u00e9gico das pequenas empresas\u00a0para\u00a0a constru\u00e7\u00e3o de um Brasil que produz, acredita e n\u00e3o desiste.\u00a0<\/p>\n<p><strong>Ficha t\u00e9cnica<\/strong><\/p>\n<p><strong>T\u00edtulo<\/strong>:\u00a0Juntos chegaremos l\u00e1!<br clear=\"none\" \/><strong>Autoria<\/strong>:\u00a0Guilherme Afif Domingos\u00a0<br clear=\"none\" \/><strong>Editora<\/strong>: Matrix Editora\u00a0<br clear=\"none\" \/><strong>ISBN:\u00a0<\/strong>978-6556166537<br clear=\"none\" \/><strong>P\u00e1ginas<\/strong>: 179\u00a0<br clear=\"none\" \/><strong>Onde encontrar<\/strong>:\u00a0<a title=\"https:\/\/matrixeditora.com.br\/produtos\/juntos-chegaremos-la-pre-venda-envio-a-partir-de-27-02-14njk\/\" href=\"https:\/\/matrixeditora.com.br\/produtos\/juntos-chegaremos-la-pre-venda-envio-a-partir-de-27-02-14njk\/\" target=\"_blank\" rel=\"noreferrer noopener\" shape=\"rect\" data-auth=\"NotApplicable\" data-linkindex=\"0\">Matrix Editora<\/a>,\u00a0<a title=\"https:\/\/a.co\/d\/09TgyXWA\" href=\"https:\/\/a.co\/d\/09TgyXWA\" target=\"_blank\" rel=\"noreferrer noopener\" shape=\"rect\" data-auth=\"NotApplicable\" data-linkindex=\"1\">Amazon<\/a>\u00a0<\/p>\n<p><strong>Sobre\u00a0o\u00a0autor<\/strong>\u00a0<\/p>\n<p><img loading=\"lazy\" decoding=\"async\" class=\"wp-image-83292 alignleft\" src=\"http:\/\/sol.fm.br\/radio\/wp-content\/uploads\/2026\/03\/81-1-275x400.jpg\" alt=\"\" width=\"223\" height=\"324\" srcset=\"https:\/\/sol.fm.br\/radio\/wp-content\/uploads\/2026\/03\/81-1-275x400.jpg 275w, https:\/\/sol.fm.br\/radio\/wp-content\/uploads\/2026\/03\/81-1-768x1117.jpg 768w, https:\/\/sol.fm.br\/radio\/wp-content\/uploads\/2026\/03\/81-1.jpg 960w\" sizes=\"auto, (max-width: 223px) 100vw, 223px\" \/><\/p>\n<p><strong>Guilherme\u00a0Afif\u00a0Domingos\u00a0<\/strong>\u00e9 administrador de empresas, empres\u00e1rio e pol\u00edtico. Tornou-se nacionalmente conhecido nas elei\u00e7\u00f5es presidenciais de 1989, quando surpreendeu a todos pela expressiva vota\u00e7\u00e3o que recebeu,\u00a0em raz\u00e3o de sua atua\u00e7\u00e3o como deputado constituinte. Desde sempre \u00e9 defensor das micro, pequenas e m\u00e9dias empresas. \u00c9 o autor do artigo 179 da Constitui\u00e7\u00e3o, que foi a base que criou o Simples e o MEI \u2013 microempreendedor individual.\u00a0Foi vice-governador de S\u00e3o Paulo, entre 2011 e 2014, ministro-chefe da Secretaria da Micro e Pequena Empresa da Presid\u00eancia da Rep\u00fablica, entre 2013 e 2015, e presidiu o Sebrae Nacional, entre 2015 e 2018.\u00a0<\/p>\n<p>\u00a0<\/p>\n<p><strong>Sobre a Matrix Editora\u00a0<\/strong>\u00a0<\/p>\n<p>Apostar em novos talentos, formatos e leitores. Essa \u00e9 a marca da Matrix Editora, desde a sua funda\u00e7\u00e3o em 1999. A Matrix \u00e9 hoje uma das mais respeitadas editoras do pa\u00eds, com mais de 1.100 t\u00edtulos publicados e oito novos lan\u00e7amentos todos os meses. A editora se especializou em livros de n\u00e3o-fic\u00e7\u00e3o, como biografias e livros-reportagem, al\u00e9m de obras de neg\u00f3cios, motivacionais e livros infantis. Os t\u00edtulos editados pela Matrix s\u00e3o distribu\u00eddos para livrarias de todo o Brasil\u00a0e tamb\u00e9m\u00a0s\u00e3o comercializados no site\u00a0<a title=\"http:\/\/www.matrixeditora.com.br\/\" href=\"http:\/\/www.matrixeditora.com.br\/\" target=\"_blank\" rel=\"noreferrer noopener\" shape=\"rect\" data-auth=\"NotApplicable\" data-linkindex=\"4\">www.matrixeditora.com.br<\/a>.\u00a0\u00a0<\/p>\n<hr \/>\n<h6><strong>LC - Ag\u00eancia de Comunica\u00e7\u00e3o | Fotos: Divulga\u00e7\u00e3o<\/strong><\/h6>\n<\/div>\n\n\n<center><iframe loading=\"lazy\" class=\"jmvplayer\" src=\"https:\/\/player.jmvstream.com\/lvw\/YYGWo5wfZuZ8fEW7Qoq1ISwhLSEDhU\" allowfullscreen allow=\"autoplay; fullscreen\" frameborder=\"0\" width=\"640\" height=\"360\" ><\/iframe><\/center>\n<\/div><\/div>","protected":false},"excerpt":{"rendered":"<p>Autor do artigo 179 da Constitui\u00e7\u00e3o, base que criou o Simples\u00a0e o MEI, empres\u00e1rio e ex-ministro\u00a0resgata detalhes\u00a0de trajet\u00f3ria marcada pela defesa de quem empreende Juntos chegaremos l\u00e1!,\u00a0livro de mem\u00f3rias\u00a0de\u00a0Guilherme Afif Domingos, chega ao p\u00fablico como relato pessoal e pol\u00edtico de quem\u00a0viveu\u00a0momentos decisivos da hist\u00f3ria recente do Brasil. Publicada pela\u00a0Matrix Editora, a obra combina\u00a0diversas lembran\u00e7as do [&hellip;]<\/p>\n","protected":false},"author":4,"featured_media":83291,"comment_status":"open","ping_status":"open","sticky":false,"template":"","format":"standard","meta":{"footnotes":""},"categories":[1],"tags":[],"class_list":["post-83290","post","type-post","status-publish","format-standard","has-post-thumbnail","hentry","category-sem-categoria"],"_links":{"self":[{"href":"https:\/\/sol.fm.br\/radio\/wp-json\/wp\/v2\/posts\/83290","targetHints":{"allow":["GET"]}}],"collection":[{"href":"https:\/\/sol.fm.br\/radio\/wp-json\/wp\/v2\/posts"}],"about":[{"href":"https:\/\/sol.fm.br\/radio\/wp-json\/wp\/v2\/types\/post"}],"author":[{"embeddable":true,"href":"https:\/\/sol.fm.br\/radio\/wp-json\/wp\/v2\/users\/4"}],"replies":[{"embeddable":true,"href":"https:\/\/sol.fm.br\/radio\/wp-json\/wp\/v2\/comments?post=83290"}],"version-history":[{"count":1,"href":"https:\/\/sol.fm.br\/radio\/wp-json\/wp\/v2\/posts\/83290\/revisions"}],"predecessor-version":[{"id":83293,"href":"https:\/\/sol.fm.br\/radio\/wp-json\/wp\/v2\/posts\/83290\/revisions\/83293"}],"wp:featuredmedia":[{"embeddable":true,"href":"https:\/\/sol.fm.br\/radio\/wp-json\/wp\/v2\/media\/83291"}],"wp:attachment":[{"href":"https:\/\/sol.fm.br\/radio\/wp-json\/wp\/v2\/media?parent=83290"}],"wp:term":[{"taxonomy":"category","embeddable":true,"href":"https:\/\/sol.fm.br\/radio\/wp-json\/wp\/v2\/categories?post=83290"},{"taxonomy":"post_tag","embeddable":true,"href":"https:\/\/sol.fm.br\/radio\/wp-json\/wp\/v2\/tags?post=83290"}],"curies":[{"name":"wp","href":"https:\/\/api.w.org\/{rel}","templated":true}]}}