{"id":83294,"date":"2026-03-11T10:56:41","date_gmt":"2026-03-11T13:56:41","guid":{"rendered":"http:\/\/sol.fm.br\/radio\/?p=83294"},"modified":"2026-03-11T10:56:45","modified_gmt":"2026-03-11T13:56:45","slug":"fiergs-manifesta-preocupacao-com-riscos-ao-desabastecimento-de-combustiveis","status":"publish","type":"post","link":"https:\/\/sol.fm.br\/radio\/fiergs-manifesta-preocupacao-com-riscos-ao-desabastecimento-de-combustiveis\/","title":{"rendered":"FIERGS manifesta preocupa\u00e7\u00e3o com riscos ao desabastecimento de combust\u00edveis"},"content":{"rendered":"<div id=\"dslc-theme-content\"><div id=\"dslc-theme-content-inner\"><p>A Federa\u00e7\u00e3o das Ind\u00fastrias do Estado do Rio Grande do Sul (FIERGS) manifesta preocupa\u00e7\u00e3o com as recentes informa\u00e7\u00f5es sobre dificuldades na distribui\u00e7\u00e3o de combust\u00edveis no Estado. O abastecimento regular de diesel e de outros combust\u00edveis \u00e9 essencial para o funcionamento da ind\u00fastria, da log\u00edstica e das cadeias produtivas.<br \/><br \/>A preocupa\u00e7\u00e3o se intensifica diante dos relatos de produtores rurais e entidades do setor do agroneg\u00f3cio sobre a n\u00e3o entrega de diesel nos \u00faltimos dias por parte de transportadores revendedores retalhistas (TRRs). Em plena colheita da safra de ver\u00e3o, o desabastecimento j\u00e1 come\u00e7a a afetar as opera\u00e7\u00f5es no campo, al\u00e9m de elevar os custos de produ\u00e7\u00e3o.<br \/><br \/>Para a ind\u00fastria ga\u00facha, o tema \u00e9 motivo de aten\u00e7\u00e3o imediata. O Rio Grande do Sul possui forte integra\u00e7\u00e3o entre agropecu\u00e1ria e ind\u00fastria, com cadeias produtivas profundamente conectadas. O agroneg\u00f3cio, considerando suas diversas etapas, representa cerca de 40% do Produto Interno Bruto (PIB) do Estado, o que faz com que dificuldades no campo tenham reflexos diretos sobre a atividade industrial, a log\u00edstica e o abastecimento de insumos.<br \/><br \/>O cen\u00e1rio ganha ainda mais relev\u00e2ncia diante do agravamento das tens\u00f5es no Oriente M\u00e9dio, que t\u00eam impactado a oferta mundial de petr\u00f3leo. O fechamento do Estreito de Ormuz, aliado a bombardeios contra instala\u00e7\u00f5es petrol\u00edferas e infraestrutura de produ\u00e7\u00e3o, al\u00e9m das limita\u00e7\u00f5es log\u00edsticas decorrentes do conflito, contribui para ampliar as incertezas no mercado internacional de energia.<br \/><br \/>Segundo o presidente da FIERGS, Claudio Bier, a situa\u00e7\u00e3o exige aten\u00e7\u00e3o e monitoramento para evitar impactos mais amplos sobre a economia ga\u00facha.<br \/><br \/><em>\u201cA ind\u00fastria depende de energia e log\u00edstica para operar. Problemas no abastecimento de combust\u00edveis afetam o transporte de insumos, a distribui\u00e7\u00e3o de produtos e o funcionamento das cadeias produtivas. O fato de o setor agropecu\u00e1rio j\u00e1 estar enfrentando dificuldades no acesso ao diesel em um momento crucial como a colheita refor\u00e7a a preocupa\u00e7\u00e3o com poss\u00edveis efeitos em toda a economia do Estado\u201d,<\/em> afirma.<br \/><br \/>A FIERGS seguir\u00e1 acompanhando a evolu\u00e7\u00e3o da situa\u00e7\u00e3o e refor\u00e7a a import\u00e2ncia da atua\u00e7\u00e3o coordenada entre empresas do setor energ\u00e9tico e autoridades p\u00fablicas para assegurar a normalidade no abastecimento de combust\u00edveis e evitar preju\u00edzos \u00e0 atividade econ\u00f4mica.<\/p>\n<hr \/>\n<h6><strong>Sistema FIERGS | Comunica\u00e7\u00e3o - Ger\u00eancia de Comunica\u00e7\u00e3o Institucional<\/strong><\/h6>\n\n\n<center><iframe loading=\"lazy\" class=\"jmvplayer\" src=\"https:\/\/player.jmvstream.com\/lvw\/YYGWo5wfZuZ8fEW7Qoq1ISwhLSEDhU\" allowfullscreen allow=\"autoplay; fullscreen\" frameborder=\"0\" width=\"640\" height=\"360\" ><\/iframe><\/center>\n<\/div><\/div>","protected":false},"excerpt":{"rendered":"<p>A Federa\u00e7\u00e3o das Ind\u00fastrias do Estado do Rio Grande do Sul (FIERGS) manifesta preocupa\u00e7\u00e3o com as recentes informa\u00e7\u00f5es sobre dificuldades na distribui\u00e7\u00e3o de combust\u00edveis no Estado. O abastecimento regular de diesel e de outros combust\u00edveis \u00e9 essencial para o funcionamento da ind\u00fastria, da log\u00edstica e das cadeias produtivas. A preocupa\u00e7\u00e3o se intensifica diante dos relatos [&hellip;]<\/p>\n","protected":false},"author":4,"featured_media":83295,"comment_status":"open","ping_status":"open","sticky":false,"template":"","format":"standard","meta":{"footnotes":""},"categories":[1],"tags":[],"class_list":["post-83294","post","type-post","status-publish","format-standard","has-post-thumbnail","hentry","category-sem-categoria"],"_links":{"self":[{"href":"https:\/\/sol.fm.br\/radio\/wp-json\/wp\/v2\/posts\/83294","targetHints":{"allow":["GET"]}}],"collection":[{"href":"https:\/\/sol.fm.br\/radio\/wp-json\/wp\/v2\/posts"}],"about":[{"href":"https:\/\/sol.fm.br\/radio\/wp-json\/wp\/v2\/types\/post"}],"author":[{"embeddable":true,"href":"https:\/\/sol.fm.br\/radio\/wp-json\/wp\/v2\/users\/4"}],"replies":[{"embeddable":true,"href":"https:\/\/sol.fm.br\/radio\/wp-json\/wp\/v2\/comments?post=83294"}],"version-history":[{"count":1,"href":"https:\/\/sol.fm.br\/radio\/wp-json\/wp\/v2\/posts\/83294\/revisions"}],"predecessor-version":[{"id":83296,"href":"https:\/\/sol.fm.br\/radio\/wp-json\/wp\/v2\/posts\/83294\/revisions\/83296"}],"wp:featuredmedia":[{"embeddable":true,"href":"https:\/\/sol.fm.br\/radio\/wp-json\/wp\/v2\/media\/83295"}],"wp:attachment":[{"href":"https:\/\/sol.fm.br\/radio\/wp-json\/wp\/v2\/media?parent=83294"}],"wp:term":[{"taxonomy":"category","embeddable":true,"href":"https:\/\/sol.fm.br\/radio\/wp-json\/wp\/v2\/categories?post=83294"},{"taxonomy":"post_tag","embeddable":true,"href":"https:\/\/sol.fm.br\/radio\/wp-json\/wp\/v2\/tags?post=83294"}],"curies":[{"name":"wp","href":"https:\/\/api.w.org\/{rel}","templated":true}]}}