{"id":83305,"date":"2026-03-12T09:31:53","date_gmt":"2026-03-12T12:31:53","guid":{"rendered":"http:\/\/sol.fm.br\/radio\/?p=83305"},"modified":"2026-03-12T09:31:57","modified_gmt":"2026-03-12T12:31:57","slug":"caminhos-para-cadeias-de-soja-livres-de-desmatamento-ganham-destaque-em-debate-em-brasilia","status":"publish","type":"post","link":"https:\/\/sol.fm.br\/radio\/caminhos-para-cadeias-de-soja-livres-de-desmatamento-ganham-destaque-em-debate-em-brasilia\/","title":{"rendered":"Caminhos para cadeias de soja livres de desmatamento ganham destaque em debate em Bras\u00edlia"},"content":{"rendered":"<div id=\"dslc-theme-content\"><div id=\"dslc-theme-content-inner\"><p style=\"text-align: center;\"><em>Evento promovido pelo WWF-Brasil, em parceria com a Dinamarca, re\u00fane especialistas, como a Head de ESG e Comunica\u00e7\u00e3o da CJ Selecta, Patr\u00edcia Sugui, para discutir a implementa\u00e7\u00e3o de compromissos empresariais no setor<\/em><\/p>\n<p>Diante da crescente demanda global por cadeias agroindustriais mais transparentes e sustent\u00e1veis, o setor da soja tem intensificado esfor\u00e7os para alinhar produ\u00e7\u00e3o, rastreabilidade e compromissos ambientais. Press\u00f5es regulat\u00f3rias internacionais, como as novas regras europeias contra o desmatamento, e a aten\u00e7\u00e3o cada vez maior dos mercados \u00e0 origem das commodities t\u00eam acelerado a ado\u00e7\u00e3o de pr\u00e1ticas voltadas \u00e0 sustentabilidade e \u00e0 transpar\u00eancia na cadeia produtiva.<\/p>\n<p>Nesse contexto, a CJ Selecta participa do Evento de Encerramento da Parceria Scaling Up Sustainable Soy (SUSS) \u2013 Projeto Cerrado Vivo, iniciativa de coopera\u00e7\u00e3o entre Brasil e Dinamarca, que ser\u00e1 realizada no dia 12 de mar\u00e7o de 2026, na sede do WWF-Brasil, em Bras\u00edlia. O encontro reunir\u00e1 representantes de governos, setor privado, institui\u00e7\u00f5es financeiras, organiza\u00e7\u00f5es da sociedade civil, comunidades do Cerrado e parceiros internacionais para apresentar resultados da iniciativa e discutir caminhos para ampliar cadeias de suprimentos livres de desmatamento e convers\u00e3o.<\/p>\n<p>A Head de ESG e Comunica\u00e7\u00e3o da CJ Selecta, Patr\u00edcia Sugui, ser\u00e1 uma das palestrantes do painel \u201cEngajamento com o setor privado: qual o mapa do caminho?\u201d, que abordar\u00e1 o tema \u201cImplementa\u00e7\u00e3o de compromissos DCF por parte das Empresas\u201d. O debate tamb\u00e9m reunir\u00e1 outros representantes do mercado, do setor financeiro e especialistas em mercados livres de desmatamento.<\/p>\n<p><img loading=\"lazy\" decoding=\"async\" class=\"size-medium wp-image-83307 alignleft\" src=\"http:\/\/sol.fm.br\/radio\/wp-content\/uploads\/2026\/03\/01-2-267x400.jpg\" alt=\"\" width=\"267\" height=\"400\" srcset=\"https:\/\/sol.fm.br\/radio\/wp-content\/uploads\/2026\/03\/01-2-267x400.jpg 267w, https:\/\/sol.fm.br\/radio\/wp-content\/uploads\/2026\/03\/01-2-768x1151.jpg 768w, https:\/\/sol.fm.br\/radio\/wp-content\/uploads\/2026\/03\/01-2-1025x1536.jpg 1025w, https:\/\/sol.fm.br\/radio\/wp-content\/uploads\/2026\/03\/01-2-1367x2048.jpg 1367w, https:\/\/sol.fm.br\/radio\/wp-content\/uploads\/2026\/03\/01-2-scaled.jpg 1709w\" sizes=\"auto, (max-width: 267px) 100vw, 267px\" \/><\/p>\n<p>Durante o encontro, Patr\u00edcia destacar\u00e1 o papel das empresas na constru\u00e7\u00e3o de cadeias produtivas respons\u00e1veis e o avan\u00e7o de iniciativas voltadas \u00e0 rastreabilidade e ao monitoramento da origem da mat\u00e9ria-prima. \u201c<em>O setor privado tem um papel decisivo para transformar compromissos em resultados concretos. Isso passa por sistemas robustos de rastreabilidade, pol\u00edticas claras de origina\u00e7\u00e3o e di\u00e1logo constante com produtores e parceiros da cadeia<\/em>\u201d, afirma.<\/p>\n<p>A profissional tamb\u00e9m abordar\u00e1 como a ado\u00e7\u00e3o de crit\u00e9rios socioambientais tem se consolidado como elemento estrat\u00e9gico para o acesso a mercados e para o fortalecimento da competitividade do agroneg\u00f3cio brasileiro. \u201c<em>A agenda de sustentabilidade deixou de ser apenas uma diretriz institucional e passou a orientar decis\u00f5es operacionais, desde a origina\u00e7\u00e3o at\u00e9 a rela\u00e7\u00e3o com clientes e mercados internacionais\u201d,<\/em> acrescenta.<\/p>\n<p>Entre os exemplos de iniciativas nessa frente est\u00e1 a colabora\u00e7\u00e3o da CJ Selecta com o WWF em um estudo internacional sobre cadeias de suprimentos livres de desmatamento e convers\u00e3o (DCF), publicado no final de 2025. A experi\u00eancia da empresa, refer\u00eancia global em produtos ESG, foi destacada em publica\u00e7\u00e3o da organiza\u00e7\u00e3o que analisa sua trajet\u00f3ria na implementa\u00e7\u00e3o de pr\u00e1ticas voltadas \u00e0 sustentabilidade na cadeia da soja.<\/p>\n<p>O material aponta que a companhia, com produtos comercializados em 39 pa\u00edses, estruturou sua pol\u00edtica de sustentabilidade em 2021, com foco na redu\u00e7\u00e3o da pegada de carbono, no respeito \u00e0s comunidades locais e na conformidade legal de fornecedores diretos e indiretos. O estudo tamb\u00e9m destaca a ado\u00e7\u00e3o de sistemas de rastreabilidade com geomonitoramento, reporte e verifica\u00e7\u00e3o, al\u00e9m do bloqueio de fornecedores com irregularidades, ap\u00f3s an\u00e1lises que incluem sobreposi\u00e7\u00e3o com terras ind\u00edgenas, trabalho escravo e desmatamento, como parte da estrat\u00e9gia para avan\u00e7ar rumo a uma cadeia de soja livre de desmatamento e convers\u00e3o no Cerrado.<\/p>\n<p><em>\u201cCompartilhar experi\u00eancias e aprendizados como estes \u00e9 fundamental para que o setor avance de forma consistente. Iniciativas colaborativas, que envolvem empresas, organiza\u00e7\u00f5es da sociedade civil e governos, contribuem para ampliar a escala das solu\u00e7\u00f5es e fortalecer cadeias produtivas mais sustent\u00e1veis<\/em>\u201d, finaliza Patr\u00edcia.<\/p>\n<p><strong>Sobre a CJ Selecta<\/strong><\/p>\n<p>Desde 1984 a CJ Selecta, companhia que faz parte da CJ Bio Division do grupo coreano CJ, atua com pioneirismo na fabrica\u00e7\u00e3o de produtos derivados de soja para diversos segmentos. Com sede em Uberl\u00e2ndia (MG) e unidade industrial em Araguari (MG) e v\u00e1rias filiais espalhadas pelo Brasil, a companhia \u00e9 hoje umas das maiores exportadoras de Concentrado de Proteico de Soja (SPC, na sigla em ingl\u00eas soy protein concentrate), com fontes de soja transg\u00eanica e n\u00e3o-transg\u00eanica. Em 2019 a CJ Selecta iniciou a produ\u00e7\u00e3o de fertilizantes especiais e solu\u00e7\u00f5es para nutri\u00e7\u00e3o de plantas, com foco em produtividade e sustentabilidade, integrando tecnologia e conhecimento t\u00e9cnico para oferecer solu\u00e7\u00f5es que ajudam produtores a alcan\u00e7ar alta performance de forma ambientalmente respons\u00e1vel.<\/p>\n<hr \/>\n<h6><strong>Attuale Comunica\u00e7\u00e3o | Fotos: CJ Selecta, FreePik (capa)<\/strong><\/h6>\n\n\n<center><iframe loading=\"lazy\" class=\"jmvplayer\" src=\"https:\/\/player.jmvstream.com\/lvw\/YYGWo5wfZuZ8fEW7Qoq1ISwhLSEDhU\" allowfullscreen allow=\"autoplay; fullscreen\" frameborder=\"0\" width=\"640\" height=\"360\" ><\/iframe><\/center>\n<\/div><\/div>","protected":false},"excerpt":{"rendered":"<p>Evento promovido pelo WWF-Brasil, em parceria com a Dinamarca, re\u00fane especialistas, como a Head de ESG e Comunica\u00e7\u00e3o da CJ Selecta, Patr\u00edcia Sugui, para discutir a implementa\u00e7\u00e3o de compromissos empresariais no setor Diante da crescente demanda global por cadeias agroindustriais mais transparentes e sustent\u00e1veis, o setor da soja tem intensificado esfor\u00e7os para alinhar produ\u00e7\u00e3o, rastreabilidade [&hellip;]<\/p>\n","protected":false},"author":4,"featured_media":83306,"comment_status":"open","ping_status":"open","sticky":false,"template":"","format":"standard","meta":{"footnotes":""},"categories":[1],"tags":[],"class_list":["post-83305","post","type-post","status-publish","format-standard","has-post-thumbnail","hentry","category-sem-categoria"],"_links":{"self":[{"href":"https:\/\/sol.fm.br\/radio\/wp-json\/wp\/v2\/posts\/83305","targetHints":{"allow":["GET"]}}],"collection":[{"href":"https:\/\/sol.fm.br\/radio\/wp-json\/wp\/v2\/posts"}],"about":[{"href":"https:\/\/sol.fm.br\/radio\/wp-json\/wp\/v2\/types\/post"}],"author":[{"embeddable":true,"href":"https:\/\/sol.fm.br\/radio\/wp-json\/wp\/v2\/users\/4"}],"replies":[{"embeddable":true,"href":"https:\/\/sol.fm.br\/radio\/wp-json\/wp\/v2\/comments?post=83305"}],"version-history":[{"count":1,"href":"https:\/\/sol.fm.br\/radio\/wp-json\/wp\/v2\/posts\/83305\/revisions"}],"predecessor-version":[{"id":83308,"href":"https:\/\/sol.fm.br\/radio\/wp-json\/wp\/v2\/posts\/83305\/revisions\/83308"}],"wp:featuredmedia":[{"embeddable":true,"href":"https:\/\/sol.fm.br\/radio\/wp-json\/wp\/v2\/media\/83306"}],"wp:attachment":[{"href":"https:\/\/sol.fm.br\/radio\/wp-json\/wp\/v2\/media?parent=83305"}],"wp:term":[{"taxonomy":"category","embeddable":true,"href":"https:\/\/sol.fm.br\/radio\/wp-json\/wp\/v2\/categories?post=83305"},{"taxonomy":"post_tag","embeddable":true,"href":"https:\/\/sol.fm.br\/radio\/wp-json\/wp\/v2\/tags?post=83305"}],"curies":[{"name":"wp","href":"https:\/\/api.w.org\/{rel}","templated":true}]}}