{"id":83312,"date":"2026-03-12T09:53:46","date_gmt":"2026-03-12T12:53:46","guid":{"rendered":"http:\/\/sol.fm.br\/radio\/?p=83312"},"modified":"2026-03-12T09:53:50","modified_gmt":"2026-03-12T12:53:50","slug":"leite-pede-ao-presidente-do-senado-avanco-na-votacao-do-projeto-de-lei-que-viabiliza-renegociacao-das-dividas-do-agro-gaucho","status":"publish","type":"post","link":"https:\/\/sol.fm.br\/radio\/leite-pede-ao-presidente-do-senado-avanco-na-votacao-do-projeto-de-lei-que-viabiliza-renegociacao-das-dividas-do-agro-gaucho\/","title":{"rendered":"Leite pede ao presidente do Senado avan\u00e7o na vota\u00e7\u00e3o do projeto de lei que viabiliza renegocia\u00e7\u00e3o das d\u00edvidas do agro ga\u00facho"},"content":{"rendered":"<div id=\"dslc-theme-content\"><div id=\"dslc-theme-content-inner\"><p class=\"artigo__subtitulo\" style=\"text-align: center;\"><em>Davi Alcolumbre firmou compromisso de articula\u00e7\u00e3o com l\u00edderes partid\u00e1rios e com o governo federal nos pr\u00f3ximos dias<\/em><\/p>\n<p dir=\"ltr\">O governador Eduardo Leite reuniu-se na manh\u00e3 desta quarta-feira (11\/3), em Bras\u00edlia (DF), com o presidente do Senado Federal, Davi Alcolumbre, para refor\u00e7ar a necessidade de vota\u00e7\u00e3o do Projeto de Lei 5.122\/2023, que trata da renegocia\u00e7\u00e3o das d\u00edvidas de produtores rurais do Rio Grande do Sul afetados por perdas sucessivas provocadas por eventos meteorol\u00f3gicos extremos. O encontro ocorreu na resid\u00eancia oficial do Senado e deu continuidade \u00e0s tratativas iniciadas no ano passado sobre o tema.<\/p>\n<ul>\n<li dir=\"ltr\"><a href=\"https:\/\/estado.rs.gov.br\/por-que-o-governo-esta-apoiando-a-prorrogacao-das-dividas-de-credito-rural\" target=\"_blank\" rel=\"noopener\"><strong>Por que o governo est\u00e1 apoiando a prorroga\u00e7\u00e3o das d\u00edvidas de cr\u00e9dito rural?<\/strong><\/a><\/li>\n<\/ul>\n<p dir=\"ltr\">Durante a reuni\u00e3o, o governador ressaltou que as medidas adotadas at\u00e9 agora pelo governo federal, embora tenham representado avan\u00e7os pontuais, ainda s\u00e3o insuficientes diante da dimens\u00e3o do endividamento enfrentado pelos produtores ga\u00fachos. Leite destacou que os agricultores acessaram cerca de R$ 7 bilh\u00f5es dos R$ 12 bilh\u00f5es disponibilizados por meio de medidas emergenciais, mas que muitas das exig\u00eancias burocr\u00e1ticas e condicionantes acabaram limitando o alcance dos programas.<\/p>\n<ul>\n<li dir=\"ltr\"><a href=\"https:\/\/www.estado.rs.gov.br\/leite-anuncia-r-150-milhoes-para-apoiar-prorrogacao-de-dividas-de-produtores-rurais\" target=\"_blank\" rel=\"noopener\"><strong>Leite anuncia R$ 150 milh\u00f5es para apoiar prorroga\u00e7\u00e3o de d\u00edvidas de produtores rurais<\/strong><\/a><\/li>\n<\/ul>\n<p dir=\"ltr\">\u00a0<\/p>\n<figure class=\"artigo__ilustracao\"><a href=\"https:\/\/www.estado.rs.gov.br\/upload\/recortes\/202603\/11153124_2258173_GDO.jpg\" data-credito=\"Maur\u00edcio Tonetto\/Secom\" data-urlamigavel=\"\/midia\/imagem\/davi-alcolumbre-firmou-compromisso-de-articulacao-com-lideres-partidarios-e-governo-federal-nos-proximos-dias-jpg\" data-legenda=\"Leite alerta para o risco de agravamento das d\u00edvidas devido ao cr\u00e9dito com juros elevados que pressiona produtores\" data-label-credito=\"Foto: \"><img loading=\"lazy\" decoding=\"async\" class=\"img-responsive aligncenter\" src=\"https:\/\/www.estado.rs.gov.br\/upload\/recortes\/202603\/11153124_2258173_GDO.jpg\" alt=\"A fotografia em plano m\u00e9dio registra o momento de entrega de um documento oficial entre lideran\u00e7as pol\u00edticas em um ambiente formal.\n\nElementos Principais\nO Ato da Entrega: No centro da imagem, o governador Eduardo Leite (ao centro, vestindo terno azul e gravata bord\u00f4) entrega uma pasta branca com o bras\u00e3o do Estado do Rio Grande do Sul ao senador Davi Alcolumbre (\u00e0 esquerda, de terno cinza escuro e camisa clara sem gravata). Ambos olham para o documento no momento da transi\u00e7\u00e3o.\n\nTerceiro Integrante: \u00c0 direita, um homem de terno azul vibrante e gravata escura observa o ato com uma express\u00e3o atenta e s\u00e9ria.\n\nO Documento: \u00c9 uma pasta branca onde se l\u00ea claramente &quot;ESTADO DO RIO GRANDE DO SUL&quot; abaixo do bras\u00e3o oficial colorido, simbolizando as demandas do governo ga\u00facho.\n\nCen\u00e1rio e Ambiente\nDecora\u00e7\u00e3o: O fundo \u00e9 composto por dois quadros de arte moderna com formas abstratas e cores frias (azul, verde e cinza), os mesmos que aparecem na foto da comitiva completa.\n\nComposi\u00e7\u00e3o: A imagem \u00e9 focada nas m\u00e3os e nos rostos dos tr\u00eas homens, destacando a import\u00e2ncia da articula\u00e7\u00e3o pol\u00edtica e o compromisso firmado entre as partes.\n\nIlumina\u00e7\u00e3o: A luz \u00e9 clara e direta, ressaltando os detalhes das roupas e a seriedade do encontro.\" width=\"741\" height=\"493\" \/><\/a>\n<figcaption class=\"artigo__ilustracao__legenda\"><\/figcaption>\n<\/figure>\n<p dir=\"ltr\">Segundo o governador, em raz\u00e3o dessas dificuldades, muitos produtores precisaram recorrer a cr\u00e9dito em condi\u00e7\u00f5es de mercado, com juros m\u00e9dios pr\u00f3ximos de 18% ao ano, o que aumenta a press\u00e3o financeira sobre o setor. \u201c<em>Grande parte dos produtores acabou recorrendo a recursos livres, com juros muito elevados, e agora se aproxima o momento de vencimento dessas parcelas. Sem uma solu\u00e7\u00e3o estruturada, muitos voltar\u00e3o a enfrentar s\u00e9rias dificuldades<\/em>\u201d, alertou.<\/p>\n<ul>\n<li dir=\"ltr\"><a href=\"https:\/\/www.estado.rs.gov.br\/leite-reforca-mobilizacao-por-renegociacao-de-dividas-dos-produtores-rurais-gauchos\" target=\"_blank\" rel=\"noopener\"><strong>Leite anuncia R$ 150 milh\u00f5es para apoiar prorroga\u00e7\u00e3o de d\u00edvidas de produtores rurais<\/strong><\/a><\/li>\n<\/ul>\n<p dir=\"ltr\"><strong>Projeto para aliviar d\u00edvidas<\/strong><\/p>\n<p dir=\"ltr\">Leite afirmou que a demanda apresentada ao presidente do Senado \u00e9 pela vota\u00e7\u00e3o do projeto de lei\u00a0 5.122 como instrumento para oferecer uma solu\u00e7\u00e3o mais abrangente ao endividamento do setor. <em>\u201cViemos renovar o apelo para que o projeto seja levado \u00e0 vota\u00e7\u00e3o. Tudo que foi feito at\u00e9 aqui ajudou, mas ainda \u00e9 insuficiente diante do tamanho da necessidade dos produtores rurais ga\u00fachos\u201d,<\/em> afirmou.<\/p>\n<ul>\n<li dir=\"ltr\"><strong><a href=\"https:\/\/www.estado.rs.gov.br\/leite-articula-solucoes-para-crise-sanitaria-e-renegociacao-das-dividas-dos-produtores-rurais-em-brasilia\">Leite articula solu\u00e7\u00f5es para crise sanit\u00e1ria e renegocia\u00e7\u00e3o das d\u00edvidas dos produtores rurais em Bras\u00edlia<\/a><\/strong><\/li>\n<\/ul>\n<p dir=\"ltr\">Alcolumbre demonstrou sensibilidade ao tema e se comprometeu a articular uma nova rodada de di\u00e1logo no Senado para buscar encaminhamento \u00e0 proposta. O presidente da Casa dever\u00e1 convocar, nos pr\u00f3ximos dias, uma reuni\u00e3o com o Col\u00e9gio de L\u00edderes, representantes do governo federal e o Minist\u00e9rio da Casa Civil para discutir alternativas e definir os pr\u00f3ximos passos sobre o projeto.<\/p>\n<p dir=\"ltr\">\u00a0<\/p>\n<figure class=\"artigo__ilustracao\"><a href=\"https:\/\/www.estado.rs.gov.br\/upload\/recortes\/202603\/11153930_2258184_GDO.jpg\" data-credito=\"Maur\u00edcio Tonetto\/Secom\" data-urlamigavel=\"\/midia\/imagem\/ficou-alinhado-que-havera-uma-derradeira-tentativa-de-construcao-com-o-governo-jpg\" data-legenda=\"Governador aponta possibilidade de avan\u00e7o da pauta e tem expectativa de solu\u00e7\u00e3o para produtores ga\u00fachos\" data-label-credito=\"Foto: \"><img loading=\"lazy\" decoding=\"async\" class=\"img-responsive aligncenter\" src=\"https:\/\/www.estado.rs.gov.br\/upload\/recortes\/202603\/11153930_2258184_GDO.jpg\" alt=\"Esta \u00e9 uma descri\u00e7\u00e3o da imagem para fins de acessibilidade:\n\nA fotografia registra uma reuni\u00e3o de trabalho em um ambiente interno sofisticado, onde quatro homens em trajes formais discutem documentos espalhados sobre uma mesa de centro.\n\nElementos Principais\nO Grupo: Quatro homens est\u00e3o sentados em um sof\u00e1 de cor clara (bege ou off-white).\n\n\u00c0 direita: O governador Eduardo Leite, vestindo terno azul e gravata bord\u00f4, est\u00e1 inclinado para a frente, ouvindo atentamente.\n\nAo centro: Um homem de cabelos grisalhos e \u00f3culos (deputado federal Afonso Hamm) segura um documento e fala diretamente com o governador, gesticulando com a outra m\u00e3o.\n\n\u00c0 esquerda: Outros dois homens em ternos escuros acompanham a conversa; o que est\u00e1 na extremidade esquerda veste uma gravata verde e mant\u00e9m uma postura s\u00e9ria de observa\u00e7\u00e3o.\n\nOs Documentos: Sobre a mesa de centro escura, h\u00e1 diversos pap\u00e9is, gr\u00e1ficos e apresenta\u00e7\u00f5es impressas. Algumas folhas mostram imagens de &quot;alfinetes&quot; coloridos (push pins), sugerindo mapas ou marca\u00e7\u00f5es estrat\u00e9gicas.\n\nCen\u00e1rio e Decora\u00e7\u00e3o\nPlano de Fundo: A parede atr\u00e1s do sof\u00e1 \u00e9 revestida por azulejos ou ladrilhos decorativos em tons de bege, que formam um grande painel art\u00edstico com desenhos bot\u00e2nicos e org\u00e2nicos em tons de verde e marrom.\n\nMobili\u00e1rio: Al\u00e9m do sof\u00e1 e da mesa de centro, veem-se mesas laterais de madeira escura com objetos decorativos, incluindo um abajur de c\u00fapula clara e pe\u00e7as de porcelana azul e branca.\n\nTapete: Sob o grupo, h\u00e1 um tapete escuro com padr\u00f5es geom\u00e9tricos e florais coloridos.\n\nAtmosfera\nA cena transmite um clima de an\u00e1lise t\u00e9cnica e articula\u00e7\u00e3o pol\u00edtica. O foco est\u00e1 na troca de informa\u00e7\u00f5es e na constru\u00e7\u00e3o de um consenso sobre o projeto em discuss\u00e3o (renegocia\u00e7\u00e3o das d\u00edvidas do agro).\" width=\"747\" height=\"497\" \/><\/a>\n<figcaption class=\"artigo__ilustracao__legenda\"><\/figcaption>\n<\/figure>\n<p dir=\"ltr\"><em>\u201cFicou alinhado que haver\u00e1 uma derradeira tentativa de constru\u00e7\u00e3o com o governo. Caso n\u00e3o haja encaminhamento de uma solu\u00e7\u00e3o com a participa\u00e7\u00e3o do Executivo, o entendimento \u00e9 que o presidente poder\u00e1 levar o projeto \u00e0 vota\u00e7\u00e3o para que o Senado delibere<\/em>\u201d, explicou Leite.<\/p>\n<p dir=\"ltr\">O governador afirmou sair da reuni\u00e3o com perspectiva positiva sobre o avan\u00e7o da pauta. \u201c<em>Tenho uma firme expectativa de que possamos avan\u00e7ar. Trilhamos todos os caminhos que a pol\u00edtica exige, abrimos espa\u00e7o para di\u00e1logo e ajustes. Agora precisamos chegar a uma solu\u00e7\u00e3o efetiva para os produtores do Rio Grande do Sul\u201d,<\/em> concluiu.<\/p>\n<hr \/>\n<h6 dir=\"ltr\"><strong>GOV RS | Texto: Carlos Ismael Moreira\/Secom | Edi\u00e7\u00e3o: Secom | Fotos: Maur\u00edcio Tonetto\/Secom<\/strong><\/h6>\n\n\n<center><iframe loading=\"lazy\" class=\"jmvplayer\" src=\"https:\/\/player.jmvstream.com\/lvw\/YYGWo5wfZuZ8fEW7Qoq1ISwhLSEDhU\" allowfullscreen allow=\"autoplay; fullscreen\" frameborder=\"0\" width=\"640\" height=\"360\" ><\/iframe><\/center>\n<\/div><\/div>","protected":false},"excerpt":{"rendered":"<p>Davi Alcolumbre firmou compromisso de articula\u00e7\u00e3o com l\u00edderes partid\u00e1rios e com o governo federal nos pr\u00f3ximos dias O governador Eduardo Leite reuniu-se na manh\u00e3 desta quarta-feira (11\/3), em Bras\u00edlia (DF), com o presidente do Senado Federal, Davi Alcolumbre, para refor\u00e7ar a necessidade de vota\u00e7\u00e3o do Projeto de Lei 5.122\/2023, que trata da renegocia\u00e7\u00e3o das d\u00edvidas [&hellip;]<\/p>\n","protected":false},"author":4,"featured_media":83313,"comment_status":"open","ping_status":"open","sticky":false,"template":"","format":"standard","meta":{"footnotes":""},"categories":[1],"tags":[],"class_list":["post-83312","post","type-post","status-publish","format-standard","has-post-thumbnail","hentry","category-sem-categoria"],"_links":{"self":[{"href":"https:\/\/sol.fm.br\/radio\/wp-json\/wp\/v2\/posts\/83312","targetHints":{"allow":["GET"]}}],"collection":[{"href":"https:\/\/sol.fm.br\/radio\/wp-json\/wp\/v2\/posts"}],"about":[{"href":"https:\/\/sol.fm.br\/radio\/wp-json\/wp\/v2\/types\/post"}],"author":[{"embeddable":true,"href":"https:\/\/sol.fm.br\/radio\/wp-json\/wp\/v2\/users\/4"}],"replies":[{"embeddable":true,"href":"https:\/\/sol.fm.br\/radio\/wp-json\/wp\/v2\/comments?post=83312"}],"version-history":[{"count":1,"href":"https:\/\/sol.fm.br\/radio\/wp-json\/wp\/v2\/posts\/83312\/revisions"}],"predecessor-version":[{"id":83314,"href":"https:\/\/sol.fm.br\/radio\/wp-json\/wp\/v2\/posts\/83312\/revisions\/83314"}],"wp:featuredmedia":[{"embeddable":true,"href":"https:\/\/sol.fm.br\/radio\/wp-json\/wp\/v2\/media\/83313"}],"wp:attachment":[{"href":"https:\/\/sol.fm.br\/radio\/wp-json\/wp\/v2\/media?parent=83312"}],"wp:term":[{"taxonomy":"category","embeddable":true,"href":"https:\/\/sol.fm.br\/radio\/wp-json\/wp\/v2\/categories?post=83312"},{"taxonomy":"post_tag","embeddable":true,"href":"https:\/\/sol.fm.br\/radio\/wp-json\/wp\/v2\/tags?post=83312"}],"curies":[{"name":"wp","href":"https:\/\/api.w.org\/{rel}","templated":true}]}}