{"id":83318,"date":"2026-03-12T10:12:55","date_gmt":"2026-03-12T13:12:55","guid":{"rendered":"http:\/\/sol.fm.br\/radio\/?p=83318"},"modified":"2026-03-12T10:13:02","modified_gmt":"2026-03-12T13:13:02","slug":"inca-amplia-atendimento-com-chegada-de-novos-especialistas","status":"publish","type":"post","link":"https:\/\/sol.fm.br\/radio\/inca-amplia-atendimento-com-chegada-de-novos-especialistas\/","title":{"rendered":"INCA amplia atendimento com chegada de novos especialistas"},"content":{"rendered":"<div id=\"dslc-theme-content\"><div id=\"dslc-theme-content-inner\"><p data-olk-copy-source=\"MessageBody\">O Instituto Nacional de C\u00e2ncer (INCA) d\u00e1 um importante passo no fortalecimento do atendimento especializado \u00e0 popula\u00e7\u00e3o com a contrata\u00e7\u00e3o de 631 novos profissionais. O processo seletivo, conduzido pela Funda\u00e7\u00e3o de Apoio \u00e0 Funda\u00e7\u00e3o Oswaldo Cruz (Fiotec), foi realizado no contexto do programa Agora Tem Especialistas, do Governo Federal, e tem como objetivo ampliar a capacidade assistencial do Instituto em diversas \u00e1reas da sa\u00fade, como medicina, enfermagem, nutri\u00e7\u00e3o, psicologia e fonoaudiologia, entre outras, em resposta \u00e0 crescente demanda por tratamento oncol\u00f3gico no Pa\u00eds.<\/p>\n<p>O diretor-geral do INCA, Roberto Gil, destaca a import\u00e2ncia da medida: <em>\"A entrada de mais de 600 profissionais agora, com a perspectiva da chegada de outros especialistas, significa a recomposi\u00e7\u00e3o da potencialidade do INCA de atendimento assistencial a uma fatia importante da popula\u00e7\u00e3o da cidade e do estado do Rio de Janeiro, al\u00e9m de pacientes de outras partes do Brasil. O c\u00e2ncer pode vir a ser, em pouco tempo, a principal causa de morte no Pa\u00eds, e exige que a sa\u00fade p\u00fablica se organize para garantir a todos o acesso ao tratamento especializado.\"<\/em><\/p>\n<p>Com a previs\u00e3o de 784 contrata\u00e7\u00f5es at\u00e9 meados de 2026, o INCA refor\u00e7a seu papel no controle do c\u00e2ncer ao ampliar o atendimento especializado e contribuir para que cada vez mais brasileiros tenham acesso ao tratamento de que precisam.<\/p>\n<hr \/>\n<h6><strong>Assessoria de Imprensa - Instituto Nacional de C\u00e2ncer (INCA)<\/strong><\/h6>\n\n\n<center><iframe loading=\"lazy\" class=\"jmvplayer\" src=\"https:\/\/player.jmvstream.com\/lvw\/YYGWo5wfZuZ8fEW7Qoq1ISwhLSEDhU\" allowfullscreen allow=\"autoplay; fullscreen\" frameborder=\"0\" width=\"640\" height=\"360\" ><\/iframe><\/center>\n<\/div><\/div>","protected":false},"excerpt":{"rendered":"<p>O Instituto Nacional de C\u00e2ncer (INCA) d\u00e1 um importante passo no fortalecimento do atendimento especializado \u00e0 popula\u00e7\u00e3o com a contrata\u00e7\u00e3o de 631 novos profissionais. O processo seletivo, conduzido pela Funda\u00e7\u00e3o de Apoio \u00e0 Funda\u00e7\u00e3o Oswaldo Cruz (Fiotec), foi realizado no contexto do programa Agora Tem Especialistas, do Governo Federal, e tem como objetivo ampliar a [&hellip;]<\/p>\n","protected":false},"author":4,"featured_media":83319,"comment_status":"open","ping_status":"open","sticky":false,"template":"","format":"standard","meta":{"footnotes":""},"categories":[1],"tags":[],"class_list":["post-83318","post","type-post","status-publish","format-standard","has-post-thumbnail","hentry","category-sem-categoria"],"_links":{"self":[{"href":"https:\/\/sol.fm.br\/radio\/wp-json\/wp\/v2\/posts\/83318","targetHints":{"allow":["GET"]}}],"collection":[{"href":"https:\/\/sol.fm.br\/radio\/wp-json\/wp\/v2\/posts"}],"about":[{"href":"https:\/\/sol.fm.br\/radio\/wp-json\/wp\/v2\/types\/post"}],"author":[{"embeddable":true,"href":"https:\/\/sol.fm.br\/radio\/wp-json\/wp\/v2\/users\/4"}],"replies":[{"embeddable":true,"href":"https:\/\/sol.fm.br\/radio\/wp-json\/wp\/v2\/comments?post=83318"}],"version-history":[{"count":1,"href":"https:\/\/sol.fm.br\/radio\/wp-json\/wp\/v2\/posts\/83318\/revisions"}],"predecessor-version":[{"id":83320,"href":"https:\/\/sol.fm.br\/radio\/wp-json\/wp\/v2\/posts\/83318\/revisions\/83320"}],"wp:featuredmedia":[{"embeddable":true,"href":"https:\/\/sol.fm.br\/radio\/wp-json\/wp\/v2\/media\/83319"}],"wp:attachment":[{"href":"https:\/\/sol.fm.br\/radio\/wp-json\/wp\/v2\/media?parent=83318"}],"wp:term":[{"taxonomy":"category","embeddable":true,"href":"https:\/\/sol.fm.br\/radio\/wp-json\/wp\/v2\/categories?post=83318"},{"taxonomy":"post_tag","embeddable":true,"href":"https:\/\/sol.fm.br\/radio\/wp-json\/wp\/v2\/tags?post=83318"}],"curies":[{"name":"wp","href":"https:\/\/api.w.org\/{rel}","templated":true}]}}