{"id":83324,"date":"2026-03-12T10:34:49","date_gmt":"2026-03-12T13:34:49","guid":{"rendered":"http:\/\/sol.fm.br\/radio\/?p=83324"},"modified":"2026-03-12T10:34:52","modified_gmt":"2026-03-12T13:34:52","slug":"governo-do-estado-lanca-censo-inedito-para-mapear-agroindustrias-familiares-em-evento-na-expodireto-cotrijal","status":"publish","type":"post","link":"https:\/\/sol.fm.br\/radio\/governo-do-estado-lanca-censo-inedito-para-mapear-agroindustrias-familiares-em-evento-na-expodireto-cotrijal\/","title":{"rendered":"Governo do Estado lan\u00e7a censo in\u00e9dito para mapear agroind\u00fastrias familiares, em evento na Expodireto Cotrijal"},"content":{"rendered":"<div id=\"dslc-theme-content\"><div id=\"dslc-theme-content-inner\"><p class=\"artigo__subtitulo\" style=\"text-align: center;\"><em>Levantamento ocorrer\u00e1 por meio de question\u00e1rio a ser aplicado para mais de 4 mil fam\u00edlias<\/em><\/p>\n<p>O governo do Estado lan\u00e7ou, nesta\u00a0quarta-feira (11\/3),\u00a0o Diagn\u00f3stico Socioecon\u00f4mico do Programa Estadual de Agroind\u00fastria Familiar (Peaf).\u00a0O estudo reunir\u00e1 informa\u00e7\u00f5es de mais de 4 mil fam\u00edlias em temas como gest\u00e3o das agroind\u00fastrias, sucess\u00e3o familiar, qualidade de vida das fam\u00edlias, n\u00edvel de inova\u00e7\u00e3o e perspectivas futuras dos empreendimentos. O lan\u00e7amento ocorreu na Casa da Emater-RS\/Ascar e reuniu autoridades, representantes de entidades e imprensa, al\u00e9m dos extensionistas que conduzir\u00e3o o trabalho de investiga\u00e7\u00e3o e sistematiza\u00e7\u00e3o dados.<\/p>\n<p>Batizado como Censo da Agroind\u00fastria Familiar, o diagn\u00f3stico ser\u00e1 elaborado a partir de um question\u00e1rio aplicado a todas as agroind\u00fastrias participantes do Peaf.\u00a0A iniciativa \u00e9 resultado de uma parceria entre a Secretaria de Desenvolvimento Rural (SDR), a Emater-RS\/Ascar e o Departamento de Economia e Estat\u00edstica da Secretaria de Planejamento, Governan\u00e7a e Gest\u00e3o.<\/p>\n<ul>\n<li><strong><a href=\"https:\/\/www.estado.rs.gov.br\/governador-eduardo-leite-apresenta-plano-de-irrigacao-resiliente-na-expodireto\" target=\"_blank\" rel=\"noopener\">Governador Eduardo Leite apresenta plano de irriga\u00e7\u00e3o resiliente na Expodireto<\/a><\/strong><\/li>\n<\/ul>\n<p>De acordo com titular da SDR, Gustavo Paim, a meta \u00e9 obter informa\u00e7\u00f5es precisas das mais de 4 mil agroind\u00fastrias. \u201c<em>A iniciativa do censo busca produzir um retrato detalhado e atualizado da realidade do setor no Rio Grande do Sul. Queremos saber quais os gargalos, o que vem dando certo e como o Estado pode contribuir atrav\u00e9s de pol\u00edticas p\u00fablicas efetivas e quais os incentivos necess\u00e1rios para o desenvolvimento do setor<\/em>\u201d, descreveu Paim.<\/p>\n<p><strong>Cronograma<\/strong><\/p>\n<p>O cronograma do censo prev\u00ea, ao longo de mar\u00e7o, a capacita\u00e7\u00e3o de t\u00e9cnicos e o aperfei\u00e7oamento do question\u00e1rio. A aplica\u00e7\u00e3o dos formul\u00e1rios ocorrer\u00e1 em abril, enquanto a an\u00e1lise dos dados est\u00e1 prevista para junho. A divulga\u00e7\u00e3o dos resultados deve ocorrer em agosto, durante a Expointer.<\/p>\n<figure class=\"artigo__ilustracao\"><a href=\"https:\/\/www.estado.rs.gov.br\/upload\/recortes\/202603\/11154944_2258206_GDO.jpeg\" data-credito=\"Pen\u00e9lope Miranda\/Ascom SDR\" data-urlamigavel=\"\/midia\/imagem\/img-1706-jpg-1-jpeg\" data-legenda=\"&quot;A iniciativa do censo busca produzir um retrato detalhado e atualizado da realidade do setor no Rio Grande do Sul&quot;, disse Paim\" data-label-credito=\"Foto: \"><img loading=\"lazy\" decoding=\"async\" class=\"img-responsive aligncenter\" src=\"https:\/\/www.estado.rs.gov.br\/upload\/recortes\/202603\/11154944_2258206_GDO.jpeg\" alt=\"Lan\u00e7amento do censo da agroind\u00fastria familiar na Expodireto\" width=\"730\" height=\"547\" \/><\/a>\n<figcaption class=\"artigo__ilustracao__legenda\"><\/figcaption>\n<\/figure>\n<h3>Formula\u00e7\u00e3o de pol\u00edticas p\u00fablicas<\/h3>\n<p class=\"x_elementToProof\">O presidente da Emater-RS\/Ascar, Claudinei Baldissera, destacou o compromisso da entidade em realizar o levantamento. \u201c<em>Nossos extensionistas sabem da import\u00e2ncia em abra\u00e7ar esse desafio de levar o censo \u00e0s agroind\u00fastrias, uma vez que os dados ir\u00e3o subsidiar a formula\u00e7\u00e3o de pol\u00edticas p\u00fablicas voltadas ao fortalecimento do segmento e contribuir para a moderniza\u00e7\u00e3o do programa\u201d<\/em> , apontou Baldissera.<\/p>\n<ul>\n<li>\n<p><a href=\"https:\/\/www.estado.rs.gov.br\/leite-e-gabriel-lideram-assinaturas-de-investimentos-no-agro-na-infraestrutura-e-na-promocao-internacional-durante-a-expodireto\" target=\"_blank\" rel=\"noopener\"><strong>Leite e Gabriel lideram assinaturas de investimentos no agro, na infraestrutura e na promo\u00e7\u00e3o internacional durante a Expodireto<\/strong><\/a><\/p>\n<\/li>\n<\/ul>\n<p class=\"x_elementToProof\">O diagn\u00f3stico representa mais um passo no fortalecimento da agroind\u00fastria familiar ga\u00facha, ampliando o conhecimento sobre o setor e contribuindo para o desenvolvimento de a\u00e7\u00f5es estrat\u00e9gicas voltadas aos produtores familiares.<\/p>\n<p><b>Programa Estadual de Agroind\u00fastria Familiar (Peaf)\u00a0\u00a0<\/b><\/p>\n<p>O Programa Estadual de Agroind\u00fastria Familiar (Peaf) foi criado por decreto em julho de 2012. A iniciativa tem como objetivo apoiar a formaliza\u00e7\u00e3o e o desenvolvimento das agroind\u00fastrias familiares, oferecendo acesso a cr\u00e9dito, assist\u00eancia t\u00e9cnica e mercados.\u00a0Entre as a\u00e7\u00f5es previstas est\u00e3o o apoio \u00e0 regulariza\u00e7\u00e3o sanit\u00e1ria e ambiental das agroind\u00fastrias, a participa\u00e7\u00e3o em feiras \u2014 a exemplo da Expodireto Cotrijal \u2014 e o acesso a programas institucionais de compra de alimentos, como o Programa de Aquisi\u00e7\u00e3o de Alimentos (PAA) e o Programa Nacional de Alimenta\u00e7\u00e3o Escolar (Pnae).<\/p>\n<ul>\n<li>\n<p><strong><a href=\"https:\/\/www.estado.rs.gov.br\/governo-autoriza-retomada-do-bonus-de-adimplencia-do-feaper-e-amplia-prazo-para-regularizacao-de-contratos\" target=\"_blank\" rel=\"noopener\">Governo autoriza retomada do b\u00f4nus de adimpl\u00eancia para agricultores familiares e amplia prazo para regulariza\u00e7\u00e3o de contratos<\/a><\/strong><\/p>\n<\/li>\n<\/ul>\n<p>As agroind\u00fastrias que pertencem ao Peaf podem participar das feiras da Agricultura Familiar promovidas pela SDR. Em 2025 o Peaf alcan\u00e7ou um Marco com a certifica\u00e7\u00e3o de inclus\u00e3o da agroind\u00fastria de n\u00famero 2.000, o que refor\u00e7a o compromisso do governo com a valoriza\u00e7\u00e3o das fam\u00edlias rurais, impulsionando o avan\u00e7o econ\u00f4mico e social em todas as regi\u00f5es do Estado.\u00a0<\/p>\n<hr \/>\n<h6><strong>GOV RS | Texto: Ascom Emater\/RS-Ascar | Edi\u00e7\u00e3o: Secom | Fotos: Pen\u00e9lope Miranda\/Ascom SDR<\/strong><\/h6>\n\n\n<center><iframe loading=\"lazy\" class=\"jmvplayer\" src=\"https:\/\/player.jmvstream.com\/lvw\/YYGWo5wfZuZ8fEW7Qoq1ISwhLSEDhU\" allowfullscreen allow=\"autoplay; fullscreen\" frameborder=\"0\" width=\"640\" height=\"360\" ><\/iframe><\/center>\n<\/div><\/div>","protected":false},"excerpt":{"rendered":"<p>Levantamento ocorrer\u00e1 por meio de question\u00e1rio a ser aplicado para mais de 4 mil fam\u00edlias O governo do Estado lan\u00e7ou, nesta\u00a0quarta-feira (11\/3),\u00a0o Diagn\u00f3stico Socioecon\u00f4mico do Programa Estadual de Agroind\u00fastria Familiar (Peaf).\u00a0O estudo reunir\u00e1 informa\u00e7\u00f5es de mais de 4 mil fam\u00edlias em temas como gest\u00e3o das agroind\u00fastrias, sucess\u00e3o familiar, qualidade de vida das fam\u00edlias, n\u00edvel de [&hellip;]<\/p>\n","protected":false},"author":4,"featured_media":83325,"comment_status":"open","ping_status":"open","sticky":false,"template":"","format":"standard","meta":{"footnotes":""},"categories":[1],"tags":[],"class_list":["post-83324","post","type-post","status-publish","format-standard","has-post-thumbnail","hentry","category-sem-categoria"],"_links":{"self":[{"href":"https:\/\/sol.fm.br\/radio\/wp-json\/wp\/v2\/posts\/83324","targetHints":{"allow":["GET"]}}],"collection":[{"href":"https:\/\/sol.fm.br\/radio\/wp-json\/wp\/v2\/posts"}],"about":[{"href":"https:\/\/sol.fm.br\/radio\/wp-json\/wp\/v2\/types\/post"}],"author":[{"embeddable":true,"href":"https:\/\/sol.fm.br\/radio\/wp-json\/wp\/v2\/users\/4"}],"replies":[{"embeddable":true,"href":"https:\/\/sol.fm.br\/radio\/wp-json\/wp\/v2\/comments?post=83324"}],"version-history":[{"count":1,"href":"https:\/\/sol.fm.br\/radio\/wp-json\/wp\/v2\/posts\/83324\/revisions"}],"predecessor-version":[{"id":83326,"href":"https:\/\/sol.fm.br\/radio\/wp-json\/wp\/v2\/posts\/83324\/revisions\/83326"}],"wp:featuredmedia":[{"embeddable":true,"href":"https:\/\/sol.fm.br\/radio\/wp-json\/wp\/v2\/media\/83325"}],"wp:attachment":[{"href":"https:\/\/sol.fm.br\/radio\/wp-json\/wp\/v2\/media?parent=83324"}],"wp:term":[{"taxonomy":"category","embeddable":true,"href":"https:\/\/sol.fm.br\/radio\/wp-json\/wp\/v2\/categories?post=83324"},{"taxonomy":"post_tag","embeddable":true,"href":"https:\/\/sol.fm.br\/radio\/wp-json\/wp\/v2\/tags?post=83324"}],"curies":[{"name":"wp","href":"https:\/\/api.w.org\/{rel}","templated":true}]}}