{"id":83348,"date":"2026-03-13T09:36:42","date_gmt":"2026-03-13T12:36:42","guid":{"rendered":"http:\/\/sol.fm.br\/radio\/?p=83348"},"modified":"2026-03-13T09:36:46","modified_gmt":"2026-03-13T12:36:46","slug":"dia-mundial-sem-carne-como-montar-refeicoes-equilibradas-sem-proteina-animal","status":"publish","type":"post","link":"https:\/\/sol.fm.br\/radio\/dia-mundial-sem-carne-como-montar-refeicoes-equilibradas-sem-proteina-animal\/","title":{"rendered":"Dia Mundial Sem Carne: como montar refei\u00e7\u00f5es equilibradas sem prote\u00edna animal"},"content":{"rendered":"<div id=\"dslc-theme-content\"><div id=\"dslc-theme-content-inner\"><p style=\"text-align: center;\"><em>Nutricionista explica o papel da prote\u00edna vegetal, a import\u00e2ncia da combina\u00e7\u00e3o arroz + feij\u00e3o e como planejar refei\u00e7\u00f5es completas para o dia a dia<\/em><\/p>\n<p>No dia 20 de mar\u00e7o, celebra-se o Dia Mundial Sem Carne, data que convida consumidores a refletir sobre diversidade alimentar e a explorar prepara\u00e7\u00f5es nutritivas que valorizem ingredientes de origem vegetal. Com a alimenta\u00e7\u00e3o equilibrada como prioridade para muitas fam\u00edlias, a Josapar \u2014 detentora das marcas Tio Jo\u00e3o, Meu Biju, SupraSoy e Azeite Nova Oliva \u2014 aproveita a relev\u00e2ncia do per\u00edodo e apresenta orienta\u00e7\u00f5es pr\u00e1ticas para compor refei\u00e7\u00f5es completas sem prote\u00edna animal.<\/p>\n<p>Para a nutricionista Dra. Aline Maldonado, consultada pela companhia, a chave est\u00e1 no planejamento de combina\u00e7\u00f5es alimentares que garantam nutrientes essenciais, especialmente quando a carne n\u00e3o \u00e9 o foco do prato. \u201c<em>As prote\u00ednas vegetais, quando bem distribu\u00eddas ao longo do dia e combinadas com outros grupos alimentares, fornecem amino\u00e1cidos, fibras, vitaminas e minerais essenciais para a sa\u00fade<\/em>\u201d, destaca Aline.<\/p>\n<p><strong>Como estruturar refei\u00e7\u00f5es sem prote\u00edna animal<\/strong><\/p>\n<p>Segundo a especialista, n\u00e3o se trata apenas de remover a carne da refei\u00e7\u00e3o, mas de equilibrar o prato. \u201c<em>Leguminosas, cereais integrais, oleaginosas e sementes s\u00e3o fontes importantes de prote\u00edna vegetal. Quando combinadas, como no caso cl\u00e1ssico de arroz e feij\u00e3o, elas contribuem para um perfil de amino\u00e1cidos mais completo, sem perda de qualidade nutricional.\u201d<\/em><\/p>\n<p>Estudos cient\u00edficos sugerem benef\u00edcios associados ao aumento da ingest\u00e3o de prote\u00ednas vegetais. Uma meta-an\u00e1lise publicada no The BMJ demonstrou que maior participa\u00e7\u00e3o de prote\u00edna de origem vegetal na dieta est\u00e1 associada a redu\u00e7\u00e3o no risco de mortalidade total e por doen\u00e7as cardiovasculares, refor\u00e7ando a import\u00e2ncia de diversificar as fontes proteicas na alimenta\u00e7\u00e3o di\u00e1ria.<\/p>\n<p><strong>A import\u00e2ncia da dupla arroz + feij\u00e3o<\/strong><\/p>\n<p>No Brasil, a combina\u00e7\u00e3o de arroz e feij\u00e3o vai al\u00e9m da tradi\u00e7\u00e3o cultural \u2014 ela tamb\u00e9m oferece equil\u00edbrio nutricional. O arroz \u00e9 rico em certos amino\u00e1cidos, enquanto o feij\u00e3o contribui com outros que complementam esse perfil, resultando em uma fonte proteica vegetal eficiente quando associada a legumes, verduras, frutas e gorduras saud\u00e1veis.<\/p>\n<p><em>\u201cArroz e feij\u00e3o n\u00e3o s\u00e3o apenas uma base saborosa, eles oferecem energia, fibras e uma boa propor\u00e7\u00e3o de amino\u00e1cidos essenciais. Quando somados a saladas coloridas, legumes, frutas e uma fonte de gordura boa, como o azeite de oliva, formam uma refei\u00e7\u00e3o completa e nutritiva<\/em>\u201d, aconselha a Dra. Aline.<\/p>\n<p><strong>Prote\u00edna vegetal e gorduras boas no preparo<\/strong><\/p>\n<p>Al\u00e9m de legumes e cereais, incorporar gorduras de qualidade, como o azeite de oliva extravirgem, potencializa o valor nutricional do prato e favorece a absor\u00e7\u00e3o de vitaminas lipossol\u00faveis. <em>\u201cAs gorduras boas ajudam n\u00e3o s\u00f3 na saciedade, mas tamb\u00e9m no aproveitamento dos nutrientes. Por isso, sugerimos que elas fa\u00e7am parte dos preparos com fontes vegetais, seja em refogados, saladas ou molhos\u201d<\/em>, complementa a nutricionista.<\/p>\n<p>Para marcar o Dia Mundial Sem Carne, a Josapar apresenta algumas receitas pr\u00e1ticas e nutritivas que destacam as fontes vegetais como protagonistas da refei\u00e7\u00e3o. Com orienta\u00e7\u00f5es especializadas e escolhas alimentares conscientes, a companhia refor\u00e7a que refei\u00e7\u00f5es equilibradas sem prote\u00edna animal podem ser saborosas, completas e adequadas a diferentes estilos de vida, ao longo de todo o ano.<\/p>\n<p>\u00a0<\/p>\n<p>Confira as receitas:<\/p>\n<p><img loading=\"lazy\" decoding=\"async\" class=\"alignleft\" src=\"https:\/\/files.pressmanager.net\/clientes\/ce3970ebdba23e4c931eecd8cce54121\/imagens\/2026\/03\/11\/c80e85d92ced4f8c12c4380d53299b11_medium.jpg\" width=\"350\" height=\"232\" \/><\/p>\n<p><strong>Roll de berinjela com arroz<\/strong><\/p>\n<p>Ingredientes<\/p>\n<p>- 1 pacote de Tio Jo\u00e3o Cozinha F\u00e1cil Arroz com Br\u00f3colis<\/p>\n<p>- 1 berinjela<\/p>\n<p>- \u00bc de x\u00edcara (ch\u00e1) de Azeite Nova Oliva<\/p>\n<p>- 4 dentes de alho picados mi\u00fados<\/p>\n<p>- 1 cebola ralada<\/p>\n<p>- 1 lata de tomate pelado<\/p>\n<p>- 150 ml de \u00e1gua<\/p>\n<p>- Queijo parmes\u00e3o ralado a gosto<\/p>\n<p>- Sal e pimenta a gosto<\/p>\n<p>Modo de preparo<\/p>\n<p>Prepare o conte\u00fado do pacote de Tio Jo\u00e3o Cozinha F\u00e1cil Arroz com Br\u00f3colis conforme as instru\u00e7\u00f5es da embalagem e reserve. Corte a berinjela em tiras bem finas. Em uma frigideira coloque um fio de Azeite Nova Oliva, deixe aquecer bem e grelhe as fatias de berinjela. Reserve. Coloque as tiras de berinjela sobre uma t\u00e1bua de carne, recheie com uma colher do arroz a ponta de cada berinjela e fa\u00e7a rolinhos.<\/p>\n<p>Para o molho, refogue primeiro o alho at\u00e9 come\u00e7ar a dourar e junte a cebola. Quando a cebola tamb\u00e9m estiver refogada, acrescente o tomate pelado e deixe refogar por aproximadamente 3 minutos. Ent\u00e3o junte a \u00e1gua, deixe reduzir e estar\u00e1 pronto.<\/p>\n<p>Em uma assadeira, coloque os rolinhos, acrescente o molho e leve ao forno preaquecido a 200\u00b0 C por 10 minutos. Retire do forno, salpique o queijo ralado e sirva em seguida.<\/p>\n<p>\u00a0<\/p>\n<p><img loading=\"lazy\" decoding=\"async\" class=\"alignright\" src=\"https:\/\/files.pressmanager.net\/clientes\/ce3970ebdba23e4c931eecd8cce54121\/imagens\/2026\/03\/11\/538ef9b9db619106d9b3d285b52266ef_medium.jpg\" width=\"357\" height=\"237\" \/><\/p>\n<p><strong>Strogonoff de cogumelos<\/strong><\/p>\n<p>Ingredientes<\/p>\n<p>- 1 x\u00edcara (ch\u00e1) de Tio Jo\u00e3o Cozinha F\u00e1cil \u2013 Arroz com Funghi<\/p>\n<p>- \u00bc de x\u00edcara (ch\u00e1) de Azeite Nova Oliva<\/p>\n<p>- 3 alhos amassados<\/p>\n<p>- 1 cebola em cubos<\/p>\n<p>- 2 colheres (sopa) de cogumelo Shitake<\/p>\n<p>- 6 unidades de cogumelo Paris<\/p>\n<p>- 500 g de creme de leite<\/p>\n<p>- Sal e noz-moscada a gosto<\/p>\n<p>- Cebolinha (para decorar) a gosto<\/p>\n<p>Modo de preparo<\/p>\n<p>Prepare o Tio Jo\u00e3o Cozinha F\u00e1cil \u2013 Arroz com Funghi conforme as instru\u00e7\u00f5es da embalagem e reserve. Em uma panela, aque\u00e7a um fio de Azeite Nova Oliva, refogue o alho at\u00e9 dourar levemente, depois acrescente a cebola e refogue at\u00e9 ela murchar. Adicione os cogumelos Shitake e Paris, e mexa por mais 3 minutos at\u00e9 eles fritarem levemente. Abaixe o fogo e acrescente o creme de leite. Tempere com sal e a noz-moscada e mexa devagar, deixe reduzir e estar\u00e1 pronto.<\/p>\n<p>Em uma travessa, coloque o arroz e o molho de cogumelos por cima, finalize com cebolinha e sirva em seguida.<\/p>\n<p>\u00a0<\/p>\n<p><img loading=\"lazy\" decoding=\"async\" class=\"alignleft\" src=\"https:\/\/files.pressmanager.net\/clientes\/ce3970ebdba23e4c931eecd8cce54121\/imagens\/2026\/03\/11\/514c50e6a7ec7f02f435692a30d2d8d2_medium.jpg\" width=\"351\" height=\"234\" \/><\/p>\n<p><strong>Moqueca de palmito<\/strong><\/p>\n<p>Ingredientes<\/p>\n<p>- \u00bc de x\u00edcara (ch\u00e1) de Azeite Nova Oliva<\/p>\n<p>- 3 dentes de alho amassados<\/p>\n<p>- 1 cebola cortada em cubos<\/p>\n<p>- 1 lata de tomate pelado<\/p>\n<p>- Sal a gosto<\/p>\n<p>- 1 x\u00edcara (ch\u00e1) de \u00e1gua filtrada<\/p>\n<p>- 3 colheres (sopa) de Suprasoy Nature Naturalmente Sem Lactose<\/p>\n<p>- 400 g de palmito em rodelas<\/p>\n<p>- Salsinha a gosto<\/p>\n<p>\u00a0<\/p>\n<p>Modo de preparo<\/p>\n<p>Em uma panela, coloque o Azeite Nova Oliva, o alho, a cebola, e refogue bem, at\u00e9 ficar dourado. Em seguida coloque o tomate pelado e um pouco de sal. Deixe ferver, depois abaixe o fogo e mantenha a panela semitampada.<\/p>\n<p>Depois que o molho j\u00e1 reduziu bem e deu uma boa encorpada, ainda quente, despeje direto no liquidificador, com \u00bd x\u00edcara (ch\u00e1) de \u00e1gua e 2 colheres (sopa) do Suprasoy Nature Naturalmente Sem Lactose, e bata bem, por mais ou menos 3 minutos.<\/p>\n<p>Depois, volte o molho para a panela. Coloque as rodelas de palmito, prove e veja se precisa acertar algum tempero. Finalize com brotos ou salsinha e est\u00e1 pronto para servir.<\/p>\n<p>\u00a0<\/p>\n<p><img loading=\"lazy\" decoding=\"async\" class=\"alignright\" src=\"https:\/\/files.pressmanager.net\/clientes\/ce3970ebdba23e4c931eecd8cce54121\/imagens\/2026\/03\/11\/85954c6103c85aa144b1a25ff817dda3_medium.jpg\" width=\"347\" height=\"231\" \/><\/p>\n<p><strong>Nhoque de banana-da-terra e molho branco<\/strong><\/p>\n<p>Ingredientes<\/p>\n<p>- Alho e cebola a gosto<\/p>\n<p>- \u00bc de x\u00edcara (ch\u00e1) de Azeite Nova Oliva<\/p>\n<p>- 500 ml leite de coco<\/p>\n<p>- 1 x\u00edcara (ch\u00e1) de creme de castanha ou de tofu<\/p>\n<p>- \u00bd x\u00edcara (ch\u00e1) de \u00e1gua<\/p>\n<p>- 1 colher (sopa) de SupraSoy Nature Naturalmente Sem Lactose<\/p>\n<p>- \u00bc de suco lim\u00e3o siciliano<\/p>\n<p>- Sal a gosto<\/p>\n<p>- Noz-moscada a gosto<\/p>\n<p>- 5 bananas-da-terra<\/p>\n<p>- \u00d3leo para fritar<\/p>\n<p>- Cebolinha a gosto<\/p>\n<p>Modo de preparo:<\/p>\n<p>Para o molho, em uma panela, refogue o alho e a cebola no Azeite Nova Oliva, at\u00e9 ficarem bem dourados. Depois, acrescente o leite de coco e deixe em fogo alto at\u00e9 ferver. Abaixe o fogo e deixe at\u00e9 reduzir e engrossar. Acrescente 1 x\u00edcara (ch\u00e1) de creme de tofu ou de castanha, mais \u00bd x\u00edcara (ch\u00e1) de \u00e1gua.<\/p>\n<p>Ainda com o fogo baixo, acrescente o SupraSoy Nature Naturalmente Sem Lactose e mexa bem com um fouet at\u00e9 todos os ingredientes estarem bem incorporados, formando um molho bem cremoso. Por \u00faltimo, acrescente o sumo de \u00bc de lim\u00e3o, o sal e a noz\u2013moscada, misture tudo, prove e veja se \u00e9 preciso acertar o tempero.<\/p>\n<p>Cozinhe as bananas em \u00e1gua fervente por 15 minutos. Escorra, descasque e bata a polpa no processador at\u00e9 obter uma massa lisa e homog\u00eanea. Cubra com um pl\u00e1stico filme, encostando na banana, e leve para gelar por mais ou menos 2 horas. Depois, tire da geladeira, unte as m\u00e3os com Azeite Nova Oliva e v\u00e1 fazendo bolinhas com a massa de banana-da-terra. Depois \u00e9 s\u00f3 fritar em \u00f3leo bem quente, deixar dourar, misturar o molho, finalizar com cebolinha fresca e servir.<\/p>\n<p>\u00a0<\/p>\n<p><strong>Mais informa\u00e7\u00f5es<\/strong><\/p>\n<p>Para conferir receitas como estas e muitas outras, acesse o site das marcas Tio Jo\u00e3o e SupraSoy. Mais informa\u00e7\u00f5es e para adquirir os produtos da Josapar, acesse o e-commerce Armaz\u00e9m Tio Jo\u00e3o.<\/p>\n<p>\u00a0<\/p>\n<p><strong>Sobre a Josapar<\/strong><\/p>\n<p>Com uma tradi\u00e7\u00e3o de qualidade desde 1922 e l\u00edder nacional do mercado de arroz, a Josapar possui unidades industriais em Pelotas (RS), Jaboat\u00e3o dos Guararapes (PE), Itaqui (RS) e Cristalina (GO), e conta com os mais modernos processos de produ\u00e7\u00e3o. A empresa det\u00e9m a Certifica\u00e7\u00e3o FSSC 22000, uma norma internacional de seguran\u00e7a de alimentos reconhecida pela Global Food Safety Initiative (GFSI), para as principais unidades de arroz branco e arroz parboilizado. Al\u00e9m do tradicional Arroz Tio Jo\u00e3o, a Josapar est\u00e1 presente no mercado com o arroz e o feij\u00e3o Meu Biju; com a marca SupraSoy, de alimentos em p\u00f3 \u00e0 base de prote\u00edna vegetal; com o Azeite Nova Oliva; e as marcas Soy+, Beleza, Tio Mingote e No Ponto.<\/p>\n<hr \/>\n<h6><strong>ATDC Group | Fotos: Divulga\u00e7\u00e3o<\/strong><\/h6>\n\n\n<center><iframe loading=\"lazy\" class=\"jmvplayer\" src=\"https:\/\/player.jmvstream.com\/lvw\/YYGWo5wfZuZ8fEW7Qoq1ISwhLSEDhU\" allowfullscreen allow=\"autoplay; fullscreen\" frameborder=\"0\" width=\"640\" height=\"360\" ><\/iframe><\/center>\n<\/div><\/div>","protected":false},"excerpt":{"rendered":"<p>Nutricionista explica o papel da prote\u00edna vegetal, a import\u00e2ncia da combina\u00e7\u00e3o arroz + feij\u00e3o e como planejar refei\u00e7\u00f5es completas para o dia a dia No dia 20 de mar\u00e7o, celebra-se o Dia Mundial Sem Carne, data que convida consumidores a refletir sobre diversidade alimentar e a explorar prepara\u00e7\u00f5es nutritivas que valorizem ingredientes de origem vegetal. [&hellip;]<\/p>\n","protected":false},"author":4,"featured_media":83349,"comment_status":"open","ping_status":"open","sticky":false,"template":"","format":"standard","meta":{"footnotes":""},"categories":[1],"tags":[],"class_list":["post-83348","post","type-post","status-publish","format-standard","has-post-thumbnail","hentry","category-sem-categoria"],"_links":{"self":[{"href":"https:\/\/sol.fm.br\/radio\/wp-json\/wp\/v2\/posts\/83348","targetHints":{"allow":["GET"]}}],"collection":[{"href":"https:\/\/sol.fm.br\/radio\/wp-json\/wp\/v2\/posts"}],"about":[{"href":"https:\/\/sol.fm.br\/radio\/wp-json\/wp\/v2\/types\/post"}],"author":[{"embeddable":true,"href":"https:\/\/sol.fm.br\/radio\/wp-json\/wp\/v2\/users\/4"}],"replies":[{"embeddable":true,"href":"https:\/\/sol.fm.br\/radio\/wp-json\/wp\/v2\/comments?post=83348"}],"version-history":[{"count":1,"href":"https:\/\/sol.fm.br\/radio\/wp-json\/wp\/v2\/posts\/83348\/revisions"}],"predecessor-version":[{"id":83350,"href":"https:\/\/sol.fm.br\/radio\/wp-json\/wp\/v2\/posts\/83348\/revisions\/83350"}],"wp:featuredmedia":[{"embeddable":true,"href":"https:\/\/sol.fm.br\/radio\/wp-json\/wp\/v2\/media\/83349"}],"wp:attachment":[{"href":"https:\/\/sol.fm.br\/radio\/wp-json\/wp\/v2\/media?parent=83348"}],"wp:term":[{"taxonomy":"category","embeddable":true,"href":"https:\/\/sol.fm.br\/radio\/wp-json\/wp\/v2\/categories?post=83348"},{"taxonomy":"post_tag","embeddable":true,"href":"https:\/\/sol.fm.br\/radio\/wp-json\/wp\/v2\/tags?post=83348"}],"curies":[{"name":"wp","href":"https:\/\/api.w.org\/{rel}","templated":true}]}}