{"id":83351,"date":"2026-03-13T09:48:00","date_gmt":"2026-03-13T12:48:00","guid":{"rendered":"http:\/\/sol.fm.br\/radio\/?p=83351"},"modified":"2026-03-13T09:48:04","modified_gmt":"2026-03-13T12:48:04","slug":"operacao-verao-total-2025-2026-consolida-atuacao-integrada-como-estrategia-de-cuidado-e-protecao-a-populacao","status":"publish","type":"post","link":"https:\/\/sol.fm.br\/radio\/operacao-verao-total-2025-2026-consolida-atuacao-integrada-como-estrategia-de-cuidado-e-protecao-a-populacao\/","title":{"rendered":"Opera\u00e7\u00e3o Ver\u00e3o Total 2025\/2026 consolida atua\u00e7\u00e3o integrada como estrat\u00e9gia de cuidado e prote\u00e7\u00e3o \u00e0 popula\u00e7\u00e3o"},"content":{"rendered":"<div id=\"dslc-theme-content\"><div id=\"dslc-theme-content-inner\"><p style=\"text-align: center;\"><em>Amplia\u00e7\u00e3o da oferta de servi\u00e7os de mais de 30 \u00f3rg\u00e3os estaduais reduziu \u00edndices criminais e fortaleceu a\u00e7\u00f5es preventivas<\/em><\/p>\n<p>A Opera\u00e7\u00e3o Ver\u00e3o Total 2025\/2026 encerrou a temporada com resultados positivos na amplia\u00e7\u00e3o da oferta de servi\u00e7os p\u00fablicos. Realizada pelo governo do Estado entre dezembro e mar\u00e7o, envolveu mais de 30 \u00f3rg\u00e3os e entidades estaduais, consolidando o modelo de atua\u00e7\u00e3o integrada em praias, lagoas e balne\u00e1rios ga\u00fachos. Al\u00e9m da amplia\u00e7\u00e3o da oferta de servi\u00e7os, este ano as guaritas de guarda-vidas serviram como pontos de acolhimento e orienta\u00e7\u00e3o para mulheres v\u00edtimas de viol\u00eancia.<\/p>\n<p>O vice-governador e coordenador da opera\u00e7\u00e3o, Gabriel Souza, destacou a integra\u00e7\u00e3o entre os \u00f3rg\u00e3os estaduais como estrat\u00e9gia de cuidado e prote\u00e7\u00e3o \u00e0 popula\u00e7\u00e3o. <em>\u201cEm mais uma edi\u00e7\u00e3o, a Opera\u00e7\u00e3o Ver\u00e3o Total mostra que, quando atuamos de forma integrada, os resultados aparecem efetivamente na vida das pessoas\"<\/em>, ressaltou.<\/p>\n<p><em>\"Este ano reduzimos indicadores criminais e ampliamos de forma expressiva servi\u00e7os em \u00e1reas como sa\u00fade, mobilidade, meio ambiente e inclus\u00e3o. A presen\u00e7a coordenada em praias, lagoas e balne\u00e1rios ga\u00fachos garantiu um veraneio mais seguro, com um Estado mais acolhedor e preparado para atender as pessoas que vivem e visitam a regi\u00e3o\u201d<\/em>, complementou o vice-governador.<\/p>\n<figure class=\"artigo__ilustracao\"><a href=\"https:\/\/www.estado.rs.gov.br\/upload\/recortes\/202603\/11174059_2258403_GDO.jpeg\" data-credito=\"Rodrigo Ziebell\/Ascom GVG\" data-urlamigavel=\"\/midia\/imagem\/policia-penal-cassino-rodrigo-ziebell-jpg-jpeg\" data-legenda=\"A\u00e7\u00e3o dos servidores da Seguran\u00e7a P\u00fablica ajudou a reduzir em 51% os crimes violentos e 44% os roubos a pedestres\" data-label-credito=\"Foto: \"><img loading=\"lazy\" decoding=\"async\" class=\"img-responsive aligncenter\" src=\"https:\/\/www.estado.rs.gov.br\/upload\/recortes\/202603\/11174059_2258403_GDO.jpeg\" alt=\"Foto mostra governador Eduardo Leite e vice-governador Gabriel Souza na Opera\u00e7\u00e3o Ver\u00e3o Total.\" width=\"675\" height=\"449\" \/><\/a>\n<figcaption class=\"artigo__ilustracao__legenda\"><\/figcaption>\n<\/figure>\n<p><strong>Seguran\u00e7a e preven\u00e7\u00e3o nas praias<\/strong><\/p>\n<p>A Opera\u00e7\u00e3o Ver\u00e3o Total 2025\/2026 apresentou, entre 13 de dezembro de 2025 e 17 de fevereiro de 2026, redu\u00e7\u00e3o de 51% nos crimes violentos letais intencionais (CVLI), 44% nos roubos a pedestres e 11% nos roubos de ve\u00edculos em compara\u00e7\u00e3o com o mesmo per\u00edodo do ver\u00e3o anterior.\u00a0<\/p>\n<p>\"<em>Os resultados nos indicadores criminais confirmam que a presen\u00e7a coordenada do Estado salva vidas e previne crimes. A Opera\u00e7\u00e3o Ver\u00e3o Total tem sido fundamental para garantir um ver\u00e3o cada vez mais seguro, fortalecendo a confian\u00e7a da popula\u00e7\u00e3o nas for\u00e7as de seguran\u00e7a\"<\/em>, avaliou o secret\u00e1rio de Seguran\u00e7a P\u00fablica, M\u00e1rio Yukio Ikeda.<\/p>\n<p>Cerca de 3,3 mil servidores foram mobilizados, incluindo Brigada Militar (BM), Pol\u00edcia Civil (PC), Corpo de Bombeiros Militar (CBMRS), Instituto-Geral de Per\u00edcias (IGP-RS) e Departamento Estadual de Tr\u00e2nsito (DetranRS). Esse efetivo atuou de forma articulada em patrulhamento, salvamentos, fiscaliza\u00e7\u00e3o, identifica\u00e7\u00e3o civil, atividades educativas, a\u00e7\u00f5es de acessibilidade e atendimento social.<\/p>\n<ul>\n<li><a href=\"https:\/\/www.estado.rs.gov.br\/governo-do-estado-mobiliza-quase-3-3-mil-servidores-das-forcas-de-seguranca-para-a-operacao-verao-total\" target=\"_blank\" rel=\"noopener\"><strong>Governo do Estado mobiliza quase 3,3 mil servidores das for\u00e7as de seguran\u00e7a para a Opera\u00e7\u00e3o Ver\u00e3o Total<br \/><br \/><\/strong><\/a><\/li>\n<\/ul>\n<figure class=\"artigo__ilustracao--direita\"><a href=\"https:\/\/www.estado.rs.gov.br\/upload\/recortes\/202603\/11173438_2258332_GDO.jpeg\" data-credito=\"Joel Vargas\/Ascom GVG\" data-urlamigavel=\"\/midia\/imagem\/banho-assistido-tramandai-joel-vargas-jpg-jpeg\" data-legenda=\"Bombeiros promoveram 653 banhos assistidos para pessoas com defici\u00eancia em parceria com a Faders\" data-label-credito=\"Foto: \"><img loading=\"lazy\" decoding=\"async\" class=\"img-responsive alignright\" src=\"https:\/\/www.estado.rs.gov.br\/upload\/recortes\/202603\/11173438_2258332_MDO.jpeg\" alt=\"Foto mostra o vice-governador Gabriel Souza na Opera\u00e7\u00e3o Ver\u00e3o Total com um cadeirante e outros servidores. Todos vestem camisetas laranjas. \" width=\"488\" height=\"731\" \/><\/a>\n<figcaption class=\"artigo__ilustracao__legenda\"><\/figcaption>\n<\/figure>\n<p>O CBMRS realizou 854 salvamentos, 507.826 a\u00e7\u00f5es preventivas e encontrou 1.206 pessoas perdidas. Os bombeiros tamb\u00e9m promoveram 653 banhos assistidos em parceria com a Faders (Funda\u00e7\u00e3o de Articula\u00e7\u00e3o e Desenvolvimento de Pol\u00edticas P\u00fablicas para Pessoas com Defici\u00eancia e Pessoas com Altas Habilidades no Rio Grande do Sul), por meio do Programa Rede Praia Acess\u00edvel. As atividades foram realizadas em 61 guaritas acess\u00edveis, n\u00famero superior a todas as edi\u00e7\u00f5es anteriores da opera\u00e7\u00e3o.<\/p>\n<p>\u00a0<\/p>\n<ul>\n<li><a href=\"https:\/\/www.estado.rs.gov.br\/governo-do-estado-promove-acoes-educativas-para-criancas-e-banho-assistido-na-praia-do-cassino-na-sexta-feira-6\" target=\"_blank\" rel=\"noopener\"><strong>Governo do Estado promove a\u00e7\u00f5es educativas para crian\u00e7as e banho assistido na Praia do Cassino, na sexta-feira (6)<br \/><\/strong><\/a><\/li>\n<li><a href=\"https:\/\/www.estado.rs.gov.br\/programa-do-estado-rede-praia-acessivel-resgata-alegria-e-autoestima-para-pessoas-com-deficiencia-ou-mobilidade-reduzida\" target=\"_blank\" rel=\"noopener\"><strong>Programa do Estado, Rede Praia Acess\u00edvel resgata alegria e autoestima de pessoas com defici\u00eancia ou mobilidade reduzida<br \/><br \/><\/strong><\/a><\/li>\n<li><strong><a href=\"https:\/\/faders.rs.gov.br\/confira-as-datas-e-locais-do-banho-assistido-em-cadeira-anfibia\" target=\"_blank\" rel=\"noopener\">Programa Rede Praia Acess\u00edvel Expande Servi\u00e7os! Chegamos a 53 Guaritas Acess\u00edveis - FADERS<\/a><\/strong><br \/><br \/><\/li>\n<\/ul>\n<p>Al\u00e9m disso, o CBMRS atendeu 2.086 crian\u00e7as no Projeto Guarda-vidas Mirim, dando dicas sobre preven\u00e7\u00e3o, condutas e cuidados na beira da praia, e, em a\u00e7\u00e3o in\u00e9dita, disponibilizou guaritas aptas a acolher e orientar mulheres v\u00edtimas de viol\u00eancia.<\/p>\n<ul>\n<li><a href=\"https:\/\/bombeiros.rs.gov.br\/projetos-de-educacao-preventiva\" target=\"_blank\" rel=\"noopener\"><strong>Projeto Guarda-vidas Mirim - Corpo de Bombeiros Militar do RS<br \/><br \/><\/strong><\/a><\/li>\n<\/ul>\n<figure class=\"artigo__ilustracao\"><a href=\"https:\/\/www.estado.rs.gov.br\/upload\/recortes\/202603\/11173832_2258381_GDO.jpeg\" data-credito=\"Rodrigo Ziebell\/Ascom GVG\" data-urlamigavel=\"\/midia\/imagem\/balada-segura-cassino-rodrigo-ziebell-jpg-jpeg\" data-legenda=\"Leite e Gabriel participaram de a\u00e7\u00e3o educativa do projeto Balada Segura, que foi realizada em 12 praias\" data-label-credito=\"Foto: \"><img loading=\"lazy\" decoding=\"async\" class=\"img-responsive aligncenter\" src=\"https:\/\/www.estado.rs.gov.br\/upload\/recortes\/202603\/11173832_2258381_GDO.jpeg\" alt=\"Foto mostra governador Eduardo Leite e vice-governador Gabriel Souza na Opera\u00e7\u00e3o Ver\u00e3o Total. Eles vestem camisetas laranjas. \" width=\"709\" height=\"472\" \/><\/a>\n<figcaption class=\"artigo__ilustracao__legenda\"><\/figcaption>\n<\/figure>\n<p><strong>Tr\u00e2nsito, identifica\u00e7\u00e3o civil e sistema prisional<\/strong><\/p>\n<p>O DetranRS levou o projeto Balada Segura\u00a0a 12 praias, realizando a\u00e7\u00f5es educativas de combate \u00e0 alcoolemia no tr\u00e2nsito que alcan\u00e7aram 2.760 pessoas, com 79 a\u00e7\u00f5es de blitz que resultaram em 2.967 autua\u00e7\u00f5es e 331 ve\u00edculos recolhidos.<\/p>\n<ul>\n<li><strong><a href=\"https:\/\/www.detran.rs.gov.br\/balada-segura-5bd3bf22068cf\" target=\"_blank\" rel=\"noopener\">Balada Segura - DetranRS - em defesa da vida<br \/><br \/><\/a><\/strong><\/li>\n<\/ul>\n<p>O IGP-RS emitiu 9.567 Carteiras de Identifica\u00e7\u00e3o Nacional (CIN) em seis munic\u00edpios, distribuiu mais de 1.600 informativos, bem como realizou 1.364 exames periciais cl\u00ednicos e 259 exames de natureza m\u00e9dico-legal, garantindo cidadania e suporte t\u00e9cnico \u00e0s a\u00e7\u00f5es da opera\u00e7\u00e3o.\u00a0Para garantir mais seguran\u00e7a, a Pol\u00edcia Penal intensificou a fiscaliza\u00e7\u00e3o em unidades prisionais do Litoral Norte e Sul. Ao longo da temporada, foram realizadas 4.479 revistas a apenados, sete fiscaliza\u00e7\u00f5es domiciliares, 1.512 fiscaliza\u00e7\u00f5es de monitorados e 12 intercepta\u00e7\u00f5es de entrada de il\u00edcitos em pres\u00eddios.<\/p>\n<ul>\n<li><a href=\"https:\/\/www.estado.rs.gov.br\/governo-do-estado-destaca-policia-penal-para-realizacao-de-revistas-preventivas-em-unidades-prisionais-no-litoral\" target=\"_blank\" rel=\"noopener\"><strong>Governo do Estado destaca Pol\u00edcia Penal para realiza\u00e7\u00e3o de revistas preventivas em unidades prisionais no Litoral<br \/><br \/><\/strong><\/a><\/li>\n<\/ul>\n<figure class=\"artigo__ilustracao\"><a href=\"https:\/\/www.estado.rs.gov.br\/upload\/recortes\/202603\/11174236_2258414_GDO.jpeg\" data-credito=\"Rodrigo Ziebell\/Ascom GVG\" data-urlamigavel=\"\/midia\/imagem\/primeiros-socorros-cassino-rodrigo-ziebell-jpg-jpeg\" data-legenda=\"Governador Eduardo Leite e vice-governador Gabriel Souza acompanham servidores da sa\u00fade em simula\u00e7\u00e3o de primeiros socorros\" data-label-credito=\"Foto: \"><img loading=\"lazy\" decoding=\"async\" class=\"img-responsive aligncenter\" src=\"https:\/\/www.estado.rs.gov.br\/upload\/recortes\/202603\/11174236_2258414_GDO.jpeg\" alt=\"Foto mostra governador Eduardo Leite e vice-governador Gabriel Souza na Opera\u00e7\u00e3o Ver\u00e3o Total. Eles acompanham servidores da sa\u00fade simulando um atendimento de primeiros socorros. \" width=\"724\" height=\"482\" \/><\/a>\n<figcaption class=\"artigo__ilustracao__legenda\"><\/figcaption>\n<\/figure>\n<p><strong>Sa\u00fade, inclus\u00e3o e apoio ao cidad\u00e3o<\/strong><\/p>\n<p>O governo do Estado repassou R$ 6,34 milh\u00f5es extras para refor\u00e7ar servi\u00e7os de sa\u00fade nos munic\u00edpios litor\u00e2neos. Entre as a\u00e7\u00f5es, destacam-se a aplica\u00e7\u00e3o de mais de 2,5 mil doses da tr\u00edplice viral; campanhas de vacina\u00e7\u00e3o e preven\u00e7\u00e3o de doen\u00e7as; orienta\u00e7\u00f5es sobre o Servi\u00e7o de Atendimento M\u00f3vel de Urg\u00eancia (Samu), sobre doa\u00e7\u00e3o de \u00f3rg\u00e3os e primeiros socorros; assim como opera\u00e7\u00f5es de fiscaliza\u00e7\u00e3o sanit\u00e1ria em 41 estabelecimentos.<\/p>\n<ul>\n<li><a href=\"https:\/\/www.estado.rs.gov.br\/vice-governador-anuncia-repasse-de-r-6-34-milhoes-para-acoes-de-saude-na-operacao-verao-total\" target=\"_blank\" rel=\"noopener\"><strong>Vice-governador anuncia repasse de R$ 6,34 milh\u00f5es para a\u00e7\u00f5es de sa\u00fade na Opera\u00e7\u00e3o Ver\u00e3o Total<br \/><br \/><\/strong><\/a><\/li>\n<\/ul>\n<p>A Secretaria da Mulher, que promoveu a\u00e7\u00f5es de esclarecimento sobre den\u00fancias, alinhamento com redes de atendimento para mulheres, preven\u00e7\u00e3o e combate ao ass\u00e9dio. Al\u00e9m disso, esse ano, as guaritas de guarda-vidas serviram como ponto de apoio para den\u00fancias de mulheres v\u00edtimas de viol\u00eancia.\u00a0<\/p>\n<ul>\n<li><a href=\"https:\/\/www.estado.rs.gov.br\/em-acao-do-governo-do-estado-guaritas-do-litoral-irao-acolher-e-orientar-mulheres-vitimas-de-violencia-na-operacao-verao-total\" target=\"_blank\" rel=\"noopener\"><strong>Em a\u00e7\u00e3o do governo do Estado, guaritas do litoral ir\u00e3o acolher e orientar mulheres v\u00edtimas de viol\u00eancia na Opera\u00e7\u00e3o Ver\u00e3o Total<br \/><br \/><\/strong><\/a><\/li>\n<\/ul>\n<p>Outros atendimentos voltados aos cidad\u00e3os foram oferecidos pelo Procon RS, que esteve em 20 munic\u00edpios orientando consumidores sobre o direito do consumidor; pela Funda\u00e7\u00e3o Ga\u00facha do Trabalho e A\u00e7\u00e3o Social (Fgtas), que prestou 1.315 atendimentos em 14 cidades, com vagas de emprego e orienta\u00e7\u00f5es sobre o mercado de trabalho; e a Unidade M\u00f3vel do Tudo F\u00e1cil, que somou mais de cinco mil atendimentos.<\/p>\n<figure class=\"artigo__ilustracao\"><a href=\"https:\/\/www.estado.rs.gov.br\/upload\/recortes\/202603\/11174012_2258392_GDO.jpeg\" data-credito=\"Rodrigo Ziebell\/Ascom GVG\" data-urlamigavel=\"\/midia\/imagem\/guarda-vida-mirim-cassino-rodrigo-ziebell-jpg-jpeg\" data-legenda=\"Leite e Gabriel acompanharam atua\u00e7\u00e3o de guarda-vidas mirins dentro da Opera\u00e7\u00e3o Ver\u00e3o Total\" data-label-credito=\"Foto: \"><img loading=\"lazy\" decoding=\"async\" class=\"img-responsive aligncenter\" src=\"https:\/\/www.estado.rs.gov.br\/upload\/recortes\/202603\/11174012_2258392_GDO.jpeg\" alt=\"Foto mostra governador Eduardo Leite na Opera\u00e7\u00e3o Ver\u00e3o Total com guarda-vidas mirins. Todos vestem camisetas laranja. Um bombeiro de farda azul escuro tamb\u00e9m est\u00e1 na foto.\" width=\"730\" height=\"486\" \/><\/a>\n<figcaption class=\"artigo__ilustracao__legenda\"><\/figcaption>\n<\/figure>\n<p><strong>Turismo, lazer, meio ambiente e agricultura<\/strong><\/p>\n<p>A Opera\u00e7\u00e3o tamb\u00e9m mobilizou a\u00e7\u00f5es voltadas para turismo, lazer, meio ambiente e agricultura.\u00a0A Secretaria de Turismo (Setur) orientou visitantes nas aduanas, promoveu o Festival Ver\u00e3o Ga\u00facho e refor\u00e7ou a comunica\u00e7\u00e3o tur\u00edstica da temporada com a campanha Ver\u00e3o Ga\u00facho.<\/p>\n<ul>\n<li><a href=\"https:\/\/www.estado.rs.gov.br\/governo-do-estado-promove-acoes-de-educacao-ambiental-esporte-e-lazer-durante-operacao-verao-em-torres\" target=\"_blank\" rel=\"noopener\"><strong>Governo do Estado promove a\u00e7\u00f5es de educa\u00e7\u00e3o ambiental, esporte e lazer durante Opera\u00e7\u00e3o Ver\u00e3o em Torres<\/strong><br \/><br \/><\/a><\/li>\n<\/ul>\n<p>A Secretaria do Esporte e Lazer (SEL) promoveu pr\u00e1ticas esportivas e oficinas recreativas por meio do Circuito Ver\u00e3o em Movimento, dentro do Programa Esporte e Lazer em Movimento, que tiveram mais de 2.100 participantes em sete praias do litoral norte.<\/p>\n<ul>\n<li><a href=\"https:\/\/www.estado.rs.gov.br\/governo-do-estado-leva-programa-esporte-e-lazer-em-movimento-para-o-litoral-a-partir-de-quinta-feira-8\" target=\"_blank\" rel=\"noopener\"><strong>Governo do Estado leva Programa Esporte e Lazer em Movimento para o litoral a partir de quinta-feira (8)<br \/><br \/><\/strong><\/a><\/li>\n<li><strong><a title=\"https:\/\/esporte.rs.gov.br\/vandoesporte-675587c152c42\" href=\"https:\/\/esporte.rs.gov.br\/vandoesporte-675587c152c42\">Programa Esporte e Lazer em Movimento<br \/><br \/><\/a><\/strong><\/li>\n<\/ul>\n<p>A Funda\u00e7\u00e3o Estadual de Prote\u00e7\u00e3o Ambiental (Fepam) monitorou 96 pontos de balneabilidade em 45 munic\u00edpios, com 92% deles pr\u00f3prios para banho, contra os 89,8% da edi\u00e7\u00e3o passada. As atividades de educa\u00e7\u00e3o ambiental ficaram por conta da Secretaria do Meio Ambiente e Infraestrutura (Sema) e envolveram mais de 800 pessoas nas praias ga\u00fachas.\u00a0<\/p>\n<ul>\n<li><a href=\"https:\/\/www.estado.rs.gov.br\/praias-do-litoral-norte-do-rs-tem-aguas-proprias-para-banho-aponta-primeiro-boletim-do-balneabilidade-2025-2026\" target=\"_blank\" rel=\"noopener\"><strong>Praias do Litoral Norte do RS t\u00eam \u00e1guas pr\u00f3prias para banho, aponta primeiro boletim do Balneabilidade 2025\/2026<br \/><br \/><\/strong><\/a><\/li>\n<\/ul>\n<p>No \u00e2mbito da Secretaria da Agricultura, Pecu\u00e1ria, Produ\u00e7\u00e3o Sustent\u00e1vel e Irriga\u00e7\u00e3o (Seapi), foram fiscalizados 334 equinos na Cavalgada do Mar. A Seapi tamb\u00e9m apoiou oito for\u00e7as-tarefa de seguran\u00e7a alimentar e apreendeu 3,2 toneladas de produtos impr\u00f3prios para consumo em barreiras de tr\u00e2nsito. J\u00e1 a Secretaria da Fazenda (Sefaz) verificou 71 estabelecimentos e lavrou 150 autos de infra\u00e7\u00e3o, totalizando R$ 277,1 mil em ICMS.<\/p>\n<ul>\n<li><a href=\"https:\/\/www.estado.rs.gov.br\/com-apoio-do-governo-do-estado-feiras-da-agricultura-familiar-fortalecem-agroindustrias-e-artesanato-no-litoral\" target=\"_blank\" rel=\"noopener\"><strong>Com apoio do governo do Estado, Feiras da Agricultura Familiar fortalecem agroind\u00fastrias e artesanato no litoral<br \/><br \/><\/strong><\/a><\/li>\n<\/ul>\n<figure class=\"artigo__ilustracao\"><a href=\"https:\/\/www.estado.rs.gov.br\/upload\/recortes\/202601\/12160030_2243142_GDO.jpg\" data-credito=\"Igor de Almeida\/Ascom Sema \" data-urlamigavel=\"\/midia\/imagem\/governo-do-estado-promove-acoes-de-educacao-ambiental-esporte-e-lazer-durante-operacao-verao-em-torres-jpg\" data-legenda=\"A\u00e7\u00f5es ambientais incentivaram pr\u00e1ticas sustent\u00e1veis e aproximaram veranistas da natureza\" data-label-credito=\"Foto: \"><img loading=\"lazy\" decoding=\"async\" class=\"img-responsive aligncenter\" src=\"https:\/\/www.estado.rs.gov.br\/upload\/recortes\/202601\/12160030_2243142_GDO.jpg\" alt=\"Esta \u00e9 uma descri\u00e7\u00e3o da imagem para fins de acessibilidade:\n\nA fotografia registra uma caminhada guiada em meio \u00e0 natureza, capturando um grupo de pessoas em uma trilha ladeada por vegeta\u00e7\u00e3o densa.\n\nDetalhes da Cena\nPrimeiro Plano: No canto superior e lateral esquerda, h\u00e1 um belo arranjo de flores roxas vibrantes (possivelmente Manac\u00e1-da-serra) propositalmente desfocadas, que servem como uma moldura natural para a foto.\n\nGrupo de Pessoas: No centro da imagem, cerca de 15 a 20 pessoas de diversas idades caminham por uma trilha de terra clara. \u00c0 frente do grupo, destaca-se uma mulher usando uma camiseta verde, cal\u00e7a legging cinza, \u00f3culos escuros e um chap\u00e9u de trilha. Os demais participantes vestem roupas leves e esportivas, adequadas para a atividade ao ar livre.\n\nAmbiente e Vegeta\u00e7\u00e3o: O caminho \u00e9 cercado por \u00e1rvores frondosas e arbustos verdes, criando um corredor natural sombreado. Do lado direito, ao fundo, \u00e9 poss\u00edvel ver parte de uma constru\u00e7\u00e3o branca de um \u00fanico pavimento com janelas de molduras escuras.\n\nIlumina\u00e7\u00e3o: A luz \u00e9 de um dia claro e ensolarado, com raios de sol filtrados pelas copas das \u00e1rvores, criando um jogo de luz e sombra no ch\u00e3o da trilha.\n\nContexto\nDe acordo com o t\u00edtulo do arquivo, a imagem ilustra as a\u00e7\u00f5es de educa\u00e7\u00e3o ambiental, esporte e lazer promovidas pelo Governo do Estado em Torres, como parte da programa\u00e7\u00e3o da Opera\u00e7\u00e3o Ver\u00e3o.\" width=\"758\" height=\"505\" \/><\/a>\n<figcaption class=\"artigo__ilustracao__legenda\"><\/figcaption>\n<\/figure>\n<p><strong>Infraestrutura e mobilidade<\/strong><\/p>\n<p>Para facilitar a circula\u00e7\u00e3o de ve\u00edculos nas rodovias do litoral e garantir a seguran\u00e7a no tr\u00e2nsito, o Departamento de Estrada e Rodagem (Daer) est\u00e1 investindo quase R$ 400 milh\u00f5es em obras de manuten\u00e7\u00e3o, restaura\u00e7\u00e3o e duplica\u00e7\u00e3o de rodovias que foram conclu\u00eddas em 2025 ou est\u00e3o em andamento. A EGR destinou R$ 936,9 mil \u00e0 melhoria da ERS-040, que liga Viam\u00e3o a Balne\u00e1rio Pinhal, e investiu mais R$ 1,89 milh\u00e3o em conserva\u00e7\u00e3o e R$ 11,7 milh\u00f5es na qualifica\u00e7\u00e3o do asfalto, al\u00e9m de instalar duas travessias elevadas para pedestres.<\/p>\n<ul>\n<li><a href=\"https:\/\/estado.rs.gov.br\/governo-leite-investe-mais-de-r-350-milhoes-em-rodovias-do-litoral-para-o-verao\" target=\"_blank\" rel=\"noopener\"><strong>Governo Leite investe mais de R$ 350 milh\u00f5es em rodovias do litoral para o ver\u00e3o<br \/><br \/><\/strong><\/a><\/li>\n<li><a href=\"https:\/\/estado.rs.gov.br\/leite-assina-ordem-de-inicio-das-obras-de-requalificacao-da-rota-do-sol\" target=\"_blank\" rel=\"noopener\"><strong>Leite assina ordem de in\u00edcio das obras de requalifica\u00e7\u00e3o da Rota do Sol<br \/><br \/><\/strong><\/a><\/li>\n<\/ul>\n<p>J\u00e1 a Secretaria de Desenvolvimento Urbano e Metropolitano (Sedur) e a Metroplan intensificaram as fiscaliza\u00e7\u00f5es do transporte intermunicipal e realizaram a\u00e7\u00f5es de combate ao fretamento irregular e opera\u00e7\u00f5es de inspe\u00e7\u00e3o para assegurar as condi\u00e7\u00f5es de conserva\u00e7\u00e3o, higiene e seguran\u00e7a dos ve\u00edculos.<\/p>\n<hr \/>\n<h6><strong>GOV RS | Texto: Aline Duvoisin\/Ascom GVG | Edi\u00e7\u00e3o: Anderson Machado\/Secom | Fotos: Igor de Almeida\/Ascom Sema, Joel Vargas\/Ascom GVG, Rodrigo Ziebell\/Ascom GVG<\/strong><\/h6>\n\n\n<center><iframe loading=\"lazy\" class=\"jmvplayer\" src=\"https:\/\/player.jmvstream.com\/lvw\/YYGWo5wfZuZ8fEW7Qoq1ISwhLSEDhU\" allowfullscreen allow=\"autoplay; fullscreen\" frameborder=\"0\" width=\"640\" height=\"360\" ><\/iframe><\/center>\n<\/div><\/div>","protected":false},"excerpt":{"rendered":"<p>Amplia\u00e7\u00e3o da oferta de servi\u00e7os de mais de 30 \u00f3rg\u00e3os estaduais reduziu \u00edndices criminais e fortaleceu a\u00e7\u00f5es preventivas A Opera\u00e7\u00e3o Ver\u00e3o Total 2025\/2026 encerrou a temporada com resultados positivos na amplia\u00e7\u00e3o da oferta de servi\u00e7os p\u00fablicos. Realizada pelo governo do Estado entre dezembro e mar\u00e7o, envolveu mais de 30 \u00f3rg\u00e3os e entidades estaduais, consolidando o [&hellip;]<\/p>\n","protected":false},"author":4,"featured_media":83352,"comment_status":"open","ping_status":"open","sticky":false,"template":"","format":"standard","meta":{"footnotes":""},"categories":[1],"tags":[],"class_list":["post-83351","post","type-post","status-publish","format-standard","has-post-thumbnail","hentry","category-sem-categoria"],"_links":{"self":[{"href":"https:\/\/sol.fm.br\/radio\/wp-json\/wp\/v2\/posts\/83351","targetHints":{"allow":["GET"]}}],"collection":[{"href":"https:\/\/sol.fm.br\/radio\/wp-json\/wp\/v2\/posts"}],"about":[{"href":"https:\/\/sol.fm.br\/radio\/wp-json\/wp\/v2\/types\/post"}],"author":[{"embeddable":true,"href":"https:\/\/sol.fm.br\/radio\/wp-json\/wp\/v2\/users\/4"}],"replies":[{"embeddable":true,"href":"https:\/\/sol.fm.br\/radio\/wp-json\/wp\/v2\/comments?post=83351"}],"version-history":[{"count":1,"href":"https:\/\/sol.fm.br\/radio\/wp-json\/wp\/v2\/posts\/83351\/revisions"}],"predecessor-version":[{"id":83353,"href":"https:\/\/sol.fm.br\/radio\/wp-json\/wp\/v2\/posts\/83351\/revisions\/83353"}],"wp:featuredmedia":[{"embeddable":true,"href":"https:\/\/sol.fm.br\/radio\/wp-json\/wp\/v2\/media\/83352"}],"wp:attachment":[{"href":"https:\/\/sol.fm.br\/radio\/wp-json\/wp\/v2\/media?parent=83351"}],"wp:term":[{"taxonomy":"category","embeddable":true,"href":"https:\/\/sol.fm.br\/radio\/wp-json\/wp\/v2\/categories?post=83351"},{"taxonomy":"post_tag","embeddable":true,"href":"https:\/\/sol.fm.br\/radio\/wp-json\/wp\/v2\/tags?post=83351"}],"curies":[{"name":"wp","href":"https:\/\/api.w.org\/{rel}","templated":true}]}}