{"id":84505,"date":"2026-04-27T09:26:29","date_gmt":"2026-04-27T12:26:29","guid":{"rendered":"http:\/\/sol.fm.br\/radio\/?p=84505"},"modified":"2026-04-27T09:26:32","modified_gmt":"2026-04-27T12:26:32","slug":"crucianelli-aposta-em-plantabilidade-e-eficiencia-operacional-em-cenario-de-alta-tecnificacao","status":"publish","type":"post","link":"https:\/\/sol.fm.br\/radio\/crucianelli-aposta-em-plantabilidade-e-eficiencia-operacional-em-cenario-de-alta-tecnificacao\/","title":{"rendered":"Crucianelli aposta em plantabilidade e efici\u00eancia operacional em cen\u00e1rio de alta tecnifica\u00e7\u00e3o"},"content":{"rendered":"<div id=\"dslc-theme-content\"><div id=\"dslc-theme-content-inner\"><p style=\"text-align: center;\"><i data-olk-copy-source=\"MessageBody\">Na Agrishow 2026, em Ribeir\u00e3o Preto (SP), a empresa, l\u00edder em plantio na Argentina, intensifica sua estrat\u00e9gia de crescimento no Brasil com produ\u00e7\u00e3o nacional em S\u00e3o Carlos (SP), mirando um mercado que exige alto desempenho operacional e redu\u00e7\u00e3o de perdas no campo, com destaque para as plantadeiras Plantor 3.9 e Plantor 3.2<\/i><\/p>\n<div>\n<p>Em um cen\u00e1rio de aumento dos custos operacionais e maior press\u00e3o por produtividade, a qualidade da opera\u00e7\u00e3o de plantio ganha protagonismo nas decis\u00f5es agron\u00f4micas. Estudos de campo indicam que falhas na distribui\u00e7\u00e3o de sementes e na uniformidade de emerg\u00eancia podem comprometer mais de 5% do potencial produtivo em culturas como soja e milho. Ao mesmo tempo, a expans\u00e3o de \u00e1reas em larga escala e a dist\u00e2ncia entre talh\u00f5es ampliam a demanda por solu\u00e7\u00f5es que combinem precis\u00e3o agron\u00f4mica, autonomia e efici\u00eancia log\u00edstica.<\/p>\n<p><img loading=\"lazy\" decoding=\"async\" class=\"size-medium wp-image-84507 alignleft\" src=\"http:\/\/sol.fm.br\/radio\/wp-content\/uploads\/2026\/04\/02-244x400.jpg\" alt=\"\" width=\"244\" height=\"400\" srcset=\"https:\/\/sol.fm.br\/radio\/wp-content\/uploads\/2026\/04\/02-244x400.jpg 244w, https:\/\/sol.fm.br\/radio\/wp-content\/uploads\/2026\/04\/02-768x1262.jpg 768w, https:\/\/sol.fm.br\/radio\/wp-content\/uploads\/2026\/04\/02-935x1536.jpg 935w, https:\/\/sol.fm.br\/radio\/wp-content\/uploads\/2026\/04\/02-1247x2048.jpg 1247w, https:\/\/sol.fm.br\/radio\/wp-content\/uploads\/2026\/04\/02-scaled.jpg 1558w\" sizes=\"auto, (max-width: 244px) 100vw, 244px\" \/><\/p>\n<p>\u00c9 nesse contexto que a Crucianelli participa da Agrishow 2026, realizada em Ribeir\u00e3o Preto (SP), de 27 de abril a 1\u00ba de maio, levando ao estande do Grupo Piccin as plantadeiras Plantor 3.9 e Plantor 3.2. A empresa, que completa 70 anos e \u00e9 l\u00edder em plantio na Argentina, intensifica sua estrat\u00e9gia de crescimento no Brasil com produ\u00e7\u00e3o nacional em S\u00e3o Carlos (SP), mirando um mercado que exige alto desempenho operacional e redu\u00e7\u00e3o de perdas no campo.<\/p>\n<p>O modelo Plantor 3.9 \u00e9 voltado a opera\u00e7\u00f5es em larga escala e se destaca pela combina\u00e7\u00e3o entre capacidade operacional e precis\u00e3o na semeadura. Trabalha com larguras de at\u00e9 18 metros e conta com sistema autotransport\u00e1vel, eliminando a necessidade de desmontagem para deslocamento entre \u00e1reas, um diferencial relevante para propriedades com m\u00faltiplos talh\u00f5es. A m\u00e1quina incorpora dosagem pneum\u00e1tica, desligamento linha a linha, taxa vari\u00e1vel de semente por linha, controle e monitoramento de press\u00e3o do carrinho positiva e negativa. \u00a0\u201c<em>E pode operar com pulveriza\u00e7\u00e3o no sulco e possibilidade de fazer semente consorciada, al\u00e9m de oferecer alta autonomia por meio de reservat\u00f3rios de grande capacidade, favorecendo a continuidade operacional e reduzindo paradas para reabastecimento<\/em>\u201d, destaca Guillermo Zenga, gerente comercial.<\/p>\n<p>Outro ponto t\u00e9cnico relevante deste modelo \u00e9 a flexibilidade na configura\u00e7\u00e3o de linhas e espa\u00e7amentos, permitindo adapta\u00e7\u00e3o a diferentes culturas e sistemas produtivos. Essa versatilidade contribui para maior uniformidade na deposi\u00e7\u00e3o de sementes e melhor estabelecimento inicial das lavouras, fator diretamente relacionado ao potencial produtivo.<\/p>\n<p><img loading=\"lazy\" decoding=\"async\" class=\"size-medium wp-image-84508 alignright\" src=\"http:\/\/sol.fm.br\/radio\/wp-content\/uploads\/2026\/04\/01-3-320x400.jpg\" alt=\"\" width=\"320\" height=\"400\" srcset=\"https:\/\/sol.fm.br\/radio\/wp-content\/uploads\/2026\/04\/01-3-320x400.jpg 320w, https:\/\/sol.fm.br\/radio\/wp-content\/uploads\/2026\/04\/01-3-768x960.jpg 768w, https:\/\/sol.fm.br\/radio\/wp-content\/uploads\/2026\/04\/01-3.jpg 1080w\" sizes=\"auto, (max-width: 320px) 100vw, 320px\" \/><\/p>\n<p>J\u00e1 a Plantor 3.2 foi desenvolvida com foco em versatilidade operacional e log\u00edstica adaptado para o Brasil. O modelo traz sistema de duplo dobramento (vertical e horizontal) que reduz a largura de transporte, facilitando o deslocamento em estradas e acessos mais restritos. Outro diferencial \u00e9 a possibilidade de realizar a fertiliza\u00e7\u00e3o na mesma opera\u00e7\u00e3o, por meio do sistema dual, otimizando o uso de insumos e reduzindo o n\u00famero de passadas no campo. \u201c<em>A proposta \u00e9 atender produtores que operam em \u00e1reas fragmentadas ou com maior complexidade log\u00edstica, sem abrir m\u00e3o de tecnologia embarcada e precis\u00e3o na distribui\u00e7\u00e3o\u201d,<\/em> explica Zenga.<\/p>\n<p>Ambos os modelos contam com recursos de agricultura de precis\u00e3o, por meio da integra\u00e7\u00e3o com tecnologias da Precision Planting, com foco em melhorar a singula\u00e7\u00e3o, o espa\u00e7amento entre sementes e a uniformidade de emerg\u00eancia.<\/p>\n<p><em>\u201cA Agrishow representa uma plataforma estrat\u00e9gica para apresentar ao produtor brasileiro solu\u00e7\u00f5es que impactam diretamente a qualidade do plantio e o resultado final da lavoura<\/em>\u201d, afirma o gerente. Segundo a empresa, o objetivo \u00e9 ampliar a presen\u00e7a no pa\u00eds com equipamentos adaptados \u00e0s condi\u00e7\u00f5es locais, suporte t\u00e9cnico mais pr\u00f3ximo e maior disponibilidade de pe\u00e7as.<\/p>\n<p>A participa\u00e7\u00e3o no evento tamb\u00e9m ocorre em um momento de expans\u00e3o da marca no Brasil. Com fabrica\u00e7\u00e3o nacional e parceria com o Grupo Piccin, a empresa projeta crescimento consistente no mercado, impulsionada pela demanda por m\u00e1quinas que combinem ganho de escala, precis\u00e3o agron\u00f4mica e efici\u00eancia operacional, fatores que v\u00eam redefinindo o perfil da mecaniza\u00e7\u00e3o agr\u00edcola no pa\u00eds.<\/p>\n<p>Realizada em Ribeir\u00e3o Preto (SP), a Agrishow \u00e9 uma das principais feiras de tecnologia agr\u00edcola da Am\u00e9rica Latina e re\u00fane anualmente fabricantes de m\u00e1quinas, fornecedores, distribuidores e produtores rurais de diferentes regi\u00f5es do pa\u00eds, consolidando-se como vitrine para solu\u00e7\u00f5es voltadas ao aumento da produtividade e \u00e0 moderniza\u00e7\u00e3o do campo.<\/p>\n<p>\u00a0<\/p>\n<p><strong>Servi\u00e7o<\/strong><\/p>\n<p><strong>Agrishow 2026<\/strong><br clear=\"none\" \/>Data: 27 de abril a 1\u00ba de maio de 2026<br clear=\"none\" \/>Hor\u00e1rio: das 8h \u00e0s 18h<br clear=\"none\" \/>Endere\u00e7o: Rodovia Prefeito Ant\u00f4nio Duarte Nogueira, km 321, Ribeir\u00e3o Preto (SP)<br clear=\"none\" \/>Site: crucianellibrasil.com<\/p>\n<hr \/>\n<h6><strong>RuralPress | Fotos: Divulga\u00e7\u00e3o<\/strong><\/h6>\n<\/div>\n\n\n<center><iframe loading=\"lazy\" class=\"jmvplayer\" src=\"https:\/\/player.jmvstream.com\/lvw\/YYGWo5wfZuZ8fEW7Qoq1ISwhLSEDhU\" allowfullscreen allow=\"autoplay; fullscreen\" frameborder=\"0\" width=\"640\" height=\"360\" ><\/iframe><\/center>\n<\/div><\/div>","protected":false},"excerpt":{"rendered":"<p>Na Agrishow 2026, em Ribeir\u00e3o Preto (SP), a empresa, l\u00edder em plantio na Argentina, intensifica sua estrat\u00e9gia de crescimento no Brasil com produ\u00e7\u00e3o nacional em S\u00e3o Carlos (SP), mirando um mercado que exige alto desempenho operacional e redu\u00e7\u00e3o de perdas no campo, com destaque para as plantadeiras Plantor 3.9 e Plantor 3.2 Em um cen\u00e1rio [&hellip;]<\/p>\n","protected":false},"author":4,"featured_media":84506,"comment_status":"open","ping_status":"open","sticky":false,"template":"","format":"standard","meta":{"footnotes":""},"categories":[1],"tags":[],"class_list":["post-84505","post","type-post","status-publish","format-standard","has-post-thumbnail","hentry","category-sem-categoria"],"_links":{"self":[{"href":"https:\/\/sol.fm.br\/radio\/wp-json\/wp\/v2\/posts\/84505","targetHints":{"allow":["GET"]}}],"collection":[{"href":"https:\/\/sol.fm.br\/radio\/wp-json\/wp\/v2\/posts"}],"about":[{"href":"https:\/\/sol.fm.br\/radio\/wp-json\/wp\/v2\/types\/post"}],"author":[{"embeddable":true,"href":"https:\/\/sol.fm.br\/radio\/wp-json\/wp\/v2\/users\/4"}],"replies":[{"embeddable":true,"href":"https:\/\/sol.fm.br\/radio\/wp-json\/wp\/v2\/comments?post=84505"}],"version-history":[{"count":1,"href":"https:\/\/sol.fm.br\/radio\/wp-json\/wp\/v2\/posts\/84505\/revisions"}],"predecessor-version":[{"id":84509,"href":"https:\/\/sol.fm.br\/radio\/wp-json\/wp\/v2\/posts\/84505\/revisions\/84509"}],"wp:featuredmedia":[{"embeddable":true,"href":"https:\/\/sol.fm.br\/radio\/wp-json\/wp\/v2\/media\/84506"}],"wp:attachment":[{"href":"https:\/\/sol.fm.br\/radio\/wp-json\/wp\/v2\/media?parent=84505"}],"wp:term":[{"taxonomy":"category","embeddable":true,"href":"https:\/\/sol.fm.br\/radio\/wp-json\/wp\/v2\/categories?post=84505"},{"taxonomy":"post_tag","embeddable":true,"href":"https:\/\/sol.fm.br\/radio\/wp-json\/wp\/v2\/tags?post=84505"}],"curies":[{"name":"wp","href":"https:\/\/api.w.org\/{rel}","templated":true}]}}