{"id":84520,"date":"2026-04-27T10:00:40","date_gmt":"2026-04-27T13:00:40","guid":{"rendered":"http:\/\/sol.fm.br\/radio\/?p=84520"},"modified":"2026-04-27T10:00:43","modified_gmt":"2026-04-27T13:00:43","slug":"italia-abrira-500-mil-vagas-de-trabalho-para-descendentes","status":"publish","type":"post","link":"https:\/\/sol.fm.br\/radio\/italia-abrira-500-mil-vagas-de-trabalho-para-descendentes\/","title":{"rendered":"It\u00e1lia abrir\u00e1 500 mil vagas de trabalho para descendentes"},"content":{"rendered":"<div id=\"dslc-theme-content\"><div id=\"dslc-theme-content-inner\"><p style=\"text-align: center;\"><i data-olk-copy-source=\"MessageBody\">Pa\u00eds valoriza ra\u00edzes e oferece oportunidade hist\u00f3rica de trabalho<\/i><\/p>\n<p>\u00a0<\/p>\n<div>\n<p>A It\u00e1lia anunciou a abertura de 500 mil vagas de trabalho destinadas a descendentes de italianos entre 2026 e 2028, em resposta ao envelhecimento populacional e \u00e0 escassez de m\u00e3o de obra em setores estrat\u00e9gicos. A medida prev\u00ea prioridade para brasileiros e outros descendentes que comprovem sua ascend\u00eancia e reconhe\u00e7am oficialmente a cidadania italiana.<\/p>\n<p>As oportunidades estar\u00e3o concentradas em \u00e1reas como agricultura, turismo, hotelaria, constru\u00e7\u00e3o civil e servi\u00e7os de cuidado com idosos, segmentos que enfrentam grande d\u00e9ficit de profissionais. O programa ser\u00e1 operacionalizado pelo Decreto de Fluxos, mecanismo oficial que regula a entrada de trabalhadores estrangeiros, mas com cotas espec\u00edficas para descendentes de italianos.<\/p>\n<p>Dra. Gabriela Rotunno, advogada especialista em cidadania, da Rotunno Cidadania explica que essa \u00e9 uma chance \u00fanica para quem tem ascend\u00eancia italiana e deseja transformar suas ra\u00edzes em futuro profissional.\u00a0<em>\u201cApesar do aumento das vagas, o processo segue regras r\u00edgidas. Para trabalhar legalmente, o candidato precisa obter uma proposta formal de emprego ainda no Brasil. A partir disso, o empregador solicita autoriza\u00e7\u00e3o junto \u00e0s autoridades italianas, etapa indispens\u00e1vel para emiss\u00e3o do visto. Estamos diante de uma medida que valoriza a hist\u00f3ria das fam\u00edlias e abre portas para novas gera\u00e7\u00f5es\u201d, comenta Dra Gabriela.<\/em><\/p>\n<p>O impacto da iniciativa \u00e9 duplo, pois supre a necessidade urgente de m\u00e3o de obra na It\u00e1lia e fortalece os la\u00e7os culturais com milh\u00f5es de descendentes espalhados pelo mundo. Estima-se que s\u00f3 em 2026 sejam prev\u00ea cerca de 164 mil vagas em 2026, 165 mil em 2027 e 166 mil em 2028, totalizando meio milh\u00e3o.<\/p>\n<p>Al\u00e9m do sistema de sa\u00fade p\u00fablico, o trabalhador regularizado ter\u00e1 acesso a benef\u00edcios previdenci\u00e1rios e pode, em alguns casos, abrir caminho para resid\u00eancia permanente e futura cidadania.\u00a0<em>\u201cEssa nova regra facilita a entrada com vistos de trabalho, mas quem j\u00e1 possui cidadania italiana ter\u00e1 acesso ainda mais direto \u00e0s vagas. Trata-se de uma oportunidade hist\u00f3rica para descendentes de italianos que desejam viver e trabalhar na Europa, unindo tradi\u00e7\u00e3o familiar e futuro profissional em um mesmo caminho\u201d, <\/em>conclui Dra Gabriela Rotunno.<\/p>\n<hr \/>\n<h6><strong>Ag\u00eancia Alma<\/strong><\/h6>\n<\/div>\n\n\n<center><iframe loading=\"lazy\" class=\"jmvplayer\" src=\"https:\/\/player.jmvstream.com\/lvw\/YYGWo5wfZuZ8fEW7Qoq1ISwhLSEDhU\" allowfullscreen allow=\"autoplay; fullscreen\" frameborder=\"0\" width=\"640\" height=\"360\" ><\/iframe><\/center>\n<\/div><\/div>","protected":false},"excerpt":{"rendered":"<p>Pa\u00eds valoriza ra\u00edzes e oferece oportunidade hist\u00f3rica de trabalho \u00a0 A It\u00e1lia anunciou a abertura de 500 mil vagas de trabalho destinadas a descendentes de italianos entre 2026 e 2028, em resposta ao envelhecimento populacional e \u00e0 escassez de m\u00e3o de obra em setores estrat\u00e9gicos. A medida prev\u00ea prioridade para brasileiros e outros descendentes que [&hellip;]<\/p>\n","protected":false},"author":4,"featured_media":84521,"comment_status":"open","ping_status":"open","sticky":false,"template":"","format":"standard","meta":{"footnotes":""},"categories":[1],"tags":[],"class_list":["post-84520","post","type-post","status-publish","format-standard","has-post-thumbnail","hentry","category-sem-categoria"],"_links":{"self":[{"href":"https:\/\/sol.fm.br\/radio\/wp-json\/wp\/v2\/posts\/84520","targetHints":{"allow":["GET"]}}],"collection":[{"href":"https:\/\/sol.fm.br\/radio\/wp-json\/wp\/v2\/posts"}],"about":[{"href":"https:\/\/sol.fm.br\/radio\/wp-json\/wp\/v2\/types\/post"}],"author":[{"embeddable":true,"href":"https:\/\/sol.fm.br\/radio\/wp-json\/wp\/v2\/users\/4"}],"replies":[{"embeddable":true,"href":"https:\/\/sol.fm.br\/radio\/wp-json\/wp\/v2\/comments?post=84520"}],"version-history":[{"count":1,"href":"https:\/\/sol.fm.br\/radio\/wp-json\/wp\/v2\/posts\/84520\/revisions"}],"predecessor-version":[{"id":84522,"href":"https:\/\/sol.fm.br\/radio\/wp-json\/wp\/v2\/posts\/84520\/revisions\/84522"}],"wp:featuredmedia":[{"embeddable":true,"href":"https:\/\/sol.fm.br\/radio\/wp-json\/wp\/v2\/media\/84521"}],"wp:attachment":[{"href":"https:\/\/sol.fm.br\/radio\/wp-json\/wp\/v2\/media?parent=84520"}],"wp:term":[{"taxonomy":"category","embeddable":true,"href":"https:\/\/sol.fm.br\/radio\/wp-json\/wp\/v2\/categories?post=84520"},{"taxonomy":"post_tag","embeddable":true,"href":"https:\/\/sol.fm.br\/radio\/wp-json\/wp\/v2\/tags?post=84520"}],"curies":[{"name":"wp","href":"https:\/\/api.w.org\/{rel}","templated":true}]}}