{"id":84523,"date":"2026-04-27T10:03:41","date_gmt":"2026-04-27T13:03:41","guid":{"rendered":"http:\/\/sol.fm.br\/radio\/?p=84523"},"modified":"2026-04-27T10:03:45","modified_gmt":"2026-04-27T13:03:45","slug":"unidade-movel-do-tudo-facil-atende-em-eldorado-do-sul-a-partir-de-segunda-feira-27","status":"publish","type":"post","link":"https:\/\/sol.fm.br\/radio\/unidade-movel-do-tudo-facil-atende-em-eldorado-do-sul-a-partir-de-segunda-feira-27\/","title":{"rendered":"Unidade M\u00f3vel do Tudo F\u00e1cil atende em Eldorado do Sul a partir de segunda-feira (27)"},"content":{"rendered":"<div id=\"dslc-theme-content\"><div id=\"dslc-theme-content-inner\"><p class=\"artigo__subtitulo\" style=\"text-align: center;\"><em>Servi\u00e7os ser\u00e3o oferecidos at\u00e9 15 de maio, com atendimento em tr\u00eas locais do munic\u00edpio<\/em><\/p>\n<p>A Unidade M\u00f3vel do Tudo F\u00e1cil inicia, na segunda-feira (27\/4), atendimento em Eldorado do Sul. A a\u00e7\u00e3o do governo do Estado, coordenada pela Secretaria de Planejamento, Governan\u00e7a e Gest\u00e3o (SPGG), leva servi\u00e7os p\u00fablicos ao munic\u00edpio at\u00e9 15 de maio, com passagens por tr\u00eas bairros.<\/p>\n<p>De 27 a 30 de abril, a unidade estar\u00e1 no Bairro Sans Souci, na Rua Milton Guimar\u00e3es, 130, ao lado da UBS Progresso. Entre 4 e 8 de maio, o atendimento ocorrer\u00e1 no Bairro Parque Eldorado, na Avenida Jo\u00e3o Ricardo Juliano, 25, em frente \u00e0 subprefeitura. De 11 a 15 de maio, os servi\u00e7os ser\u00e3o oferecidos no Centro, na Avenida Emancipa\u00e7\u00e3o, 255, em frente \u00e0 Secretaria Municipal do Trabalho e do Desenvolvimento Profissional. O funcionamento ser\u00e1 das 9h30 \u00e0s 12h e das 13h \u00e0s 18h.<\/p>\n<p>O munic\u00edpio \u00e9 o oitavo a receber o atendimento itinerante, iniciado em dezembro de 2025, em Uruguaiana. Desde ent\u00e3o, a Unidade M\u00f3vel passou por Tramanda\u00ed, Xangri-L\u00e1, Torres, Cidreira, S\u00e3o Louren\u00e7o do Sul e Farroupilha.<\/p>\n<p><strong>Estrutura e servi\u00e7os<\/strong><\/p>\n<p>A Unidade M\u00f3vel do Tudo F\u00e1cil conta com tr\u00eas guich\u00eas internos, sendo dois destinados \u00e0 emiss\u00e3o da Carteira de Identidade Nacional (CIN); e dois externos voltados \u00e0 recep\u00e7\u00e3o e ao autoatendimento. A estrutura do ve\u00edculo \u00e9 adaptada para garantir acessibilidade a pessoas com defici\u00eancia.<\/p>\n<p>Para solicitar a CIN, \u00e9 necess\u00e1rio apresentar certid\u00e3o de nascimento ou de casamento, original ou c\u00f3pia autenticada, em bom estado. O cidad\u00e3o pode incluir dados complementares, como nome social, PIS\/Pasep, carteira de trabalho, Carteira Nacional de Habilita\u00e7\u00e3o (CNH), certificado militar, t\u00edtulo de eleitor e documentos profissionais, mediante apresenta\u00e7\u00e3o dos originais.<\/p>\n<p>A unidade tamb\u00e9m oferece orienta\u00e7\u00f5es digitais, com atendimento presencial do\u00a0<strong><a href=\"https:\/\/planejamento.rs.gov.br\/tudo-facil-oferece-atendimento-do-balcao-gov-br-nas-unidades-do-estado-69dfb9d52a531\" target=\"_blank\" rel=\"noopener\">BALC\u00c3O Gov.br<\/a><\/strong>, voltado ao suporte para acesso aos servi\u00e7os p\u00fablicos on-line. No local, \u00e9 poss\u00edvel criar ou recuperar a conta gov.br, inclusive em casos de esquecimento de senha, troca de celular ou perda de acesso. A unidade ainda oferece apoio para utiliza\u00e7\u00e3o dos servi\u00e7os dispon\u00edveis nos portais governamentais.<\/p>\n<p>Completam o atendimento os servi\u00e7os vinculados ao IPE Previd\u00eancia e ao IPE Sa\u00fade. A opera\u00e7\u00e3o da Unidade M\u00f3vel do Tudo F\u00e1cil \u00e9 realizada por equipe formada por motorista, atendentes e servidores do Departamento Central de Atendimento ao Cidad\u00e3o - Tudo F\u00e1cil.<\/p>\n<p><strong>Rede Tudo F\u00e1cil<\/strong><\/p>\n<p>Criado h\u00e1 quase 30 anos, o Tudo F\u00e1cil concentra, em um mesmo ambiente, servi\u00e7os p\u00fablicos de grande procura, com modelo de atendimento integrado e h\u00edbrido, voltado \u00e0 amplia\u00e7\u00e3o do acesso e \u00e0 inclus\u00e3o digital e social.<\/p>\n<p>Atualmente, a rede conta com unidades em Porto Alegre (Centro, zonas Norte e Sul) e nos munic\u00edpios de Caxias do Sul, Canoas, Gravata\u00ed, Lajeado, Passo Fundo, Pelotas, Rio Grande e Santa Maria. Tamb\u00e9m est\u00e1 em andamento a implanta\u00e7\u00e3o de novas unidades em Tramanda\u00ed e Uruguaiana.<\/p>\n<hr \/>\n<h6><strong>GOV RS | Texto: Ascom SPGG | Edi\u00e7\u00e3o: Secom | Foto: Bruna Galv\u00e3o\/Ascom SPGG<\/strong><\/h6>\n\n\n<center><iframe loading=\"lazy\" class=\"jmvplayer\" src=\"https:\/\/player.jmvstream.com\/lvw\/YYGWo5wfZuZ8fEW7Qoq1ISwhLSEDhU\" allowfullscreen allow=\"autoplay; fullscreen\" frameborder=\"0\" width=\"640\" height=\"360\" ><\/iframe><\/center>\n<\/div><\/div>","protected":false},"excerpt":{"rendered":"<p>Servi\u00e7os ser\u00e3o oferecidos at\u00e9 15 de maio, com atendimento em tr\u00eas locais do munic\u00edpio A Unidade M\u00f3vel do Tudo F\u00e1cil inicia, na segunda-feira (27\/4), atendimento em Eldorado do Sul. A a\u00e7\u00e3o do governo do Estado, coordenada pela Secretaria de Planejamento, Governan\u00e7a e Gest\u00e3o (SPGG), leva servi\u00e7os p\u00fablicos ao munic\u00edpio at\u00e9 15 de maio, com passagens [&hellip;]<\/p>\n","protected":false},"author":4,"featured_media":84524,"comment_status":"open","ping_status":"open","sticky":false,"template":"","format":"standard","meta":{"footnotes":""},"categories":[1],"tags":[],"class_list":["post-84523","post","type-post","status-publish","format-standard","has-post-thumbnail","hentry","category-sem-categoria"],"_links":{"self":[{"href":"https:\/\/sol.fm.br\/radio\/wp-json\/wp\/v2\/posts\/84523","targetHints":{"allow":["GET"]}}],"collection":[{"href":"https:\/\/sol.fm.br\/radio\/wp-json\/wp\/v2\/posts"}],"about":[{"href":"https:\/\/sol.fm.br\/radio\/wp-json\/wp\/v2\/types\/post"}],"author":[{"embeddable":true,"href":"https:\/\/sol.fm.br\/radio\/wp-json\/wp\/v2\/users\/4"}],"replies":[{"embeddable":true,"href":"https:\/\/sol.fm.br\/radio\/wp-json\/wp\/v2\/comments?post=84523"}],"version-history":[{"count":1,"href":"https:\/\/sol.fm.br\/radio\/wp-json\/wp\/v2\/posts\/84523\/revisions"}],"predecessor-version":[{"id":84525,"href":"https:\/\/sol.fm.br\/radio\/wp-json\/wp\/v2\/posts\/84523\/revisions\/84525"}],"wp:featuredmedia":[{"embeddable":true,"href":"https:\/\/sol.fm.br\/radio\/wp-json\/wp\/v2\/media\/84524"}],"wp:attachment":[{"href":"https:\/\/sol.fm.br\/radio\/wp-json\/wp\/v2\/media?parent=84523"}],"wp:term":[{"taxonomy":"category","embeddable":true,"href":"https:\/\/sol.fm.br\/radio\/wp-json\/wp\/v2\/categories?post=84523"},{"taxonomy":"post_tag","embeddable":true,"href":"https:\/\/sol.fm.br\/radio\/wp-json\/wp\/v2\/tags?post=84523"}],"curies":[{"name":"wp","href":"https:\/\/api.w.org\/{rel}","templated":true}]}}