{"id":84526,"date":"2026-04-27T10:08:33","date_gmt":"2026-04-27T13:08:33","guid":{"rendered":"http:\/\/sol.fm.br\/radio\/?p=84526"},"modified":"2026-04-27T10:08:36","modified_gmt":"2026-04-27T13:08:36","slug":"oktoberfest-de-igrejinha-apresenta-candidatas-ao-titulo-de-seniorin-da-37a-edicao","status":"publish","type":"post","link":"https:\/\/sol.fm.br\/radio\/oktoberfest-de-igrejinha-apresenta-candidatas-ao-titulo-de-seniorin-da-37a-edicao\/","title":{"rendered":"Oktoberfest de Igrejinha apresenta candidatas ao t\u00edtulo de Seniorin da 37\u00aa edi\u00e7\u00e3o"},"content":{"rendered":"<div id=\"dslc-theme-content\"><div id=\"dslc-theme-content-inner\"><p style=\"text-align: center;\"><em>Seis mulheres est\u00e3o em busca do sonho de representar a terceira idade na festa<\/em><\/p>\n<p>\u00a0<\/p>\n<p>Viv\u00eancias, hist\u00f3rias e o orgulho de fazer parte da comunidade ganham destaque com o in\u00edcio do concurso que escolher\u00e1 a Seniorin da 37\u00aa Oktoberfest de Igrejinha. A iniciativa valoriza a representatividade da terceira idade e reconhece mulheres que contribuem para a preserva\u00e7\u00e3o das tradi\u00e7\u00f5es culturais na comunidade. A escolhida ter\u00e1 a miss\u00e3o de divulgar e representar a Oktoberfest ao longo do ano, al\u00e9m de ser a anfitri\u00e3 do Seniorentag, o Dia da Terceira Idade, uma das atra\u00e7\u00f5es tradicionais do evento.<\/p>\n<p><img loading=\"lazy\" decoding=\"async\" class=\"size-medium wp-image-84528 alignleft\" src=\"http:\/\/sol.fm.br\/radio\/wp-content\/uploads\/2026\/04\/61-400x267.jpeg\" alt=\"\" width=\"400\" height=\"267\" srcset=\"https:\/\/sol.fm.br\/radio\/wp-content\/uploads\/2026\/04\/61-400x267.jpeg 400w, https:\/\/sol.fm.br\/radio\/wp-content\/uploads\/2026\/04\/61-768x512.jpeg 768w, https:\/\/sol.fm.br\/radio\/wp-content\/uploads\/2026\/04\/61-600x400.jpeg 600w, https:\/\/sol.fm.br\/radio\/wp-content\/uploads\/2026\/04\/61.jpeg 1368w\" sizes=\"auto, (max-width: 400px) 100vw, 400px\" \/><\/p>\n<p>Nesta edi\u00e7\u00e3o, seis candidatas participam da sele\u00e7\u00e3o: Bras\u00edlia de Oliveira, 71 anos; Irene de Ara\u00fajo Ribeiro, 68 anos; Ivanete dos Santos, 63 anos; Lenita Breyer, 76 anos; Maria Ang\u00e9lica Krummenauer, 67 anos; e Rejane Zenaide da Silva, 61 anos. Desde ent\u00e3o, elas j\u00e1 est\u00e3o vivendo a fase preparat\u00f3ria do concurso, com atividades voltadas ao desenvolvimento pessoal e \u00e0 integra\u00e7\u00e3o. Entre os destaques est\u00e3o oficinas de orat\u00f3ria, encontros tem\u00e1ticos, ensaios de coreografia e desfile, al\u00e9m de momentos dedicados ao bem-estar, como atividades com psic\u00f3loga e din\u00e2micas de valoriza\u00e7\u00e3o da autoestima.<\/p>\n<p>\u00a0<\/p>\n<p><strong>Concurso valoriza experi\u00eancias e troca de saberes<\/strong><\/p>\n<p>De acordo com a diretora art\u00edstico-cultural da Amifest, Li\u00e9ge Brusius, o workshop tem como miss\u00e3o proporcionar qualidade de vida e novas experi\u00eancias \u00e0s participantes, incentivando o autocuidado e fortalecendo a autoestima.<em> \u201cA miss\u00e3o do workshop \u00e9 ajud\u00e1-las a viver melhor e tamb\u00e9m a conhecer coisas que muitas vezes ainda n\u00e3o tiveram oportunidade de experimentar. \u00c0s vezes \u00e9 o autocuidado, algo ligado \u00e0 beleza, como a ida ao sal\u00e3o, que foi um momento especial, em que estavam animad\u00edssimas\u201d,<\/em> destaca. Segundo ela, esse envolvimento faz com que as candidatas se sintam valorizadas e protagonistas ao longo do processo.<\/p>\n<p>Li\u00e9ge ainda avalia que a troca de viv\u00eancias \u00e9 um dos aspectos mais marcantes da prepara\u00e7\u00e3o, j\u00e1 que as candidatas compartilham experi\u00eancias e saberes culturais ligados \u00e0 tradi\u00e7\u00e3o e aos costumes, contribuindo para a preserva\u00e7\u00e3o da identidade da festa. <em>\u201cEm v\u00e1rios momentos, s\u00e3o elas que nos ensinam. Pela experi\u00eancia de vida que carregam, trazem aprendizados que muitas vezes acabam se perdendo com o tempo\u201d<\/em>, afirma, refor\u00e7ando que essa presen\u00e7a fortalece valores essenciais da Oktoberfest e aproxima diferentes gera\u00e7\u00f5es.<\/p>\n<p>Al\u00e9m disso, a Seniorin tamb\u00e9m exerce um papel importante como representante da comunidade, contribuindo com percep\u00e7\u00f5es sobre programa\u00e7\u00e3o, estrutura e acolhimento. <em>\u201cEssa escuta ajuda a tornar a festa cada vez mais inclusiva, pois a Seniorin nos ajuda a pensar em uma Oktoberfest para todos os p\u00fablicos<\/em>\u201d, completa Li\u00e9ge.<\/p>\n<p>\u00a0<\/p>\n<p><strong>Seniorin ser\u00e1 definida no dia 6 de junho<\/strong><\/p>\n<p>A escolha da representante da terceira idade da 37\u00aa Oktoberfest de Igrejinha acontecer\u00e1 no dia 6 de junho durante a programa\u00e7\u00e3o do Igrejinha Mix, no Parque de Eventos Almiro Grings. Neste dia, um j\u00fari imparcial avaliar\u00e1 crit\u00e9rios, como, simpatia e beleza, desenvoltura, eleg\u00e2ncia e capacidade de comunica\u00e7\u00e3o para definir a Seniorin desta edi\u00e7\u00e3o. O desfile das candidatas acontecer\u00e1 a partir das 15 horas.<\/p>\n<p>A vencedora receber\u00e1 a faixa da atual representante, Vera Regina Flesch, e passar\u00e1 a integrar a corte oficial da 37\u00aa Oktoberfest de Igrejinha ao lado da rainha Rafaela Robinson Werb e das princesas Tainara de Conto Nunes e Jhenifer Fais. Al\u00e9m disso, ser\u00e1 contemplada com uma viagem para Termas Romanas e um traje t\u00edpico exclusivo.<\/p>\n<p>\u00a0<\/p>\n<p><strong>Sobre a 37\u00aa Oktoberfest de Igrejinha:<\/strong> o evento acontecer\u00e1 de 09 a 18 de outubro de 2026, no Parque de Eventos Almiro Grings, promovido pela Associa\u00e7\u00e3o de Amigos da Oktoberfest de Igrejinha (Amifest). A edi\u00e7\u00e3o ter\u00e1 na presid\u00eancia Aline Hess e Tiago Rech, acompanhados do casal vice-presidente Kenny Thomas e Marqueli Heidrich. A Oktoberfest de Igrejinha se destaca por ser a maior festa volunt\u00e1ria do Brasil, sendo realizada por mais de tr\u00eas mil volunt\u00e1rios e com o resultado financeiro, ano ap\u00f3s ano, revertido para entidades da regi\u00e3o. A 37\u00aa edi\u00e7\u00e3o conta com patroc\u00ednio da Eisenbahn, Coca-Cola, Cal\u00e7ados Beira-Rio, Usaflex, Piccadilly, Sicoob, Madeira Status, Bibi e Voltec Solu\u00e7\u00f5es em Energia. Mais informa\u00e7\u00f5es atrav\u00e9s do site oficial <a href=\"http:\/\/www.oktoberfest.org.br\/\">www.oktoberfest.org.br<\/a> e das redes sociais.<\/p>\n<hr \/>\n<h6><strong>Assessoria de Imprensa - Talenttare | Fotos: Kauan Henrique<\/strong><\/h6>\n\n\n<center><iframe loading=\"lazy\" class=\"jmvplayer\" src=\"https:\/\/player.jmvstream.com\/lvw\/YYGWo5wfZuZ8fEW7Qoq1ISwhLSEDhU\" allowfullscreen allow=\"autoplay; fullscreen\" frameborder=\"0\" width=\"640\" height=\"360\" ><\/iframe><\/center>\n<\/div><\/div>","protected":false},"excerpt":{"rendered":"<p>Seis mulheres est\u00e3o em busca do sonho de representar a terceira idade na festa \u00a0 Viv\u00eancias, hist\u00f3rias e o orgulho de fazer parte da comunidade ganham destaque com o in\u00edcio do concurso que escolher\u00e1 a Seniorin da 37\u00aa Oktoberfest de Igrejinha. A iniciativa valoriza a representatividade da terceira idade e reconhece mulheres que contribuem para [&hellip;]<\/p>\n","protected":false},"author":4,"featured_media":84527,"comment_status":"open","ping_status":"open","sticky":false,"template":"","format":"standard","meta":{"footnotes":""},"categories":[1],"tags":[],"class_list":["post-84526","post","type-post","status-publish","format-standard","has-post-thumbnail","hentry","category-sem-categoria"],"_links":{"self":[{"href":"https:\/\/sol.fm.br\/radio\/wp-json\/wp\/v2\/posts\/84526","targetHints":{"allow":["GET"]}}],"collection":[{"href":"https:\/\/sol.fm.br\/radio\/wp-json\/wp\/v2\/posts"}],"about":[{"href":"https:\/\/sol.fm.br\/radio\/wp-json\/wp\/v2\/types\/post"}],"author":[{"embeddable":true,"href":"https:\/\/sol.fm.br\/radio\/wp-json\/wp\/v2\/users\/4"}],"replies":[{"embeddable":true,"href":"https:\/\/sol.fm.br\/radio\/wp-json\/wp\/v2\/comments?post=84526"}],"version-history":[{"count":1,"href":"https:\/\/sol.fm.br\/radio\/wp-json\/wp\/v2\/posts\/84526\/revisions"}],"predecessor-version":[{"id":84529,"href":"https:\/\/sol.fm.br\/radio\/wp-json\/wp\/v2\/posts\/84526\/revisions\/84529"}],"wp:featuredmedia":[{"embeddable":true,"href":"https:\/\/sol.fm.br\/radio\/wp-json\/wp\/v2\/media\/84527"}],"wp:attachment":[{"href":"https:\/\/sol.fm.br\/radio\/wp-json\/wp\/v2\/media?parent=84526"}],"wp:term":[{"taxonomy":"category","embeddable":true,"href":"https:\/\/sol.fm.br\/radio\/wp-json\/wp\/v2\/categories?post=84526"},{"taxonomy":"post_tag","embeddable":true,"href":"https:\/\/sol.fm.br\/radio\/wp-json\/wp\/v2\/tags?post=84526"}],"curies":[{"name":"wp","href":"https:\/\/api.w.org\/{rel}","templated":true}]}}