{"id":84597,"date":"2026-04-29T09:57:01","date_gmt":"2026-04-29T12:57:01","guid":{"rendered":"http:\/\/sol.fm.br\/radio\/?p=84597"},"modified":"2026-04-29T09:57:04","modified_gmt":"2026-04-29T12:57:04","slug":"mestres-da-cevada-projeto-valoriza-familias-produtoras-e-cooperativas-conectando-o-campo-ao-consumidor","status":"publish","type":"post","link":"https:\/\/sol.fm.br\/radio\/mestres-da-cevada-projeto-valoriza-familias-produtoras-e-cooperativas-conectando-o-campo-ao-consumidor\/","title":{"rendered":"Mestres da cevada: projeto valoriza fam\u00edlias produtoras e cooperativas, conectando o campo ao consumidor"},"content":{"rendered":"<div id=\"dslc-theme-content\"><div id=\"dslc-theme-content-inner\"><p style=\"text-align: center;\"><em>Com webs\u00e9rie e edi\u00e7\u00e3o especial de cervejas, iniciativa da IHARA d\u00e1 visibilidade \u00e0s hist\u00f3rias de quem est\u00e1 por tr\u00e1s da produ\u00e7\u00e3o<\/em><\/p>\n<p data-olk-copy-source=\"MessageBody\">Mais do que uma bebida presente em encontros e celebra\u00e7\u00f5es, a cerveja carrega em sua ess\u00eancia hist\u00f3rias que come\u00e7am muito antes de chegar ao copo. \u00c9 a partir desse olhar que nasce o projeto \u201cMestres da Cevada\u201d, uma iniciativa da IHARA em parceria com a Maltaria Campo Gerais e as cooperativas \u00a0Agr\u00e1ria, Bom Jesus, Capal, Castrolanda e Fr\u00edsia, que coloca no centro da narrativa as fam\u00edlias produtoras respons\u00e1veis pelo cultivo da mat\u00e9ria-prima que d\u00e1 origem \u00e0 bebida.<\/p>\n<p>O projeto conta a hist\u00f3ria de cinco produtores cooperados ligados \u00e0s cooperativas Agr\u00e1ria, Bom Jesus, Capal, Castrolanda e Fr\u00edsia, destacando suas trajet\u00f3rias, desafios e o papel fundamental que desempenham na cadeia produtiva da cevada. A iniciativa ganha forma por meio de uma edi\u00e7\u00e3o especial de cervejas, que traz n\u00e3o apenas um produto diferenciado, mas tamb\u00e9m uma proposta de conex\u00e3o entre campo e consumidor.<\/p>\n<p>Cada embalagem carrega a identidade de uma cooperativa e traz um QR Code que direciona o usu\u00e1rio para assistir aos epis\u00f3dios de cada fam\u00edlia e cooperativa, transformando cada lata em um convite para conhecer de perto a trajet\u00f3ria de quem cultiva a cevada com dedica\u00e7\u00e3o, t\u00e9cnica e paix\u00e3o pela terra.<\/p>\n<p>As cervejas n\u00e3o ser\u00e3o comercializadas e t\u00eam como prop\u00f3sito celebrar a uni\u00e3o entre cooperativas, cooperados, maltaria e IHARA, que impulsiona, por meio de suas tecnologias, a produ\u00e7\u00e3o de cevada com gr\u00e3os selecionados, respons\u00e1veis por dar origem a uma cerveja \u00fanica e marcante.<\/p>\n<p>Al\u00e9m da linha especial, o projeto tamb\u00e9m contempla uma webs\u00e9rie que apresenta o dia a dia dessas fam\u00edlias, refor\u00e7ando a import\u00e2ncia da agricultura e do cooperativismo na produ\u00e7\u00e3o de cevada de qualidade. O conte\u00fado audiovisual tem como objetivo ampliar o conhecimento do consumidor, permitindo que ele compreenda a origem do produto e valorize quem est\u00e1 por tr\u00e1s de cada etapa do processo. Os epis\u00f3dios de cada hist\u00f3ria j\u00e1 est\u00e3o dispon\u00edveis no\u00a0<a title=\"http:\/\/www.ihara.com.br\/mestresdacevada\" href=\"http:\/\/www.ihara.com.br\/mestresdacevada\" target=\"_blank\" rel=\"noreferrer noopener\" shape=\"rect\" data-auth=\"NotApplicable\" data-linkindex=\"0\">site da IHARA<\/a>\u00a0e no canal do\u00a0<a title=\"https:\/\/www.youtube.com\/watch?v=Ff4eEfSsMDQ&amp;list=PLpx7UHPpENHwCFrSvtuUWt4jxs4B8C0DO\" href=\"https:\/\/www.youtube.com\/watch?v=Ff4eEfSsMDQ&amp;list=PLpx7UHPpENHwCFrSvtuUWt4jxs4B8C0DO\" target=\"_blank\" rel=\"noreferrer noopener\" shape=\"rect\" data-auth=\"NotApplicable\" data-linkindex=\"1\">Youtube<\/a>\u00a0e ser\u00e3o divulgados nas plataformas digitais ao longo de 2026.<\/p>\n<p>Segundo o especialista em comunica\u00e7\u00e3o Cristiano Santana, o projeto parte do conceito \u201cTodo brinde come\u00e7a no campo\u201d, com a proposta de ressignificar o consumo ao aproximar o p\u00fablico urbano da realidade rural. <em>\u201cA ideia \u00e9 evidenciar o protagonismo de quem est\u00e1 na origem de uma das bebidas mais apreciadas do mundo. Ao unir storytelling, inova\u00e7\u00e3o e valoriza\u00e7\u00e3o da origem, a iniciativa se conecta a um movimento cada vez mais forte no agroneg\u00f3cio: dar visibilidade \u00e0s pessoas por tr\u00e1s da produ\u00e7\u00e3o. Mais do que uma celebra\u00e7\u00e3o, o projeto lan\u00e7a luz sobre o trabalho dos agricultores, mostrando que, em cada gole, existe o envolvimento de fam\u00edlias, tecnologia e inova\u00e7\u00e3o, elementos que transformam a cevada em algo que vai al\u00e9m do cultivo, tornando-se um verdadeiro legado<\/em>\u201d, ressalta.<\/p>\n<p>Nesse contexto, a atua\u00e7\u00e3o da IHARA se alinha diretamente a esse prop\u00f3sito. \u201c<em>N\u00f3s n\u00e3o medimos esfor\u00e7os para levar aos produtores de cevada solu\u00e7\u00f5es cada vez mais inovadoras e eficientes em prote\u00e7\u00e3o de cultivos<\/em>\u201d, complementa Cristiano, refor\u00e7ando o compromisso da empresa com quem est\u00e1 na base dessa cadeia.<\/p>\n<p><strong>Produtividade da cevada em alta no Brasil<\/strong><\/p>\n<p>O Brasil possui atualmente uma \u00e1rea estimada em 90 mil hectares de cevada, com produtividade m\u00e9dia de 4.600 kg\/h\u00e1. O Paran\u00e1 se destaca como uma das regi\u00f5es mais relevantes na produ\u00e7\u00e3o nacional de malte, representando cerca de 35% do total.<\/p>\n<p>Para apoiar os agricultores na busca por maior produtividade e qualidade, a IHARA investe no desenvolvimento de tecnologias, contribuindo para o controle dos principais desafios que impactam as lavouras. Nesse contexto, os produtores contam com um portf\u00f3lio completo, que inclui o YAMATO SC, herbicida reconhecido pela efici\u00eancia no controle do azev\u00e9m; o FUS\u00c3O EC, fungicida preventivo de r\u00e1pida absor\u00e7\u00e3o, com alta performance no controle de doen\u00e7as como manchas e o\u00eddio, favorecendo lavouras mais vigorosas; e o Certeza N, com a\u00e7\u00e3o fungicida e nematicida, que atua no controle simult\u00e2neo de doen\u00e7as de solo, sementes e nematoides. Para o manejo de pragas, a recomenda\u00e7\u00e3o \u00e9 o uso do ZEUS, que oferece amplo espectro de controle de percevejo-barriga-verde, pulg\u00e3o-verde-dos-cereais e lagartas.<\/p>\n<p>A ado\u00e7\u00e3o de tecnologias modernas fortalece toda a cadeia da cevada cervejeira frente aos desafios do campo, auxiliando os agricultores a elevar a produtividade e contribuindo para a competitividade do agroneg\u00f3cio brasileiro.<\/p>\n<p>\u00a0<\/p>\n<p><strong>Sobre a IHARA<\/strong><\/p>\n<p>A IHARA \u00e9 uma empresa de pesquisa e desenvolvimento que h\u00e1 mais de 60 anos leva solu\u00e7\u00f5es para a agricultura brasileira, setor no qual \u00e9 reconhecida como fonte de inova\u00e7\u00e3o e tecnologia japonesa como uma marca que tem a credibilidade e a confian\u00e7a dos seus clientes. A empresa conta com um portf\u00f3lio completo de fungicidas, herbicidas, inseticidas, biol\u00f3gicos, acaricidas e produtos especiais somando mais de 60 solu\u00e7\u00f5es que contribuem para a prote\u00e7\u00e3o de mais de 100 diferentes tipos de cultivos, colaborando para que os agricultores possam produzir cada vez mais alimentos, com mais qualidade e de forma sustent\u00e1vel. Em 2022, a IHARA ingressou no segmento de pastagem, oferecendo solu\u00e7\u00f5es inovadoras para o pecuarista brasileiro.\u00a0Para mais informa\u00e7\u00f5es, acesse o site da\u00a0<a title=\"http:\/\/www.ihara.com.br\" href=\"http:\/\/www.ihara.com.br\/\" target=\"_blank\" rel=\"noreferrer noopener\" shape=\"rect\" data-auth=\"NotApplicable\" data-linkindex=\"2\">IHARA.<\/a>\u00a0\u00a0<\/p>\n<hr \/>\n<h6><strong>Attuale Comunica\u00e7\u00e3o<\/strong><\/h6>\n\n\n<center><iframe loading=\"lazy\" class=\"jmvplayer\" src=\"https:\/\/player.jmvstream.com\/lvw\/YYGWo5wfZuZ8fEW7Qoq1ISwhLSEDhU\" allowfullscreen allow=\"autoplay; fullscreen\" frameborder=\"0\" width=\"640\" height=\"360\" ><\/iframe><\/center>\n<\/div><\/div>","protected":false},"excerpt":{"rendered":"<p>Com webs\u00e9rie e edi\u00e7\u00e3o especial de cervejas, iniciativa da IHARA d\u00e1 visibilidade \u00e0s hist\u00f3rias de quem est\u00e1 por tr\u00e1s da produ\u00e7\u00e3o Mais do que uma bebida presente em encontros e celebra\u00e7\u00f5es, a cerveja carrega em sua ess\u00eancia hist\u00f3rias que come\u00e7am muito antes de chegar ao copo. \u00c9 a partir desse olhar que nasce o projeto [&hellip;]<\/p>\n","protected":false},"author":4,"featured_media":84598,"comment_status":"open","ping_status":"open","sticky":false,"template":"","format":"standard","meta":{"footnotes":""},"categories":[1],"tags":[],"class_list":["post-84597","post","type-post","status-publish","format-standard","has-post-thumbnail","hentry","category-sem-categoria"],"_links":{"self":[{"href":"https:\/\/sol.fm.br\/radio\/wp-json\/wp\/v2\/posts\/84597","targetHints":{"allow":["GET"]}}],"collection":[{"href":"https:\/\/sol.fm.br\/radio\/wp-json\/wp\/v2\/posts"}],"about":[{"href":"https:\/\/sol.fm.br\/radio\/wp-json\/wp\/v2\/types\/post"}],"author":[{"embeddable":true,"href":"https:\/\/sol.fm.br\/radio\/wp-json\/wp\/v2\/users\/4"}],"replies":[{"embeddable":true,"href":"https:\/\/sol.fm.br\/radio\/wp-json\/wp\/v2\/comments?post=84597"}],"version-history":[{"count":1,"href":"https:\/\/sol.fm.br\/radio\/wp-json\/wp\/v2\/posts\/84597\/revisions"}],"predecessor-version":[{"id":84599,"href":"https:\/\/sol.fm.br\/radio\/wp-json\/wp\/v2\/posts\/84597\/revisions\/84599"}],"wp:featuredmedia":[{"embeddable":true,"href":"https:\/\/sol.fm.br\/radio\/wp-json\/wp\/v2\/media\/84598"}],"wp:attachment":[{"href":"https:\/\/sol.fm.br\/radio\/wp-json\/wp\/v2\/media?parent=84597"}],"wp:term":[{"taxonomy":"category","embeddable":true,"href":"https:\/\/sol.fm.br\/radio\/wp-json\/wp\/v2\/categories?post=84597"},{"taxonomy":"post_tag","embeddable":true,"href":"https:\/\/sol.fm.br\/radio\/wp-json\/wp\/v2\/tags?post=84597"}],"curies":[{"name":"wp","href":"https:\/\/api.w.org\/{rel}","templated":true}]}}