{"id":86560,"date":"2026-07-21T09:51:46","date_gmt":"2026-07-21T12:51:46","guid":{"rendered":"http:\/\/sol.fm.br\/radio\/?p=86560"},"modified":"2026-07-21T09:51:53","modified_gmt":"2026-07-21T12:51:53","slug":"cinco-estrategias-de-arquitetura-de-interiores-que-transformam-o-escritorio-em-motor-de-saude-organizacional","status":"publish","type":"post","link":"https:\/\/sol.fm.br\/radio\/cinco-estrategias-de-arquitetura-de-interiores-que-transformam-o-escritorio-em-motor-de-saude-organizacional\/","title":{"rendered":"Cinco estrat\u00e9gias de arquitetura de interiores que transformam o escrit\u00f3rio em motor de sa\u00fade organizacional"},"content":{"rendered":"<div id=\"dslc-theme-content\"><div id=\"dslc-theme-content-inner\"><p><span data-olk-copy-source=\"MessageBody\">O papel dos escrit\u00f3rios tem assumido uma fun\u00e7\u00e3o estrat\u00e9gica na constru\u00e7\u00e3o da cultura organizacional, no fortalecimento do senso de pertencimento e at\u00e9 mesmo na promo\u00e7\u00e3o da sa\u00fade mental. Com a transforma\u00e7\u00e3o digital, a valoriza\u00e7\u00e3o das compet\u00eancias socioemocionais e as recentes atualiza\u00e7\u00f5es da Norma Regulamentadora n\u00ba 1 (NR-1), que desde 26 de maio de 2026 passou a incluir os riscos psicossociais na gest\u00e3o corporativa, cresce a aten\u00e7\u00e3o das organiza\u00e7\u00f5es sobre a influ\u00eancia que os espa\u00e7os f\u00edsicos exercem no comportamento e no bem-estar das equipes.<\/span><\/p>\n<p>Segundo Marcelo Rodorigo, COO da Metadil, o ambiente de trabalho comunica valores, influencia rela\u00e7\u00f5es e pode contribuir diretamente para a produtividade, a colabora\u00e7\u00e3o e o engajamento dos profissionais. Para o executivo, n\u00e3o basta investir em programas de cultura organizacional e desenvolvimento humano se o espa\u00e7o onde as pessoas trabalham diariamente transmite uma mensagem oposta.<\/p>\n<p>\"<em>Cada vez mais as empresas entendem que o ambiente influencia comportamento. Espa\u00e7os que favorecem intera\u00e7\u00e3o, criatividade e colabora\u00e7\u00e3o ajudam a fortalecer compet\u00eancias que s\u00e3o fundamentais para a sa\u00fade organizacional e para os resultados do neg\u00f3cio\"<\/em>, afirma.<\/p>\n<p>O momento \u00e9 particularmente oportuno. Dados do Minist\u00e9rio da Previd\u00eancia Social indicam que o Brasil registrou mais de 546 mil afastamentos por transtornos mentais em 2025, o maior volume da s\u00e9rie hist\u00f3rica. O custo do presente\u00edsmo (colaborador presente fisicamente, mas com produtividade reduzida por quest\u00f5es emocionais) j\u00e1 alcan\u00e7a R$ 200 bilh\u00f5es ao ano, segundo estimativas do IBEF-SP. Cada colaborador nessa condi\u00e7\u00e3o custa, em m\u00e9dia, R$ 1.800 ao ano \u00e0 empresa, de acordo com a Harvard Business Review.<\/p>\n<p>Diante desse cen\u00e1rio, a Metadil elenca cinco maneiras pelas quais a arquitetura de interiores e o mobili\u00e1rio podem impactar positivamente a experi\u00eancia dos colaboradores:<\/p>\n<ol>\n<li><strong>O espa\u00e7o f\u00edsico ajuda a traduzir a cultura organizacional.<\/strong>\u00a0Ambientes abertos, iluminados e planejados para estimular a conviv\u00eancia comunicam transpar\u00eancia e horizontalidade, valores que o mobili\u00e1rio certo pode refor\u00e7ar. A linha TeakStation, por exemplo, com mesas e bancadas, foi projetada para permitir reconfigura\u00e7\u00f5es de layout conforme a necessidade, sem perder a identidade visual do escrit\u00f3rio.<\/li>\n<li><strong>Ambientes acolhedores aumentam o senso de pertencimento.<\/strong>\u00a0Colaboradores que passam cerca de um ter\u00e7o da vida no trabalho s\u00e3o impactados diariamente pelas condi\u00e7\u00f5es oferecidas. Cadeiras ergon\u00f4micas com ajustes m\u00faltiplos, esta\u00e7\u00f5es adapt\u00e1veis e \u00e1reas de conviv\u00eancia demonstram preocupa\u00e7\u00e3o com a experi\u00eancia humana. Produtos como a linha de cadeiras Aria e as bancadas TeakStation com rod\u00edzios permitem que o colaborador ajuste o posto de trabalho \u00e0s suas necessidades, um fator que, segundo estudos, est\u00e1 diretamente relacionado \u00e0 redu\u00e7\u00e3o de turnover e ao aumento do engajamento.<\/li>\n<li><strong>Espa\u00e7os colaborativos favorecem rela\u00e7\u00f5es mais saud\u00e1veis.<\/strong>\u00a0A inclus\u00e3o dos riscos psicossociais na NR-1 refor\u00e7ou a import\u00e2ncia de ambientes que estimulem rela\u00e7\u00f5es equilibradas. Pain\u00e9is modulares como o Wallmov, que podem funcionar como lousa, divis\u00f3ria, suporte para TV ou organizador de materiais, permitem criar zonas de colabora\u00e7\u00e3o e descompress\u00e3o sem obras, adaptando o espa\u00e7o \u00e0 din\u00e2mica de cada equipe.<\/li>\n<li><strong>Flexibilidade tornou-se uma necessidade dos escrit\u00f3rios modernos.<\/strong>\u00a0Mobili\u00e1rio modular, layouts reconfigur\u00e1veis e integra\u00e7\u00e3o tecnol\u00f3gica deixaram de ser diferenciais. A Metadil responde a essa demanda com solu\u00e7\u00f5es como o Movision GAB (arm\u00e1rio com suporte para TV de at\u00e9 86 polegadas, tomadas e quadro cer\u00e2mico) e as mesas basculantes e Drops, que permitem reorganizar o ambiente em minutos para diferentes formatos de trabalho: individual, em grupo ou h\u00edbrido.<\/li>\n<li><strong>O ambiente pode impulsionar o desenvolvimento humano e a produtividade.<\/strong>\u00a0Organiza\u00e7\u00f5es que investem em ambientes psicologicamente seguros e planejados para estimular intera\u00e7\u00e3o, inova\u00e7\u00e3o e aprendizado tendem a apresentar melhores \u00edndices de engajamento, reten\u00e7\u00e3o de talentos e produtividade, al\u00e9m de reduzir impactos relacionados a absente\u00edsmo, presente\u00edsmo e afastamentos emocionais.<\/li>\n<\/ol>\n<p><br clear=\"none\" \/>Rodorigo refor\u00e7a que o olhar para o mobili\u00e1rio como investimento, e n\u00e3o como despesa, tem se consolidado entre as empresas que enxergam a conformidade com a NR-1 como uma oportunidade de ganho competitivo. \"<em>O escrit\u00f3rio \u00e9 um dos ativos mais subestimados na gest\u00e3o de pessoas. Um espa\u00e7o bem projetado, com mobili\u00e1rio de qualidade e ergon\u00f4mico, comunica cuidado. E cuidado ret\u00e9m talento, reduz afastamento e gera resultado\"<\/em>, conclui.<strong>\u00a0<\/strong><\/p>\n<p>\u00a0<\/p>\n<p><strong>Sobre a Metadil:<\/strong><br clear=\"none\" \/>A Metadil, com uma hist\u00f3ria de mais de\u00a0<strong>50 anos<\/strong>\u00a0de excel\u00eancia, \u00e9 uma empresa l\u00edder no mercado de m\u00f3veis para ambientes educacionais. Com fabrica\u00e7\u00e3o nacional de alta qualidade, atende n\u00e3o apenas o Brasil, mas tamb\u00e9m empresas fora do pa\u00eds, levando sua inova\u00e7\u00e3o e expertise para o cen\u00e1rio global. A empresa se dedica a criar espa\u00e7os de aprendizado inspiradores, funcionais e seguros, que promovem o desenvolvimento de estudantes e educadores.<br clear=\"none\" \/><br clear=\"none\" \/>A Metadil entende que n\u00e3o basta fabricar m\u00f3veis; \u00e9 fundamental compreender como eles contribuem para o aprendizado e para o desenvolvimento das pessoas. A partir dessa vis\u00e3o, foi criado o conceito CuoreLab\u00ae, que integra espa\u00e7o, mobili\u00e1rio e metodologia para estimular o desenvolvimento humano, a colabora\u00e7\u00e3o e a troca entre alunos e equipes.<\/p>\n<hr \/>\n<h6><strong>Tr\u00f3pico Comunica\u00e7\u00e3o | Foto: Divulga\u00e7\u00e3o<\/strong><\/h6>\n\n\n<center><iframe loading=\"lazy\" class=\"jmvplayer\" src=\"https:\/\/player.jmvstream.com\/lvw\/YYGWo5wfZuZ8fEW7Qoq1ISwhLSEDhU\" allowfullscreen allow=\"autoplay; fullscreen\" frameborder=\"0\" width=\"640\" height=\"360\" ><\/iframe><\/center>\n<\/div><\/div>","protected":false},"excerpt":{"rendered":"<p>O papel dos escrit\u00f3rios tem assumido uma fun\u00e7\u00e3o estrat\u00e9gica na constru\u00e7\u00e3o da cultura organizacional, no fortalecimento do senso de pertencimento e at\u00e9 mesmo na promo\u00e7\u00e3o da sa\u00fade mental. Com a transforma\u00e7\u00e3o digital, a valoriza\u00e7\u00e3o das compet\u00eancias socioemocionais e as recentes atualiza\u00e7\u00f5es da Norma Regulamentadora n\u00ba 1 (NR-1), que desde 26 de maio de 2026 passou [&hellip;]<\/p>\n","protected":false},"author":4,"featured_media":86561,"comment_status":"open","ping_status":"open","sticky":false,"template":"","format":"standard","meta":{"footnotes":""},"categories":[1],"tags":[],"class_list":["post-86560","post","type-post","status-publish","format-standard","has-post-thumbnail","hentry","category-sem-categoria"],"_links":{"self":[{"href":"https:\/\/sol.fm.br\/radio\/wp-json\/wp\/v2\/posts\/86560","targetHints":{"allow":["GET"]}}],"collection":[{"href":"https:\/\/sol.fm.br\/radio\/wp-json\/wp\/v2\/posts"}],"about":[{"href":"https:\/\/sol.fm.br\/radio\/wp-json\/wp\/v2\/types\/post"}],"author":[{"embeddable":true,"href":"https:\/\/sol.fm.br\/radio\/wp-json\/wp\/v2\/users\/4"}],"replies":[{"embeddable":true,"href":"https:\/\/sol.fm.br\/radio\/wp-json\/wp\/v2\/comments?post=86560"}],"version-history":[{"count":1,"href":"https:\/\/sol.fm.br\/radio\/wp-json\/wp\/v2\/posts\/86560\/revisions"}],"predecessor-version":[{"id":86562,"href":"https:\/\/sol.fm.br\/radio\/wp-json\/wp\/v2\/posts\/86560\/revisions\/86562"}],"wp:featuredmedia":[{"embeddable":true,"href":"https:\/\/sol.fm.br\/radio\/wp-json\/wp\/v2\/media\/86561"}],"wp:attachment":[{"href":"https:\/\/sol.fm.br\/radio\/wp-json\/wp\/v2\/media?parent=86560"}],"wp:term":[{"taxonomy":"category","embeddable":true,"href":"https:\/\/sol.fm.br\/radio\/wp-json\/wp\/v2\/categories?post=86560"},{"taxonomy":"post_tag","embeddable":true,"href":"https:\/\/sol.fm.br\/radio\/wp-json\/wp\/v2\/tags?post=86560"}],"curies":[{"name":"wp","href":"https:\/\/api.w.org\/{rel}","templated":true}]}}