{"id":87435,"date":"2026-08-31T09:11:21","date_gmt":"2026-08-31T12:11:21","guid":{"rendered":"http:\/\/sol.fm.br\/radio\/?p=87435"},"modified":"2026-08-31T09:11:27","modified_gmt":"2026-08-31T12:11:27","slug":"na-oktoberfest-de-igrejinha-o-voluntariado-tambem-passa-de-geracao-em-geracao","status":"publish","type":"post","link":"https:\/\/sol.fm.br\/radio\/na-oktoberfest-de-igrejinha-o-voluntariado-tambem-passa-de-geracao-em-geracao\/","title":{"rendered":"Na Oktoberfest de Igrejinha, o voluntariado tamb\u00e9m passa de gera\u00e7\u00e3o em gera\u00e7\u00e3o"},"content":{"rendered":"<div id=\"dslc-theme-content\"><div id=\"dslc-theme-content-inner\"><p style=\"text-align: center;\"><em>Neste Dia do Voluntariado, hist\u00f3ria da fam\u00edlia Beck revela como o trabalho se transforma em tradi\u00e7\u00e3o e re\u00fane diferentes gera\u00e7\u00f5es durante a festa<\/em><\/p>\n<p>Algumas tradi\u00e7\u00f5es come\u00e7am com um gesto simples e permanecem porque encontram quem esteja disposto a lev\u00e1-las adiante. \u00c9 o caso da fam\u00edlia Beck, que h\u00e1 d\u00e9cadas participa como volunt\u00e1ria da Oktoberfest de Igrejinha e encontrou no trabalho coletivo uma forma de contribuir para a realiza\u00e7\u00e3o do evento e, ao mesmo tempo, manter um v\u00ednculo que se fortalece a cada edi\u00e7\u00e3o. A hist\u00f3ria come\u00e7ou com Adairio Beck, hoje com 73 anos, conhecido como \u201cV\u00f4\u201d. Foi ele quem criou a Turma do V\u00f4, equipe formada exclusivamente para servir chope durante a festa. O grupo re\u00fane diferentes integrantes da fam\u00edlia e continua contando com a participa\u00e7\u00e3o de Adairio.<\/p>\n<p>Entre eles est\u00e1 seu filho, Cleiton Beck, 47 anos, que come\u00e7ou a atuar como volunt\u00e1rio em 1998, pela Sociedade Amigos da Pra\u00e7a de Igrejinha (Sapi), tamb\u00e9m servindo chope. Em 2015, recebeu o convite para integrar a Turma do V\u00f4, onde j\u00e1 estavam seu pai, m\u00e3e, irm\u00e3o, cunhada, tio, tia e primo. Com o passar dos anos, esposa, cunhado e compadres tamb\u00e9m passaram a integrar a equipe. <em>\u201cMinha participa\u00e7\u00e3o no voluntariado da Oktoberfest come\u00e7ou em 1998 pela Sapi, servindo chope. Nessa turma servi chope at\u00e9 o ano de 2015, quando recebi o convite da Turma do V\u00f4, onde trabalham meus familiares<\/em>\u201d, conta.<\/p>\n<p><img loading=\"lazy\" decoding=\"async\" class=\"alignnone size-medium wp-image-87438 aligncenter\" src=\"http:\/\/sol.fm.br\/radio\/wp-content\/uploads\/2026\/08\/01-1-400x381.jpeg\" alt=\"\" width=\"400\" height=\"381\" srcset=\"https:\/\/sol.fm.br\/radio\/wp-content\/uploads\/2026\/08\/01-1-400x381.jpeg 400w, https:\/\/sol.fm.br\/radio\/wp-content\/uploads\/2026\/08\/01-1-768x732.jpeg 768w, https:\/\/sol.fm.br\/radio\/wp-content\/uploads\/2026\/08\/01-1.jpeg 1183w\" sizes=\"auto, (max-width: 400px) 100vw, 400px\" \/><\/p>\n<p>Hoje, todos os integrantes da equipe atuam na mesma fun\u00e7\u00e3o: servir chope e receber os visitantes. Para Cleiton, o trabalho tamb\u00e9m \u00e9 uma oportunidade de manter vivo o v\u00ednculo constru\u00eddo pela fam\u00edlia com a festa. \u201c<em>Com o passar dos anos colocamos outros familiares na equipe, esposa, cunhado e compadres, se tornando uma equipe de servidores bem fam\u00edlia, que adora ajudar e contribuir no sucesso da nossa Oktoberfest.<\/em>\u201d E o trabalho tem um componente que, para ele, faz toda a diferen\u00e7a: a forma de receber quem chega ao parque. \u201c<em>Nossa equipe gosta de receber os visitantes da festa com muita alegria, simpatia e um chope bem gelado\u201d<\/em>, comemora.<\/p>\n<p><strong>A maior festa comunit\u00e1ria do Brasil<\/strong><\/p>\n<p>A hist\u00f3ria da Turma do V\u00f4 \u00e9 um exemplo entre os mais de 3.500 volunt\u00e1rios que ajudam a construir a Oktoberfest de Igrejinha. S\u00e3o pessoas envolvidas em diferentes \u00e1reas e fun\u00e7\u00f5es, que dedicam tempo e trabalho para que a festa aconte\u00e7a e que ajudam a manter uma das principais caracter\u00edsticas do evento: ser constru\u00eddo pela pr\u00f3pria comunidade.<\/p>\n<p><img loading=\"lazy\" decoding=\"async\" class=\"size-medium wp-image-87437 alignleft\" src=\"http:\/\/sol.fm.br\/radio\/wp-content\/uploads\/2026\/08\/02-400x300.jpeg\" alt=\"\" width=\"400\" height=\"300\" srcset=\"https:\/\/sol.fm.br\/radio\/wp-content\/uploads\/2026\/08\/02-400x300.jpeg 400w, https:\/\/sol.fm.br\/radio\/wp-content\/uploads\/2026\/08\/02-768x576.jpeg 768w, https:\/\/sol.fm.br\/radio\/wp-content\/uploads\/2026\/08\/02-1536x1152.jpeg 1536w, https:\/\/sol.fm.br\/radio\/wp-content\/uploads\/2026\/08\/02.jpeg 1600w\" sizes=\"auto, (max-width: 400px) 100vw, 400px\" \/><\/p>\n<p>Em muitos casos, esse envolvimento ultrapassa uma edi\u00e7\u00e3o e se transforma em uma rela\u00e7\u00e3o de longo prazo. \u00c9 o que acontece com os Beck, que mant\u00eam diferentes gera\u00e7\u00f5es atuando juntas. Para Cleiton, o mais importante \u00e9 que essa participa\u00e7\u00e3o continue no futuro, acompanhada pelos valores que aprendeu dentro da pr\u00f3pria fam\u00edlia. \u201c<em>Para as pr\u00f3ximas gera\u00e7\u00f5es, gostar\u00edamos que levassem adiante n\u00e3o apenas a participa\u00e7\u00e3o na Oktoberfest, mas principalmente os valores que ela representa para nossa fam\u00edlia: uni\u00e3o, dedica\u00e7\u00e3o, respeito \u00e0s nossas origens e orgulho da nossa hist\u00f3ria\u201d<\/em>, diz.<\/p>\n<p>Mais do que permanecer na festa, a inten\u00e7\u00e3o \u00e9 preservar o significado dessa participa\u00e7\u00e3o. <em>\u201cQue eles continuem enxergando a festa como um momento de celebrar, trabalhar juntos e manter viva uma tradi\u00e7\u00e3o que faz parte da nossa identidade<\/em>\u201d, completa.<\/p>\n<p><strong>Trabalho que retorna para a comunidade<\/strong><\/p>\n<p>O voluntariado tamb\u00e9m se traduz em impacto para al\u00e9m dos dias de festa. Todo o resultado financeiro da Oktoberfest de Igrejinha \u00e9 destinado \u00e0 comunidade. Na \u00faltima edi\u00e7\u00e3o, mais de 202 mil visitantes passaram pelo evento, que destinou cerca de R$ 3,4 milh\u00f5es a 89 entidades da regi\u00e3o.<\/p>\n<p>Ao longo de sua hist\u00f3ria, a Oktoberfest de Igrejinha j\u00e1 repassou mais de R$ 37 milh\u00f5es, contribuindo para projetos nas \u00e1reas da sa\u00fade, educa\u00e7\u00e3o, cultura e assist\u00eancia social. Um resultado que nasce da participa\u00e7\u00e3o de toda a comunidade e ganha for\u00e7a por meio do trabalho do voluntariado que ajuda a construir, ano ap\u00f3s ano, a maior festa comunit\u00e1ria do Brasil.<\/p>\n<p>\u00a0<\/p>\n<p><strong>SERVI\u00c7O<\/strong><\/p>\n<p><strong>Evento<\/strong>: 37\u00aa Oktoberfest de Igrejinha<\/p>\n<p><strong>Data<\/strong>: 09 a 18 de outubro de 2026<\/p>\n<p><strong>Local<\/strong>: Parque de Eventos Almiro Grings (Rua Arlindo Geis 255, Igrejinha\/RS)<\/p>\n<p><strong>Ingressos<\/strong>: dispon\u00edveis atrav\u00e9s do site oficial <a href=\"http:\/\/www.oktoberfest.org.br\/\">www.oktoberfest.org.br<\/a>. Ingresso de acesso individual, v\u00e1lido para um \u00fanico dia. Lotes sujeitos a disponibilidade de ingressos.<\/p>\n<p>1\u00ba lote: Sexta-feira (9\/10) \u2013 R$ 48,00 | 1\u00ba lote - S\u00e1bado (10\/10) \u2013 R$ 27,00 | 1\u00ba lote - Domingo (11\/10) - R$ 39,00 | 1\u00ba lote - Sexta-feira (16\/10) - R$ 39,00 | 1\u00ba lote - S\u00e1bado (17\/10) \u2013 R$ 27,00 | 1\u00ba lote: Domingo (18\/10) \u2013 R$ 48,00<\/p>\n<p><strong>Patroc\u00ednio<\/strong>: Eisenbahn, Coca-Cola, JBL, Cal\u00e7ados Beira Rio, Mili, Usaflex, Piccadilly, Via Atacadista, Sicoob, Din\u00e2mica, Porto, Unidasul Rissul, Madeiras Status, Cal\u00e7ados Bebec\u00ea, Tintas Killing, Ambiente Verde, Banrisul, Eleven Tickets, Plena Pay, Bibi, Farm\u00e1cias S\u00e3o Jo\u00e3o, Lojas Paludo, Sicredi, Tacosola e Voltec Solu\u00e7\u00f5es em Energia<\/p>\n<p><strong>Apoio<\/strong>: Prefeitura de Igrejinha, CTA Internet, Unimed e Ecovalor<\/p>\n<p>Mais informa\u00e7\u00f5es: atrav\u00e9s do site oficial <a href=\"http:\/\/www.oktoberfest.org.br\/\">www.oktoberfest.org.br<\/a> e das redes sociais.<del><\/del><\/p>\n<hr \/>\n<h6><strong>Assessoria de Imprensa - Talenttare\u00a0<\/strong><\/h6>\n<p>\u00a0<\/p>\n\n\n<center><iframe loading=\"lazy\" class=\"jmvplayer\" src=\"https:\/\/player.jmvstream.com\/lvw\/YYGWo5wfZuZ8fEW7Qoq1ISwhLSEDhU\" allowfullscreen allow=\"autoplay; fullscreen\" frameborder=\"0\" width=\"640\" height=\"360\" ><\/iframe><\/center>\n<\/div><\/div>","protected":false},"excerpt":{"rendered":"<p>Neste Dia do Voluntariado, hist\u00f3ria da fam\u00edlia Beck revela como o trabalho se transforma em tradi\u00e7\u00e3o e re\u00fane diferentes gera\u00e7\u00f5es durante a festa Algumas tradi\u00e7\u00f5es come\u00e7am com um gesto simples e permanecem porque encontram quem esteja disposto a lev\u00e1-las adiante. \u00c9 o caso da fam\u00edlia Beck, que h\u00e1 d\u00e9cadas participa como volunt\u00e1ria da Oktoberfest de [&hellip;]<\/p>\n","protected":false},"author":4,"featured_media":87436,"comment_status":"open","ping_status":"open","sticky":false,"template":"","format":"standard","meta":{"footnotes":""},"categories":[1],"tags":[],"class_list":["post-87435","post","type-post","status-publish","format-standard","has-post-thumbnail","hentry","category-sem-categoria"],"_links":{"self":[{"href":"https:\/\/sol.fm.br\/radio\/wp-json\/wp\/v2\/posts\/87435","targetHints":{"allow":["GET"]}}],"collection":[{"href":"https:\/\/sol.fm.br\/radio\/wp-json\/wp\/v2\/posts"}],"about":[{"href":"https:\/\/sol.fm.br\/radio\/wp-json\/wp\/v2\/types\/post"}],"author":[{"embeddable":true,"href":"https:\/\/sol.fm.br\/radio\/wp-json\/wp\/v2\/users\/4"}],"replies":[{"embeddable":true,"href":"https:\/\/sol.fm.br\/radio\/wp-json\/wp\/v2\/comments?post=87435"}],"version-history":[{"count":1,"href":"https:\/\/sol.fm.br\/radio\/wp-json\/wp\/v2\/posts\/87435\/revisions"}],"predecessor-version":[{"id":87439,"href":"https:\/\/sol.fm.br\/radio\/wp-json\/wp\/v2\/posts\/87435\/revisions\/87439"}],"wp:featuredmedia":[{"embeddable":true,"href":"https:\/\/sol.fm.br\/radio\/wp-json\/wp\/v2\/media\/87436"}],"wp:attachment":[{"href":"https:\/\/sol.fm.br\/radio\/wp-json\/wp\/v2\/media?parent=87435"}],"wp:term":[{"taxonomy":"category","embeddable":true,"href":"https:\/\/sol.fm.br\/radio\/wp-json\/wp\/v2\/categories?post=87435"},{"taxonomy":"post_tag","embeddable":true,"href":"https:\/\/sol.fm.br\/radio\/wp-json\/wp\/v2\/tags?post=87435"}],"curies":[{"name":"wp","href":"https:\/\/api.w.org\/{rel}","templated":true}]}}