{"id":87443,"date":"2026-08-31T09:23:47","date_gmt":"2026-08-31T12:23:47","guid":{"rendered":"http:\/\/sol.fm.br\/radio\/?p=87443"},"modified":"2026-08-31T09:23:55","modified_gmt":"2026-08-31T12:23:55","slug":"consevitis-rs-apresenta-programacao-na-expointer-com-lancamento-de-novo-programa-de-boas-praticas-como-destaque","status":"publish","type":"post","link":"https:\/\/sol.fm.br\/radio\/consevitis-rs-apresenta-programacao-na-expointer-com-lancamento-de-novo-programa-de-boas-praticas-como-destaque\/","title":{"rendered":"Consevitis-RS apresenta programa\u00e7\u00e3o na Expointer, com lan\u00e7amento de novo programa de boas pr\u00e1ticas como destaque"},"content":{"rendered":"<div id=\"dslc-theme-content\"><div id=\"dslc-theme-content-inner\"><p style=\"text-align: center;\"><i data-olk-copy-source=\"MessageBody\">Estande reunir\u00e1 10 vin\u00edcolas ga\u00fachas, enquanto agenda inclui painel sobre acordo Mercosul-UE, palestra da Sele\u00e7\u00e3o de BRS Lorena, podcast e a\u00e7\u00f5es de promo\u00e7\u00e3o<\/i><\/p>\n<div>\n<p>O Instituto de Gest\u00e3o, Planejamento, Desenvolvimento da Vitivinicultura do Estado do RS (Consevitis-RS) ter\u00e1 uma programa\u00e7\u00e3o t\u00e9cnica, institucional e promocional na\u00a0Expointer 2026, que ocorre de 29 de agosto a 6 de setembro, no Parque de Exposi\u00e7\u00f5es Assis Brasil, em Esteio (RS).\u00a0 Em um dos principais eventos do calend\u00e1rio agropecu\u00e1rio do Rio Grande do Sul, a entidade desenvolver\u00e1 a\u00e7\u00f5es de conhecimento e capacita\u00e7\u00e3o, inova\u00e7\u00e3o e pesquisa, promo\u00e7\u00e3o da vitivinicultura, valoriza\u00e7\u00e3o do vinho brasileiro e do suco de uva, relacionamento com imprensa e formadores de opini\u00e3o e aproxima\u00e7\u00e3o com o p\u00fablico.<\/p>\n<p>Um dos destaques \u00e9 o lan\u00e7amento do\u00a0Programa Boas Pr\u00e1ticas Sustent\u00e1veis na Viticultura\u00a0do Consevitis-RS. Com car\u00e1ter t\u00e9cnico, educativo e de melhoria cont\u00ednua, busca incentivar a ado\u00e7\u00e3o de pr\u00e1ticas agr\u00edcolas sustent\u00e1veis, promover a seguran\u00e7a dos alimentos, fortalecer a gest\u00e3o das unidades produtivas e contribuir para a competitividade da cadeia produtiva da uva destinada ao processamento no Rio Grande do Sul por meio\u00a0 de consultorias e certifica\u00e7\u00e3o das propriedades.<\/p>\n<p>Participaram da elabora\u00e7\u00e3o os membros do Grupo de Trabalho de Viticultura do Consevitis-RS, composto por Embrapa Uva e Vinho, IFRS, Emater, Sebrae-RS, t\u00e9cnicos de cooperativas, ind\u00fastrias e consultores do setor, al\u00e9m da equipe t\u00e9cnica do Instituto. A iniciativa \u00e9 destinada a viticultores ga\u00fachos que produzem uvas para processamento industrial e que aderirem voluntariamente ao Programa.<\/p>\n<p><em>\u201cO programa visa \u00e0 conscientiza\u00e7\u00e3o e \u00e0 verifica\u00e7\u00e3o das Boas Pr\u00e1ticas, as quais muitas vezes j\u00e1 s\u00e3o aplicadas, por\u00e9m n\u00e3o s\u00e3o mensuradas. Logo, a principal demanda \u00e9 a orienta\u00e7\u00e3o sobre estas pr\u00e1ticas ao produtor e o reconhecimento atrav\u00e9s da certifica\u00e7\u00e3o\u201d<\/em>, destaca o analista de Agronomia do Consevitis-RS, Gabriel Almeida da Silva.<\/p>\n<p>Os produtores ser\u00e3o orientados e reconhecidos por Boas Pr\u00e1ticas no \u00e2mbito da seguran\u00e7a dos alimentos, da sa\u00fade e seguran\u00e7a dos trabalhadores, da sustentabilidade ambiental, da rastreabilidade da produ\u00e7\u00e3o, do manejo da propriedade e dos demais aspectos aplic\u00e1veis. O programa \u00e9 gratuito e estar\u00e1 dispon\u00edvel aos produtores por edital de chamada p\u00fablica e atrav\u00e9s de institui\u00e7\u00f5es parceiras (empresas \u00e2ncoras), tamb\u00e9m selecionadas por edital.<\/p>\n<p>Na programa\u00e7\u00e3o, haver\u00e1 ainda um painel que debater\u00e1 o\u00a0Acordo Uni\u00e3o Europeia - Mercosul\u00a0e uma palestra, em conjunto com a Embrapa, que abordar\u00e1 os diferenciais das cultivares h\u00edbridas e os detalhes da segunda edi\u00e7\u00e3o do concurso de\u00a0Sele\u00e7\u00e3o de BRS Lorena. Al\u00e9m disso, o\u00a0FoodTalks Consevitis-RS e Associa\u00e7\u00e3o Brasileira de Criadores de Ovinos (ARCO)falar\u00e1 sobre harmoniza\u00e7\u00e3o entre carne de cordeiro e vinho.\u00a0<\/p>\n<p>Um epis\u00f3dio especial do\u00a0Podcast Vai de Vinho Brasileiro\u00a0ser\u00e1 transmitido ao vivo\u00a0 diretamente da Expointer e reunir\u00e1 diversos convidados ligados \u00e0 vitivinicultura ga\u00facha. O p\u00fablico tamb\u00e9m poder\u00e1 conhecer os mascotes\u00a0Isa e Bord\u00f4, personagens da campanha do Suco de Uva Brasileiro, que estar\u00e3o no estande do Consevitis-RS (veja mais informa\u00e7\u00f5es abaixo).<\/p>\n<p>O Consevitis-RS estar\u00e1 novamente presente com seu estande no Pavilh\u00e3o Internacional, onde\u00a010 vin\u00edcolas ga\u00fachas apresentar\u00e3o seus produtos ao p\u00fablico, quatro a mais do que na edi\u00e7\u00e3o anterior. Participar\u00e3o a\u00a0Vin\u00edcola Pinhal Alto, Casa Zottis, Cave Bertamoni, Vin\u00edcola Dallavino, Boscato Vinhos Finos, Vin\u00edcola Lovatel, Brocardo Vinhedos e Vinhos, Altos do Para\u00edso Vinhedos, Nova Alian\u00e7a Vin\u00edcola Cooperativa e Pizzato Vinhas e Vinhos. Com 100 m\u00b2, o espa\u00e7o possibilitar\u00e1 degusta\u00e7\u00e3o e comercializa\u00e7\u00e3o de vinhos, espumantes e sucos de uva.\u00a0<\/p>\n<p>O presidente do Consevitis-RS, Maicon Galiotto, destaca a import\u00e2ncia de levar diferentes pautas da vitivinicultura \u00e0 Expointer. \u201c<em>A Expointer nos permite conversar com diferentes p\u00fablicos e apresentar a vitivinicultura n\u00e3o apenas pelo produto, mas tamb\u00e9m pela pesquisa, pela inova\u00e7\u00e3o, pela sustentabilidade, pelo mercado e pela rela\u00e7\u00e3o com outros segmentos do agroneg\u00f3cio<\/em>\u201d, avalia.<\/p>\n<p>Al\u00e9m das atividades relacionadas, o Consevitis-RS cumprir\u00e1 agenda de participa\u00e7\u00f5es e entrevistas em diversos ve\u00edculos de imprensa do estado, o que inclui participa\u00e7\u00f5es em debates.<\/p>\n<p aria-hidden=\"true\">\u00a0<\/p>\n<p><strong>Confira a programa\u00e7\u00e3o completa do Consevitis-RS na Expointer 2026:<\/strong><\/p>\n<p><strong>:: FoodTalks Consevitis-RS e ARCO<\/strong><strong><br clear=\"none\" \/><\/strong><strong>O qu\u00ea:<\/strong>\u00a0\u201cCordeiro e Vinho: onde nasce a enogastronomia\u201d<br clear=\"none\" \/><strong>Quando:<\/strong>\u00a029 de agosto (s\u00e1bado), das 15h \u00e0s 16h30<br clear=\"none\" \/><strong>Onde:<\/strong>\u00a0Casa RBS<\/p>\n<p>O encontro discutir\u00e1 a rela\u00e7\u00e3o entre cordeiro e vinho e as possibilidades de harmoniza\u00e7\u00e3o entre os dois produtos. A conversa ter\u00e1 media\u00e7\u00e3o de Diogo Carvalho, cofundador dos Destemperados, e Gisele Loeblein, colunista de Zero Hora, com participa\u00e7\u00e3o de Maicon Galiotto, presidente do Consevitis-RS; Edemundo Gressler, presidente da Associa\u00e7\u00e3o Brasileira de Criadores de Ovinos (ARCO); e Marcelo Schambeck, chef do Capincho. A atividade ser\u00e1 gratuita e aberta ao p\u00fablico da Expointer, com transmiss\u00e3o ao vivo pelo\u00a0<a title=\"https:\/\/www.youtube.com\/live\/sTJxLp5OkoI\" href=\"https:\/\/www.youtube.com\/live\/sTJxLp5OkoI\" target=\"_blank\" rel=\"noreferrer noopener\" shape=\"rect\" data-auth=\"NotApplicable\" data-linkindex=\"0\">canal da Ga\u00facha no YouTube<\/a>.<\/p>\n<p><strong>:: Suco de uva brasileiro<\/strong><strong><br clear=\"none\" \/><\/strong><strong>O qu\u00ea:<\/strong>\u00a0a\u00e7\u00f5es de promo\u00e7\u00e3o do suco de uva brasileiro<br clear=\"none\" \/><strong>Quando:<\/strong>\u00a029 e 30 de agosto e 3, 4, 5 e 6 de setembro, das 12h \u00e0s 17h<br clear=\"none\" \/><strong>Onde:<\/strong>\u00a0estande do Consevitis-RS, no Pavilh\u00e3o Internacional<\/p>\n<p>Os mascotes Isa e Bord\u00f4, inspirados nas variedades Isabel e Bord\u00f4 e personagens da campanha de promo\u00e7\u00e3o do Suco de Uva Brasileiro, estar\u00e3o no estande para interagir com o p\u00fablico e participar de sess\u00f5es de fotos.<\/p>\n<p><strong>:: 2\u00aa Sele\u00e7\u00e3o de BRS Lorena<\/strong><strong><br clear=\"none\" \/><\/strong><strong>O qu\u00ea:<\/strong>\u00a0palestra sobre variedades h\u00edbridas e a Sele\u00e7\u00e3o de BRS Lorena<br clear=\"none\" \/><strong>Quando:<\/strong>\u00a031 de agosto (segunda-feira), \u00e0s 14h<br clear=\"none\" \/><strong>Onde:<\/strong>\u00a0sala de reuni\u00f5es do estande do Consevitis-RS, no Pavilh\u00e3o Internacional<\/p>\n<p>Em parceria com a Embrapa Uva e Vinho, a palestra \u201cO Brasil na Nova Era das Cultivares H\u00edbridas\u201d ser\u00e1 apresentada por Leo da Concei\u00e7\u00e3o e a apresenta\u00e7\u00e3o da 2\u00aa Sele\u00e7\u00e3o de BRS Lorena ser\u00e1 conduzida por Mauro Zanus, ambos pesquisadores da Embrapa Uva e Vinho. As inscri\u00e7\u00f5es para as vin\u00edcolas participarem da Sele\u00e7\u00e3o abrem no dia 8 de setembro.<\/p>\n<p><strong>:: Podcast Vai de Vinho Brasileiro<\/strong><strong><br clear=\"none\" \/><\/strong><strong>O qu\u00ea:<\/strong>\u00a0edi\u00e7\u00e3o especial do podcast Vai de Vinho Brasileiro<br clear=\"none\" \/><strong>Quando:<\/strong>\u00a031 de agosto (segunda-feira), \u00e0s 15h30<br clear=\"none\" \/><strong>Onde:<\/strong>\u00a0estande do Consevitis-RS, no Pavilh\u00e3o Internacional<br clear=\"none\" \/><strong>Transmiss\u00e3o:<\/strong>\u00a0ao vivo pelos canais do Vinho Brasileiro no YouTube e Spotify<\/p>\n<p>O epis\u00f3dio especial ser\u00e1 transmitido diretamente da Expointer e reunir\u00e1 convidados ligados \u00e0 vitivinicultura ga\u00facha, entre eles Maicon Galiotto, presidente do Consevitis-RS; Leo da Concei\u00e7\u00e3o e Mauro Zanus, pesquisadores da Embrapa Uva e Vinho; e representantes das vin\u00edcolas expositoras. O podcast Vai de Vinho Brasileiro j\u00e1 conta com duas temporadas, dispon\u00edveis nos canais do Vinho Brasileiro.<\/p>\n<p><strong>:: Relacionamento com imprensa e formadores de opini\u00e3o<\/strong><strong><br clear=\"none\" \/><\/strong><strong>O qu\u00ea:<\/strong>\u00a0apresenta\u00e7\u00e3o de r\u00f3tulos das vin\u00edcolas expositoras<br clear=\"none\" \/><strong>Quando:<\/strong>\u00a01\u00ba e 2 de setembro (ter\u00e7a e quarta-feira), \u00e0s 16h30<br clear=\"none\" \/><strong>Onde:<\/strong>\u00a0sala de reuni\u00f5es do estande do Consevitis-RS, no Pavilh\u00e3o Internacional<\/p>\n<p>Jornalistas, influenciadores e comunicadores convidados participar\u00e3o de uma apresenta\u00e7\u00e3o de r\u00f3tulos das vin\u00edcolas que integram o estande do Consevitis-RS. A iniciativa busca aproximar a produ\u00e7\u00e3o vitivin\u00edcola ga\u00facha de profissionais que atuam na comunica\u00e7\u00e3o e na forma\u00e7\u00e3o de opini\u00e3o sobre o setor.<\/p>\n<p><strong>:: Programa Boas Pr\u00e1ticas Sustent\u00e1veis na Viticultura<\/strong><strong><br clear=\"none\" \/><\/strong><strong>O qu\u00ea:<\/strong>\u00a0lan\u00e7amento do Programa Boas Pr\u00e1ticas Sustent\u00e1veis na Viticultura<br clear=\"none\" \/><strong>Quando:<\/strong>\u00a02 de setembro (quarta-feira), das 15h30 \u00e0s 16h<br clear=\"none\" \/><strong>Onde:<\/strong>\u00a0Arena da Secretaria da Agricultura, no Pavilh\u00e3o Internacional<\/p>\n<p>O Consevitis-RS apresentar\u00e1 oficialmente o programa, que busca estimular a ado\u00e7\u00e3o de boas pr\u00e1ticas agr\u00edcolas, promover a seguran\u00e7a dos alimentos, fortalecer a gest\u00e3o das propriedades e contribuir para a competitividade da cadeia produtiva da uva destinada ao processamento no Rio Grande do Sul.<\/p>\n<p><strong>:: Acordo Uni\u00e3o Europeia-Mercosul<\/strong><strong><br clear=\"none\" \/><\/strong><strong>O qu\u00ea:<\/strong>\u00a0painel \u201cSetor vitivin\u00edcola: Estrat\u00e9gias de prote\u00e7\u00e3o setorial frente ao acordo Mercosul e Uni\u00e3o Europeia\u201d<br clear=\"none\" \/><strong>Quando:<\/strong>\u00a03 de setembro (quinta-feira), das 17h \u00e0s 18h<br clear=\"none\" \/><strong>Onde:<\/strong>\u00a0Audit\u00f3rio da Secretaria da Agricultura, no Pavilh\u00e3o Internacional<\/p>\n<p>O painel reunir\u00e1 representantes do setor e do poder p\u00fablico para discutir os impactos do Acordo Uni\u00e3o Europeia-Mercosul sobre a vitivinicultura e debater caminhos, desafios e estrat\u00e9gias de prote\u00e7\u00e3o e fortalecimento do setor. Entre os painelistas confirmados est\u00e3o Jones Valduga, presidente da Uvibra e conselheiro do Consevitis-RS, e um representante do Minist\u00e9rio da Agricultura e Pecu\u00e1ria (MAPA).<\/p>\n<p aria-hidden=\"true\">\u00a0<\/p>\n<p><strong>Sobre o Consevitis-RS<\/strong><\/p>\n<p>O Instituto de Gest\u00e3o, Planejamento e Desenvolvimento da Vitivinicultura do Estado do Rio Grande do Sul (Consevitis-RS) atua no apoio, difus\u00e3o e financiamento de demandas relacionadas \u00e0 produ\u00e7\u00e3o de uvas, vinhos, sucos de uva e demais produtos derivados no \u00e2mbito agr\u00edcola, produtivo, t\u00e9cnico, promocional, cultural, ambiental, jur\u00eddico e institucional. O instituto tamb\u00e9m est\u00e1 envolvido em programas de ensino, pesquisa, extens\u00e3o e inova\u00e7\u00e3o, visando ao constante desenvolvimento e aprimoramento do setor vitivin\u00edcola.<\/p>\n<hr \/>\n<h6><strong>Sublinha! Comunica\u00e7\u00e3o | Assessoria de Imprensa - Consevitis-RS | Foto: Jossoel Soares, Bir\u00f4 Films<\/strong><\/h6>\n<\/div>\n\n\n<center><iframe loading=\"lazy\" class=\"jmvplayer\" src=\"https:\/\/player.jmvstream.com\/lvw\/YYGWo5wfZuZ8fEW7Qoq1ISwhLSEDhU\" allowfullscreen allow=\"autoplay; fullscreen\" frameborder=\"0\" width=\"640\" height=\"360\" ><\/iframe><\/center>\n<\/div><\/div>","protected":false},"excerpt":{"rendered":"<p>Estande reunir\u00e1 10 vin\u00edcolas ga\u00fachas, enquanto agenda inclui painel sobre acordo Mercosul-UE, palestra da Sele\u00e7\u00e3o de BRS Lorena, podcast e a\u00e7\u00f5es de promo\u00e7\u00e3o O Instituto de Gest\u00e3o, Planejamento, Desenvolvimento da Vitivinicultura do Estado do RS (Consevitis-RS) ter\u00e1 uma programa\u00e7\u00e3o t\u00e9cnica, institucional e promocional na\u00a0Expointer 2026, que ocorre de 29 de agosto a 6 de setembro, [&hellip;]<\/p>\n","protected":false},"author":4,"featured_media":87444,"comment_status":"open","ping_status":"open","sticky":false,"template":"","format":"standard","meta":{"footnotes":""},"categories":[1],"tags":[],"class_list":["post-87443","post","type-post","status-publish","format-standard","has-post-thumbnail","hentry","category-sem-categoria"],"_links":{"self":[{"href":"https:\/\/sol.fm.br\/radio\/wp-json\/wp\/v2\/posts\/87443","targetHints":{"allow":["GET"]}}],"collection":[{"href":"https:\/\/sol.fm.br\/radio\/wp-json\/wp\/v2\/posts"}],"about":[{"href":"https:\/\/sol.fm.br\/radio\/wp-json\/wp\/v2\/types\/post"}],"author":[{"embeddable":true,"href":"https:\/\/sol.fm.br\/radio\/wp-json\/wp\/v2\/users\/4"}],"replies":[{"embeddable":true,"href":"https:\/\/sol.fm.br\/radio\/wp-json\/wp\/v2\/comments?post=87443"}],"version-history":[{"count":1,"href":"https:\/\/sol.fm.br\/radio\/wp-json\/wp\/v2\/posts\/87443\/revisions"}],"predecessor-version":[{"id":87445,"href":"https:\/\/sol.fm.br\/radio\/wp-json\/wp\/v2\/posts\/87443\/revisions\/87445"}],"wp:featuredmedia":[{"embeddable":true,"href":"https:\/\/sol.fm.br\/radio\/wp-json\/wp\/v2\/media\/87444"}],"wp:attachment":[{"href":"https:\/\/sol.fm.br\/radio\/wp-json\/wp\/v2\/media?parent=87443"}],"wp:term":[{"taxonomy":"category","embeddable":true,"href":"https:\/\/sol.fm.br\/radio\/wp-json\/wp\/v2\/categories?post=87443"},{"taxonomy":"post_tag","embeddable":true,"href":"https:\/\/sol.fm.br\/radio\/wp-json\/wp\/v2\/tags?post=87443"}],"curies":[{"name":"wp","href":"https:\/\/api.w.org\/{rel}","templated":true}]}}