{"id":87446,"date":"2026-08-31T09:26:54","date_gmt":"2026-08-31T12:26:54","guid":{"rendered":"http:\/\/sol.fm.br\/radio\/?p=87446"},"modified":"2026-08-31T09:27:16","modified_gmt":"2026-08-31T12:27:16","slug":"expointer-premio-merito-genetico-angus-reconhece-vpj-pecuaria-como-melhor-criatorio-de-raca-do-pais","status":"publish","type":"post","link":"https:\/\/sol.fm.br\/radio\/expointer-premio-merito-genetico-angus-reconhece-vpj-pecuaria-como-melhor-criatorio-de-raca-do-pais\/","title":{"rendered":"Expointer: Pr\u00eamio M\u00e9rito Gen\u00e9tico Angus reconhece VPJ Pecu\u00e1ria como melhor criat\u00f3rio de ra\u00e7a do pa\u00eds"},"content":{"rendered":"<div id=\"dslc-theme-content\"><div id=\"dslc-theme-content-inner\"><p><span data-olk-copy-source=\"MessageBody\">A VPJ Pecu\u00e1ria conquistou o Pr\u00eamio M\u00e9rito Gen\u00e9tico Angus, concedido pela Associa\u00e7\u00e3o Brasileira de Angus aos criat\u00f3rios que se destacam no melhoramento gen\u00e9tico da ra\u00e7a no Brasil. Pela primeira vez, o reconhecimento vai para um criat\u00f3rio de fora da regi\u00e3o Sul, onde est\u00e1 concentrado o maior rebanho da ra\u00e7a no Pa\u00eds.<\/span><\/p>\n<p>Promovido em parceria com uma das maiores entidades de pesquisa agropecu\u00e1ria do mundo, a Embrapa, o ranking considera fatores como desempenho, consist\u00eancia de resultados e contribui\u00e7\u00e3o efetiva para a pecu\u00e1ria nacional.<\/p>\n<p><em>\u201cEssa conquista reflete a nossa busca permanente por excel\u00eancia gen\u00e9tica e uma vis\u00e3o sist\u00eamica da cadeia bovina, do pasto ao prato, para produzir animais que fazem a diferen\u00e7a na cadeia de valor da pecu\u00e1ria\u201d,<\/em> celebra o titular Valdomiro Poliselli J\u00fanior.<\/p>\n<p>O Grupo VPJ talvez seja o \u00fanico grupo empresarial presente em todas as etapas do neg\u00f3cio da carne bovina, com centros de melhoramento gen\u00e9tico no Brasil e nos Estados Unidos, confinamentos, ind\u00fastrias, frigor\u00edficos, centro de distribui\u00e7\u00e3o nacional, opera\u00e7\u00f5es de exporta\u00e7\u00e3o, al\u00e9m de franquias de restaurantes e\u00a0 boutiques de carnes gourmet.<\/p>\n<p>Com feedback constante dos muitos segmentos da cadeia e an\u00e1lise sist\u00eamica do neg\u00f3cio da carne, o Grupo VPJ est\u00e1 a todo instante compondo cen\u00e1rios e concebendo solu\u00e7\u00f5es que antecedem movimentos de mercado. A empresa acredita que, por meio da gen\u00e9tica, multiplicam-se os ganhos na pecu\u00e1ria e na qualidade dos produtos levados \u00e0 mesa de consumidores.<\/p>\n<p>Segundo a empresa, os investimentos no centro de melhoramento gen\u00e9tico nos Estados Unidos t\u00eam papel decisivo nessa conquista ao possibilitar que animais disponibilizados pela VPJ no Brasil caminhem lado a lado com a evolu\u00e7\u00e3o gen\u00e9tica Aberdeen Angus mundial.<\/p>\n<p>Isso faz de seus touros animais de extrema demanda e alta penetra\u00e7\u00e3o nas mais importantes multinacionais de melhoramento gen\u00e9tico. Atualmente,\u00a0 a VPJ Pecu\u00e1ria \u00e9 o criat\u00f3rio nacional com o maior n\u00famero de touros em central do Brasil.<\/p>\n<p>A solenidade de entrega do Pr\u00eamio M\u00e9rito Gen\u00e9tico Angus acontecer\u00e1 \u00e0s 19h do dia 31 de agosto de 2026, na Associa\u00e7\u00e3o Brasileira de Angus, no Parque de Exposi\u00e7\u00f5es Assis Brasil, em Esteio (RS), durante a Expointer 2026, a maior feira agropecu\u00e1ria a c\u00e9u aberto da Am\u00e9rica Latina.<\/p>\n<hr \/>\n<h6><strong>Pec Press - Comunica\u00e7\u00e3o Estrat\u00e9gica | Foto: VPJ<\/strong><\/h6>\n\n\n<center><iframe loading=\"lazy\" class=\"jmvplayer\" src=\"https:\/\/player.jmvstream.com\/lvw\/YYGWo5wfZuZ8fEW7Qoq1ISwhLSEDhU\" allowfullscreen allow=\"autoplay; fullscreen\" frameborder=\"0\" width=\"640\" height=\"360\" ><\/iframe><\/center>\n<\/div><\/div>","protected":false},"excerpt":{"rendered":"<p>A VPJ Pecu\u00e1ria conquistou o Pr\u00eamio M\u00e9rito Gen\u00e9tico Angus, concedido pela Associa\u00e7\u00e3o Brasileira de Angus aos criat\u00f3rios que se destacam no melhoramento gen\u00e9tico da ra\u00e7a no Brasil. Pela primeira vez, o reconhecimento vai para um criat\u00f3rio de fora da regi\u00e3o Sul, onde est\u00e1 concentrado o maior rebanho da ra\u00e7a no Pa\u00eds. Promovido em parceria com [&hellip;]<\/p>\n","protected":false},"author":4,"featured_media":87447,"comment_status":"open","ping_status":"open","sticky":false,"template":"","format":"standard","meta":{"footnotes":""},"categories":[1],"tags":[],"class_list":["post-87446","post","type-post","status-publish","format-standard","has-post-thumbnail","hentry","category-sem-categoria"],"_links":{"self":[{"href":"https:\/\/sol.fm.br\/radio\/wp-json\/wp\/v2\/posts\/87446","targetHints":{"allow":["GET"]}}],"collection":[{"href":"https:\/\/sol.fm.br\/radio\/wp-json\/wp\/v2\/posts"}],"about":[{"href":"https:\/\/sol.fm.br\/radio\/wp-json\/wp\/v2\/types\/post"}],"author":[{"embeddable":true,"href":"https:\/\/sol.fm.br\/radio\/wp-json\/wp\/v2\/users\/4"}],"replies":[{"embeddable":true,"href":"https:\/\/sol.fm.br\/radio\/wp-json\/wp\/v2\/comments?post=87446"}],"version-history":[{"count":1,"href":"https:\/\/sol.fm.br\/radio\/wp-json\/wp\/v2\/posts\/87446\/revisions"}],"predecessor-version":[{"id":87448,"href":"https:\/\/sol.fm.br\/radio\/wp-json\/wp\/v2\/posts\/87446\/revisions\/87448"}],"wp:featuredmedia":[{"embeddable":true,"href":"https:\/\/sol.fm.br\/radio\/wp-json\/wp\/v2\/media\/87447"}],"wp:attachment":[{"href":"https:\/\/sol.fm.br\/radio\/wp-json\/wp\/v2\/media?parent=87446"}],"wp:term":[{"taxonomy":"category","embeddable":true,"href":"https:\/\/sol.fm.br\/radio\/wp-json\/wp\/v2\/categories?post=87446"},{"taxonomy":"post_tag","embeddable":true,"href":"https:\/\/sol.fm.br\/radio\/wp-json\/wp\/v2\/tags?post=87446"}],"curies":[{"name":"wp","href":"https:\/\/api.w.org\/{rel}","templated":true}]}}