{"id":87455,"date":"2026-08-31T09:49:41","date_gmt":"2026-08-31T12:49:41","guid":{"rendered":"http:\/\/sol.fm.br\/radio\/?p=87455"},"modified":"2026-08-31T09:49:47","modified_gmt":"2026-08-31T12:49:47","slug":"onda-de-calor-de-40c-em-sp-poe-agro-em-alerta-e-reforca-importancia-da-eficiencia-hidrica-e-do-credito-rural","status":"publish","type":"post","link":"https:\/\/sol.fm.br\/radio\/onda-de-calor-de-40c-em-sp-poe-agro-em-alerta-e-reforca-importancia-da-eficiencia-hidrica-e-do-credito-rural\/","title":{"rendered":"Onda de calor de 40\u00b0C em SP p\u00f5e agro em alerta e refor\u00e7a import\u00e2ncia da efici\u00eancia h\u00eddrica e do cr\u00e9dito rural"},"content":{"rendered":"<div id=\"dslc-theme-content\"><div id=\"dslc-theme-content-inner\"><p style=\"text-align: center;\"><i data-olk-copy-source=\"MessageBody\">Defesa Civil prev\u00ea umidade abaixo de 12% e maior risco de inc\u00eandios em S\u00e3o Paulo; especialistas alertam que eventos extremos exigem planejamento h\u00eddrico e financeiro das propriedades<\/i><\/p>\n<div>\n<p>A onda de calor prevista para atingir S\u00e3o Paulo entre sexta-feira (28) e segunda-feira (31) coloca o setor agropecu\u00e1rio em alerta. Com term\u00f4metros podendo chegar aos 40\u00b0C no interior e umidade relativa do ar abaixo de 12% nos per\u00edodos mais cr\u00edticos, produtores precisam lidar com maior press\u00e3o sobre os recursos h\u00eddricos, vegeta\u00e7\u00e3o mais seca e aumento do risco de inc\u00eandios.<\/p>\n<p>O alerta foi divulgado nesta quinta-feira (27) pela Defesa Civil de S\u00e3o Paulo. As condi\u00e7\u00f5es mais cr\u00edticas s\u00e3o esperadas nas regi\u00f5es norte e noroeste do estado, mas o tempo seco e quente tamb\u00e9m amplia a preocupa\u00e7\u00e3o com queimadas e inc\u00eandios florestais em outras \u00e1reas.<\/p>\n<p>O epis\u00f3dio ocorre em um per\u00edodo de aten\u00e7\u00e3o \u00e0s condi\u00e7\u00f5es h\u00eddricas no pa\u00eds. Dados do Centro Nacional de Monitoramento e Alertas de Desastres Naturais (Cemaden) referente a julho identificaram 157 munic\u00edpios brasileiros em situa\u00e7\u00e3o de seca severa e outros 532 classificados com seca moderada. Para o trimestre entre agosto e outubro, a previs\u00e3o sazonal aponta temperaturas acima da m\u00e9dia em todo o Brasil e chuvas abaixo da m\u00e9dia em praticamente todo o territ\u00f3rio nacional, \u00e0 exce\u00e7\u00e3o da Regi\u00e3o Sul.<\/p>\n<p>Para Francisco Carvalho, gerente comercial da Hydroplan-EB, empresa especializada em tecnologias para otimiza\u00e7\u00e3o do uso da \u00e1gua no campo, epis\u00f3dios de calor intenso refor\u00e7am a necessidade de aumentar a efici\u00eancia h\u00eddrica antes que a escassez se transforme em problema para a lavoura.<\/p>\n<p><em>\u201cQuando temos temperaturas muito elevadas e baixa umidade, a preocupa\u00e7\u00e3o do produtor n\u00e3o deve ser apenas com a quantidade de \u00e1gua dispon\u00edvel, mas com a efici\u00eancia com que essa \u00e1gua permanece acess\u00edvel \u00e0 planta. Quanto maior a perda por evapora\u00e7\u00e3o e mais rapidamente o solo perde umidade, maior \u00e9 a necessidade de pensar o manejo h\u00eddrico de forma estrat\u00e9gica\u201d<\/em>, afirma Carvalho.<\/p>\n<p>A Hydroplan-EB desenvolve tecnologias voltadas \u00e0 efici\u00eancia h\u00eddrica na agricultura, entre elas pol\u00edmeros superabsorventes aplicados ao solo, capazes de reter \u00e1gua e liber\u00e1-la gradualmente na regi\u00e3o das ra\u00edzes.<\/p>\n<p><em>\u201cN\u00e3o conseguimos controlar quando uma onda de calor vai acontecer, mas podemos trabalhar para deixar o sistema produtivo menos vulner\u00e1vel. Tecnologias de reten\u00e7\u00e3o de \u00e1gua, manejo adequado do solo e planejamento da irriga\u00e7\u00e3o fazem parte dessa prepara\u00e7\u00e3o\u201d<\/em>, explica Carvalho.<\/p>\n<p>Os extremos clim\u00e1ticos tamb\u00e9m chegam ao caixa das propriedades. Investimentos em irriga\u00e7\u00e3o, infraestrutura, tecnologias de manejo h\u00eddrico, preven\u00e7\u00e3o ou recupera\u00e7\u00e3o de \u00e1reas podem exigir recursos que n\u00e3o estavam previstos inicialmente.<\/p>\n<p>Para Rom\u00e1rio Alves, CEO e fundador da Sonhagro, rede especializada em cr\u00e9dito rural, a maior imprevisibilidade clim\u00e1tica exige que a organiza\u00e7\u00e3o financeira fa\u00e7a parte do planejamento da produ\u00e7\u00e3o.<\/p>\n<p><em>\u201cUma seca prolongada, uma onda de calor ou um inc\u00eandio podem criar uma necessidade de investimento que n\u00e3o estava prevista. Por isso, planejamento financeiro e acesso ao cr\u00e9dito precisam ser discutidos antes de a emerg\u00eancia acontecer<\/em>\u201d, afirma.<\/p>\n<p>Segundo\u00a0 Alves, o cr\u00e9dito rural tamb\u00e9m pode financiar investimentos destinados a aumentar a efici\u00eancia e reduzir vulnerabilidades da propriedade.<\/p>\n<p><em>\u201cO cr\u00e9dito precisa ser visto como ferramenta de planejamento. Dependendo da necessidade e da linha dispon\u00edvel, o produtor pode financiar equipamentos, infraestrutura e tecnologias que aumentem a efici\u00eancia da propriedade. O erro \u00e9 esperar o problema acontecer para come\u00e7ar a procurar uma solu\u00e7\u00e3o financeira\u201d<\/em>, explica.<\/p>\n<p>A onda de calor prevista para os pr\u00f3ximos dias evidencia uma mudan\u00e7a mais ampla na gest\u00e3o rural. \u00c1gua, clima e capacidade financeira passam a fazer parte de uma mesma equa\u00e7\u00e3o.<\/p>\n<p>No campo, preparar-se para temperaturas pr\u00f3ximas dos 40\u00b0C n\u00e3o significa apenas reagir quando o term\u00f4metro sobe, mas reduzir vulnerabilidades, usar a \u00e1gua de forma mais eficiente e manter capacidade financeira para enfrentar um ambiente produtivo cada vez mais exposto aos extremos clim\u00e1ticos.<\/p>\n<hr \/>\n<h6><strong>Lucky Assessoria de Comunica\u00e7\u00e3o<\/strong><\/h6>\n<\/div>\n\n\n<center><iframe loading=\"lazy\" class=\"jmvplayer\" src=\"https:\/\/player.jmvstream.com\/lvw\/YYGWo5wfZuZ8fEW7Qoq1ISwhLSEDhU\" allowfullscreen allow=\"autoplay; fullscreen\" frameborder=\"0\" width=\"640\" height=\"360\" ><\/iframe><\/center>\n<\/div><\/div>","protected":false},"excerpt":{"rendered":"<p>Defesa Civil prev\u00ea umidade abaixo de 12% e maior risco de inc\u00eandios em S\u00e3o Paulo; especialistas alertam que eventos extremos exigem planejamento h\u00eddrico e financeiro das propriedades A onda de calor prevista para atingir S\u00e3o Paulo entre sexta-feira (28) e segunda-feira (31) coloca o setor agropecu\u00e1rio em alerta. Com term\u00f4metros podendo chegar aos 40\u00b0C no [&hellip;]<\/p>\n","protected":false},"author":4,"featured_media":87456,"comment_status":"open","ping_status":"open","sticky":false,"template":"","format":"standard","meta":{"footnotes":""},"categories":[1],"tags":[],"class_list":["post-87455","post","type-post","status-publish","format-standard","has-post-thumbnail","hentry","category-sem-categoria"],"_links":{"self":[{"href":"https:\/\/sol.fm.br\/radio\/wp-json\/wp\/v2\/posts\/87455","targetHints":{"allow":["GET"]}}],"collection":[{"href":"https:\/\/sol.fm.br\/radio\/wp-json\/wp\/v2\/posts"}],"about":[{"href":"https:\/\/sol.fm.br\/radio\/wp-json\/wp\/v2\/types\/post"}],"author":[{"embeddable":true,"href":"https:\/\/sol.fm.br\/radio\/wp-json\/wp\/v2\/users\/4"}],"replies":[{"embeddable":true,"href":"https:\/\/sol.fm.br\/radio\/wp-json\/wp\/v2\/comments?post=87455"}],"version-history":[{"count":1,"href":"https:\/\/sol.fm.br\/radio\/wp-json\/wp\/v2\/posts\/87455\/revisions"}],"predecessor-version":[{"id":87457,"href":"https:\/\/sol.fm.br\/radio\/wp-json\/wp\/v2\/posts\/87455\/revisions\/87457"}],"wp:featuredmedia":[{"embeddable":true,"href":"https:\/\/sol.fm.br\/radio\/wp-json\/wp\/v2\/media\/87456"}],"wp:attachment":[{"href":"https:\/\/sol.fm.br\/radio\/wp-json\/wp\/v2\/media?parent=87455"}],"wp:term":[{"taxonomy":"category","embeddable":true,"href":"https:\/\/sol.fm.br\/radio\/wp-json\/wp\/v2\/categories?post=87455"},{"taxonomy":"post_tag","embeddable":true,"href":"https:\/\/sol.fm.br\/radio\/wp-json\/wp\/v2\/tags?post=87455"}],"curies":[{"name":"wp","href":"https:\/\/api.w.org\/{rel}","templated":true}]}}