{"id":87480,"date":"2026-09-01T11:15:28","date_gmt":"2026-09-01T14:15:28","guid":{"rendered":"http:\/\/sol.fm.br\/radio\/?p=87480"},"modified":"2026-09-01T11:15:28","modified_gmt":"2026-09-01T14:15:28","slug":"quando-a-tradicao-toma-conta-do-fogao-gaucho","status":"publish","type":"post","link":"https:\/\/sol.fm.br\/radio\/quando-a-tradicao-toma-conta-do-fogao-gaucho\/","title":{"rendered":"Quando a tradi\u00e7\u00e3o toma conta do Fog\u00e3o Ga\u00facho"},"content":{"rendered":"<div id=\"dslc-theme-content\"><div id=\"dslc-theme-content-inner\"><p><span data-olk-copy-source=\"MessageBody\">O CTG O Fog\u00e3o Ga\u00facho, de Taquara, prepara uma programa\u00e7\u00e3o especial para comemorar a Semana Farroupilha. De 12 a 20 de setembro, a entidade abre suas portas para nove dias dedicados \u00e0 cultura ga\u00facha, reunindo m\u00fasica, gastronomia, apresenta\u00e7\u00f5es art\u00edsticas, ensaios abertos, bailes, domingueiras e momentos de conviv\u00eancia entre tradicionalistas.<\/span><\/p>\n<p><img loading=\"lazy\" decoding=\"async\" class=\"size-medium wp-image-87482 alignleft\" src=\"http:\/\/sol.fm.br\/radio\/wp-content\/uploads\/2026\/09\/21-320x400.jpg\" alt=\"\" width=\"320\" height=\"400\" srcset=\"https:\/\/sol.fm.br\/radio\/wp-content\/uploads\/2026\/09\/21-320x400.jpg 320w, https:\/\/sol.fm.br\/radio\/wp-content\/uploads\/2026\/09\/21-768x960.jpg 768w, https:\/\/sol.fm.br\/radio\/wp-content\/uploads\/2026\/09\/21.jpg 1080w\" sizes=\"auto, (max-width: 320px) 100vw, 320px\" \/><\/p>\n<p class=\"x_yiv0145082409ydp21328797yiv8471062742MsoNormal\">A Semana Farroupilha representa um per\u00edodo de valoriza\u00e7\u00e3o da hist\u00f3ria, dos costumes e das manifesta\u00e7\u00f5es que fazem parte da identidade do Rio Grande do Sul. No Fog\u00e3o Ga\u00facho, a proposta \u00e9 vivenciar a tradi\u00e7\u00e3o dentro da pr\u00f3pria entidade,\u00a0valorizando o trabalho realizado pelas invernadas, pelos m\u00fasicos, pelos grupos tradicionalistas e por todos que mant\u00eam a cultura ga\u00facha presente no dia a dia,\u00a0envolvendo prendas, pe\u00f5es, fam\u00edlias, integrantes das invernadas e a comunidade.<\/p>\n<p class=\"x_yiv0145082409ydp21328797yiv8471062742MsoNormal\"><b>Chama Crioula abre a programa\u00e7\u00e3o<\/b><\/p>\n<p class=\"x_yiv0145082409ydp21328797yiv8471062742MsoNormal\">A programa\u00e7\u00e3o inicia no s\u00e1bado, 12 de setembro, \u00e0s 20 horas, com o acendimento da Chama Crioula, s\u00edmbolo que d\u00e1 in\u00edcio \u00e0s celebra\u00e7\u00f5es farroupilhas. A noite tamb\u00e9m ser\u00e1 marcada pela pr\u00e9-estreia da Invernada Art\u00edstica Adulta do CTG, que apresentar\u00e1 ao p\u00fablico o novo trabalho preparado pelo grupo. A programa\u00e7\u00e3o segue com jantar e baile com Amaranto e Conjunto. No domingo, 13 de setembro, as atividades come\u00e7am ao meio-dia, com almo\u00e7o. \u00c0s 14h30min, ser\u00e1 realizada uma domingueira de quatro horas com Os Bertussi, dando continuidade ao encontro de fam\u00edlias e tradicionalistas na sede da entidade.<\/p>\n<p><img loading=\"lazy\" decoding=\"async\" class=\"alignnone size-medium wp-image-87483 aligncenter\" src=\"http:\/\/sol.fm.br\/radio\/wp-content\/uploads\/2026\/09\/22-400x267.jpg\" alt=\"\" width=\"400\" height=\"267\" srcset=\"https:\/\/sol.fm.br\/radio\/wp-content\/uploads\/2026\/09\/22-400x267.jpg 400w, https:\/\/sol.fm.br\/radio\/wp-content\/uploads\/2026\/09\/22-768x512.jpg 768w, https:\/\/sol.fm.br\/radio\/wp-content\/uploads\/2026\/09\/22-600x400.jpg 600w, https:\/\/sol.fm.br\/radio\/wp-content\/uploads\/2026\/09\/22-1536x1024.jpg 1536w, https:\/\/sol.fm.br\/radio\/wp-content\/uploads\/2026\/09\/22.jpg 1620w\" sizes=\"auto, (max-width: 400px) 100vw, 400px\" \/><\/p>\n<p class=\"x_yiv0145082409ydp21328797yiv8471062742MsoNormal\"><b>Ensaios abertos e viv\u00eancia tradicionalista<\/b><\/p>\n<p class=\"x_yiv0145082409ydp21328797yiv8471062742MsoNormal\">Entre os dias 14 e 18 de setembro, a partir das 20 horas, com entrada gratuita, \u00a0ser\u00e3o realizadas atividades com ensaios abertos e apresenta\u00e7\u00f5es art\u00edsticas, permitindo que o p\u00fablico acompanhe de perto parte do trabalho desenvolvido pelos grupos da entidade. Tamb\u00e9m haver\u00e1 jantar campeiro durante as noites de programa\u00e7\u00e3o.<\/p>\n<p class=\"x_yiv0145082409ydp21328797yiv8471062742MsoNormal\">Segundo o patr\u00e3o do CTG, Auro Paulo Sander, a inten\u00e7\u00e3o \u00e9 proporcionar um espa\u00e7o de conviv\u00eancia e valoriza\u00e7\u00e3o da cultura ga\u00facha. \u201c<em>Todas as noites, a partir das 20 horas, ser\u00e3o realizadas atividades com ensaios abertos e apresenta\u00e7\u00f5es art\u00edsticas. Toda a comunidade est\u00e1 convidada para vir \u00e0 sede social do CTG e participar da nossa Semana Farroupilha\u201d<\/em>, destaca.<\/p>\n<p class=\"x_yiv0145082409ydp21328797yiv8471062742MsoNormal\">No s\u00e1bado, 19 de setembro, a programa\u00e7\u00e3o ter\u00e1 continuidade com baile com o grupo Garotos do Fandango, a partir das 21 horas.<\/p>\n<p><img loading=\"lazy\" decoding=\"async\" class=\"alignnone size-medium wp-image-87484 aligncenter\" src=\"http:\/\/sol.fm.br\/radio\/wp-content\/uploads\/2026\/09\/23-400x267.jpg\" alt=\"\" width=\"400\" height=\"267\" srcset=\"https:\/\/sol.fm.br\/radio\/wp-content\/uploads\/2026\/09\/23-400x267.jpg 400w, https:\/\/sol.fm.br\/radio\/wp-content\/uploads\/2026\/09\/23-768x512.jpg 768w, https:\/\/sol.fm.br\/radio\/wp-content\/uploads\/2026\/09\/23-600x400.jpg 600w, https:\/\/sol.fm.br\/radio\/wp-content\/uploads\/2026\/09\/23-1536x1024.jpg 1536w, https:\/\/sol.fm.br\/radio\/wp-content\/uploads\/2026\/09\/23.jpg 1620w\" sizes=\"auto, (max-width: 400px) 100vw, 400px\" \/><\/p>\n<p class=\"x_yiv0145082409ydp21328797yiv8471062742MsoNormal\"><b>Desfile marca o Dia do Ga\u00facho<\/b><\/p>\n<p class=\"x_yiv0145082409ydp21328797yiv8471062742MsoNormal\">As comemora\u00e7\u00f5es ser\u00e3o encerradas no domingo, 20 de setembro, Dia do Ga\u00facho. Pela manh\u00e3, \u00e0s 8h30min, ser\u00e1 realizado o tradicional Desfile Farroupilha. A concentra\u00e7\u00e3o, a sa\u00edda e o retorno ocorrer\u00e3o na antiga sede campestre do CTG, ao lado da Havan, na ERS-115. Ao meio-dia, a programa\u00e7\u00e3o segue com churrasco na sede social da entidade, localizada na Rua Federa\u00e7\u00e3o. \u00c0s 15 horas, ser\u00e1 realizada uma domingueira com o grupo Sangue Farrapo.<\/p>\n<p class=\"x_yiv0145082409ydp21328797yiv8471062742MsoNormal\">A programa\u00e7\u00e3o ser\u00e1 realizada na sede social do CTG O Fog\u00e3o Ga\u00facho, na Rua Federa\u00e7\u00e3o, n\u00ba 2564, no Centro de Taquara.<\/p>\n<p class=\"x_yiv0145082409ydp21328797yiv8471062742MsoNormal\">Crian\u00e7as de at\u00e9 6 anos n\u00e3o pagam ingresso e, para aquelas de 7 a 11 anos, ser\u00e1 cobrado metade do valor.<\/p>\n<p>\u00a0<\/p>\n<p class=\"x_yiv0145082409ydp21328797yiv8471062742MsoNormal\"><em>\u00a0Mais informa\u00e7\u00f5es nas redes sociais do CTG.\u00a0<\/em><\/p>\n<hr \/>\n<h6><strong>Faculdades Integradas de Taquara - FACCAT | Texto e fotos: Claucia Ferreira\/CTG O Fog\u00e3o Ga\u00facho<\/strong><\/h6>\n\n\n<center><iframe loading=\"lazy\" class=\"jmvplayer\" src=\"https:\/\/player.jmvstream.com\/lvw\/YYGWo5wfZuZ8fEW7Qoq1ISwhLSEDhU\" allowfullscreen allow=\"autoplay; fullscreen\" frameborder=\"0\" width=\"640\" height=\"360\" ><\/iframe><\/center>\n<\/div><\/div>","protected":false},"excerpt":{"rendered":"<p>O CTG O Fog\u00e3o Ga\u00facho, de Taquara, prepara uma programa\u00e7\u00e3o especial para comemorar a Semana Farroupilha. De 12 a 20 de setembro, a entidade abre suas portas para nove dias dedicados \u00e0 cultura ga\u00facha, reunindo m\u00fasica, gastronomia, apresenta\u00e7\u00f5es art\u00edsticas, ensaios abertos, bailes, domingueiras e momentos de conviv\u00eancia entre tradicionalistas. A Semana Farroupilha representa um per\u00edodo [&hellip;]<\/p>\n","protected":false},"author":4,"featured_media":87481,"comment_status":"open","ping_status":"open","sticky":false,"template":"","format":"standard","meta":{"footnotes":""},"categories":[1],"tags":[],"class_list":["post-87480","post","type-post","status-publish","format-standard","has-post-thumbnail","hentry","category-sem-categoria"],"_links":{"self":[{"href":"https:\/\/sol.fm.br\/radio\/wp-json\/wp\/v2\/posts\/87480","targetHints":{"allow":["GET"]}}],"collection":[{"href":"https:\/\/sol.fm.br\/radio\/wp-json\/wp\/v2\/posts"}],"about":[{"href":"https:\/\/sol.fm.br\/radio\/wp-json\/wp\/v2\/types\/post"}],"author":[{"embeddable":true,"href":"https:\/\/sol.fm.br\/radio\/wp-json\/wp\/v2\/users\/4"}],"replies":[{"embeddable":true,"href":"https:\/\/sol.fm.br\/radio\/wp-json\/wp\/v2\/comments?post=87480"}],"version-history":[{"count":1,"href":"https:\/\/sol.fm.br\/radio\/wp-json\/wp\/v2\/posts\/87480\/revisions"}],"predecessor-version":[{"id":87485,"href":"https:\/\/sol.fm.br\/radio\/wp-json\/wp\/v2\/posts\/87480\/revisions\/87485"}],"wp:featuredmedia":[{"embeddable":true,"href":"https:\/\/sol.fm.br\/radio\/wp-json\/wp\/v2\/media\/87481"}],"wp:attachment":[{"href":"https:\/\/sol.fm.br\/radio\/wp-json\/wp\/v2\/media?parent=87480"}],"wp:term":[{"taxonomy":"category","embeddable":true,"href":"https:\/\/sol.fm.br\/radio\/wp-json\/wp\/v2\/categories?post=87480"},{"taxonomy":"post_tag","embeddable":true,"href":"https:\/\/sol.fm.br\/radio\/wp-json\/wp\/v2\/tags?post=87480"}],"curies":[{"name":"wp","href":"https:\/\/api.w.org\/{rel}","templated":true}]}}