{"id":87486,"date":"2026-09-01T11:20:02","date_gmt":"2026-09-01T14:20:02","guid":{"rendered":"http:\/\/sol.fm.br\/radio\/?p=87486"},"modified":"2026-09-01T11:20:16","modified_gmt":"2026-09-01T14:20:16","slug":"vinicolas-ja-podem-se-preparar-para-a-2a-selecao-de-vinhos-de-brs-lorena","status":"publish","type":"post","link":"https:\/\/sol.fm.br\/radio\/vinicolas-ja-podem-se-preparar-para-a-2a-selecao-de-vinhos-de-brs-lorena\/","title":{"rendered":"Vin\u00edcolas j\u00e1 podem se preparar para a 2\u00aa Sele\u00e7\u00e3o de Vinhos de BRS Lorena"},"content":{"rendered":"<div id=\"dslc-theme-content\"><div id=\"dslc-theme-content-inner\"><p style=\"text-align: center;\"><i data-olk-copy-source=\"MessageBody\">Inscri\u00e7\u00f5es para produtos elaborados com a cultivar brasileira come\u00e7am em 8 de setembro; iniciativa foi apresentada nesta segunda-feira, na Expointer<\/i><\/p>\n<div>\n<div>As vin\u00edcolas brasileiras que elaboram produtos com a uva\u00a0BRS Lorena\u00a0j\u00e1 podem se preparar para participar da\u00a02\u00aa Sele\u00e7\u00e3o de Vinhos de BRS Lorena. As inscri\u00e7\u00f5es come\u00e7am na pr\u00f3xima ter\u00e7a-feira, 8 de setembro, e seguem at\u00e9 o dia 25. A iniciativa, que busca reconhecer a qualidade e a diversidade dos produtos elaborados com a cultivar brasileira, foi apresentada nesta segunda-feira (31), durante a Expointer, em Esteio (RS).<\/div>\n<div aria-hidden=\"true\">\u00a0<\/div>\n<div>A programa\u00e7\u00e3o realizada no estande do\u00a0Consevitis-RS\u00a0reuniu duas apresenta\u00e7\u00f5es conduzidas por pesquisadores da\u00a0Embrapa Uva e Vinho. O pesquisador Leo da Concei\u00e7\u00e3o abordou o avan\u00e7o das cultivares h\u00edbridas na palestra\u00a0<em>\u201cO Brasil na Nova Era das Cultivares H\u00edbridas\u201d<\/em>. Na sequ\u00eancia, o pesquisador Mauro Celso Zanus, presidente da Comiss\u00e3o Organizadora, apresentou as caracter\u00edsticas e o cronograma da segunda edi\u00e7\u00e3o da Sele\u00e7\u00e3o de Vinhos de BRS Lorena.<\/div>\n<div aria-hidden=\"true\">\u00a0<\/div>\n<div>O encontro destacou o papel que as cultivares h\u00edbridas desenvolvidas pela pesquisa brasileira v\u00eam ocupando na vitivinicultura nacional. Nesse cen\u00e1rio, a BRS Lorena, lan\u00e7ada em 2001 pelo<strong>\u00a0Programa de Melhoramento Gen\u00e9tico \u201cUvas do Brasil\u201d<\/strong>, da Embrapa, re\u00fane caracter\u00edsticas que favorecem sua utiliza\u00e7\u00e3o em diferentes estilos de produtos. A cultivar apresenta elevada produtividade e menor necessidade de aplica\u00e7\u00e3o de fungicidas, al\u00e9m de perfil arom\u00e1tico intenso, marcado por notas florais e de frutas tropicais.<\/div>\n<div aria-hidden=\"true\">\u00a0<\/div>\n<div>Com ampla adapta\u00e7\u00e3o \u00e0s diferentes condi\u00e7\u00f5es de clima e solo do pa\u00eds, a BRS Lorena ocupa aproximadamente 600 hectares de vinhedos comerciais, segundo dados do Cadastro Vit\u00edcola Nacional (Sivibe), com destaque para Rio Grande do Sul, S\u00e3o Paulo e Minas Gerais. Sua versatilidade permite a elabora\u00e7\u00e3o de vinhos brancos jovens, leves e arom\u00e1ticos, al\u00e9m de espumantes, frisantes, sucos de uva brancos e vinhos de corte.<\/div>\n<div aria-hidden=\"true\">\u00a0<\/div>\n<div><img decoding=\"async\" class=\"aligncenter\" src=\"https:\/\/files.pressmanager.net\/clientes\/f2367bd67aad502fce613df5cfa9c055\/imagens\/2026\/08\/31\/6bdaa7291cd40a2d0fc1c757f59ad1df.jpg\" alt=\"\" data-imagetype=\"External\" \/><\/div>\n<div aria-hidden=\"true\">\u00a0<\/div>\n<div><strong>Novidades na segunda edi\u00e7\u00e3o<\/strong><\/div>\n<div aria-hidden=\"true\">\u00a0<\/div>\n<div>A 2\u00aa Sele\u00e7\u00e3o de Vinhos de BRS Lorena traz novidades em rela\u00e7\u00e3o \u00e0 edi\u00e7\u00e3o realizada em 2025. Entre elas est\u00e1 a inclus\u00e3o dos produtos Nature e Extra Brut na categoria Espumantes Naturais. Tamb\u00e9m foi criada a distin\u00e7\u00e3o \u201cDestaque premium\u201d, destinada \u00e0 amostra com a maior pontua\u00e7\u00e3o na Sele\u00e7\u00e3o.\u00a0<\/div>\n<div aria-hidden=\"true\">\u00a0<\/div>\n<div>Podem participar vin\u00edcolas de todo o Brasil que tenham produtos varietais elaborados exclusivamente com a uva BRS Lorena e registrados no Minist\u00e9rio da Agricultura e Pecu\u00e1ria (Mapa). As amostras ser\u00e3o avaliadas \u00e0s cegas por especialistas, seguindo crit\u00e9rios t\u00e9cnicos, considerando aspectos visuais, arom\u00e1ticos e gustativos.<\/div>\n<div aria-hidden=\"true\">\u00a0<\/div>\n<div>A primeira edi\u00e7\u00e3o, realizada em 2025, demonstrou a presen\u00e7a da cultivar em diferentes regi\u00f5es brasileiras. Foram recebidas 79 amostras de 51 vin\u00edcolas dos estados do Rio Grande do Sul, Santa Catarina, Paran\u00e1, S\u00e3o Paulo, Minas Gerais e Bahia. Ao todo, foram concedidas 28 medalhas \u2014 duas Grande Ouro, 25 Ouro e uma Prata.<\/div>\n<div aria-hidden=\"true\">\u00a0<\/div>\n<div>Para a Embrapa Uva e Vinho e o Consevitis-RS, a Sele\u00e7\u00e3o representa tamb\u00e9m uma oportunidade de ampliar o reconhecimento de uma cultivar desenvolvida pela pesquisa brasileira e mostrar ao mercado a diversidade de produtos que podem ser obtidos a partir da BRS Lorena.<\/div>\n<div aria-hidden=\"true\">\u00a0<\/div>\n<div><strong>Servi\u00e7o<\/strong><\/div>\n<div aria-hidden=\"true\">\u00a0<\/div>\n<div>2\u00aa Sele\u00e7\u00e3o de Vinhos de BRS Lorena<\/div>\n<div>Inscri\u00e7\u00f5es: 8 a 25 de setembro de 2026<\/div>\n<div>Taxa: R$ 100 por amostra<\/div>\n<div>Entrega das amostras: 28 de setembro a 9 de outubro de 2026<\/div>\n<div>Avalia\u00e7\u00f5es \u00e0s cegas: 16 de outubro de 2026<\/div>\n<div>Cerim\u00f4nia de premia\u00e7\u00e3o: 13 de novembro de 2026, em Bento Gon\u00e7alves (RS)<\/div>\n<div>Confira o regulamento e todas as informa\u00e7\u00f5es da Sele\u00e7\u00e3o em:\u00a0<a title=\"http:\/\/www.embrapa.br\/uva-e-vinho\/selecao-brs-lorena\" href=\"http:\/\/www.embrapa.br\/uva-e-vinho\/selecao-brs-lorena\" target=\"_blank\" rel=\"noreferrer noopener\" shape=\"rect\" data-auth=\"NotApplicable\" data-linkindex=\"0\">www.embrapa.br\/uva-e-vinho\/selecao-brs-lorena<\/a><\/div>\n<div aria-hidden=\"true\">\u00a0<\/div>\n<div><strong>O concurso<\/strong><\/div>\n<div>A 2\u00aa Sele\u00e7\u00e3o de Vinhos de BRS Lorena \u00e9 uma iniciativa da Embrapa Uva e Vinho e do Consevitis-RS. Conta com o patroc\u00ednio da Sicredi Serrana RS\/ES e com o apoio da Associa\u00e7\u00e3o Brasileira de Sommeliers \u2013 Rio Grande do Sul (ABS-RS), Associa\u00e7\u00e3o Brasileira de Enologia (ABE), Associa\u00e7\u00e3o Ga\u00facha de Vinicultores (Agavi), Associa\u00e7\u00e3o dos Produtores de Sementes e Mudas do Rio Grande do Sul (APASSUL), Emater-RS\/Ascar, Epagri, Instituto Federal de Educa\u00e7\u00e3o, Ci\u00eancia e Tecnologia do Rio Grande do Sul \u2013 Campus Bento Gon\u00e7alves (IFRS-BG), Sebrae-RS e Uni\u00e3o Brasileira de Vitivinicultura (Uvibra).<\/div>\n<hr \/>\n<h6><strong>Sublinha! Comunica\u00e7\u00e3o | Assessoria de Imprensa - Consevitis-RS | Embrapa Uva e Vinho Assessoria de Imprensa | Fotos: Diego Adami, Sublinha! Comunica\u00e7\u00e3o<\/strong><\/h6>\n<\/div>\n\n\n<center><iframe loading=\"lazy\" class=\"jmvplayer\" src=\"https:\/\/player.jmvstream.com\/lvw\/YYGWo5wfZuZ8fEW7Qoq1ISwhLSEDhU\" allowfullscreen allow=\"autoplay; fullscreen\" frameborder=\"0\" width=\"640\" height=\"360\" ><\/iframe><\/center>\n<\/div><\/div>","protected":false},"excerpt":{"rendered":"<p>Inscri\u00e7\u00f5es para produtos elaborados com a cultivar brasileira come\u00e7am em 8 de setembro; iniciativa foi apresentada nesta segunda-feira, na Expointer As vin\u00edcolas brasileiras que elaboram produtos com a uva\u00a0BRS Lorena\u00a0j\u00e1 podem se preparar para participar da\u00a02\u00aa Sele\u00e7\u00e3o de Vinhos de BRS Lorena. As inscri\u00e7\u00f5es come\u00e7am na pr\u00f3xima ter\u00e7a-feira, 8 de setembro, e seguem at\u00e9 o [&hellip;]<\/p>\n","protected":false},"author":4,"featured_media":87487,"comment_status":"open","ping_status":"open","sticky":false,"template":"","format":"standard","meta":{"footnotes":""},"categories":[1],"tags":[],"class_list":["post-87486","post","type-post","status-publish","format-standard","has-post-thumbnail","hentry","category-sem-categoria"],"_links":{"self":[{"href":"https:\/\/sol.fm.br\/radio\/wp-json\/wp\/v2\/posts\/87486","targetHints":{"allow":["GET"]}}],"collection":[{"href":"https:\/\/sol.fm.br\/radio\/wp-json\/wp\/v2\/posts"}],"about":[{"href":"https:\/\/sol.fm.br\/radio\/wp-json\/wp\/v2\/types\/post"}],"author":[{"embeddable":true,"href":"https:\/\/sol.fm.br\/radio\/wp-json\/wp\/v2\/users\/4"}],"replies":[{"embeddable":true,"href":"https:\/\/sol.fm.br\/radio\/wp-json\/wp\/v2\/comments?post=87486"}],"version-history":[{"count":1,"href":"https:\/\/sol.fm.br\/radio\/wp-json\/wp\/v2\/posts\/87486\/revisions"}],"predecessor-version":[{"id":87488,"href":"https:\/\/sol.fm.br\/radio\/wp-json\/wp\/v2\/posts\/87486\/revisions\/87488"}],"wp:featuredmedia":[{"embeddable":true,"href":"https:\/\/sol.fm.br\/radio\/wp-json\/wp\/v2\/media\/87487"}],"wp:attachment":[{"href":"https:\/\/sol.fm.br\/radio\/wp-json\/wp\/v2\/media?parent=87486"}],"wp:term":[{"taxonomy":"category","embeddable":true,"href":"https:\/\/sol.fm.br\/radio\/wp-json\/wp\/v2\/categories?post=87486"},{"taxonomy":"post_tag","embeddable":true,"href":"https:\/\/sol.fm.br\/radio\/wp-json\/wp\/v2\/tags?post=87486"}],"curies":[{"name":"wp","href":"https:\/\/api.w.org\/{rel}","templated":true}]}}