{"id":87489,"date":"2026-09-01T11:26:10","date_gmt":"2026-09-01T14:26:10","guid":{"rendered":"http:\/\/sol.fm.br\/radio\/?p=87489"},"modified":"2026-09-01T11:26:28","modified_gmt":"2026-09-01T14:26:28","slug":"mostra-na-expointer-reune-trabalhos-de-escolas-agricolas-e-destaca-potencial-da-iniciacao-cientifica","status":"publish","type":"post","link":"https:\/\/sol.fm.br\/radio\/mostra-na-expointer-reune-trabalhos-de-escolas-agricolas-e-destaca-potencial-da-iniciacao-cientifica\/","title":{"rendered":"Mostra na Expointer re\u00fane trabalhos de escolas agr\u00edcolas e destaca potencial da inicia\u00e7\u00e3o cient\u00edfica"},"content":{"rendered":"<div id=\"dslc-theme-content\"><div id=\"dslc-theme-content-inner\"><p style=\"text-align: center;\"><em>Dez projetos selecionados s\u00e3o apresentados na Casa da Agptea e ter\u00e3o nova exposi\u00e7\u00e3o no audit\u00f3rio central da feira<\/em><\/p>\n<p>A inicia\u00e7\u00e3o cient\u00edfica como ferramenta de aprendizado, inova\u00e7\u00e3o e forma\u00e7\u00e3o de jovens para o futuro do agroneg\u00f3cio \u00e9 o principal destaque da Mostra de Ensino T\u00e9cnico Agr\u00edcola (Meta), que come\u00e7ou nesta segunda-feira, (31), na Casa da Associa\u00e7\u00e3o Ga\u00facha de Professores T\u00e9cnicos de Ensino Agr\u00edcola (Agptea), durante a 49\u00aa Expointer, no Parque de Exposi\u00e7\u00f5es Assis Brasil, em Esteio (RS). Coordenada pelo professor Carlos Fontoura, a Meta selecionou dez trabalhos desenvolvidos por estudantes de escolas t\u00e9cnicas agr\u00edcolas do Rio Grande do Sul. Os projetos foram escolhidos entre cerca de 28 trabalhos encaminhados por 29 escolas. Devido \u00e0 limita\u00e7\u00e3o de espa\u00e7o, foi necess\u00e1rio estabelecer crit\u00e9rios de sele\u00e7\u00e3o para definir os projetos que integram a mostra.<\/p>\n<p>Segundo Fontoura, cinco dos trabalhos apresentados no primeiro grupo nesta segunda-feira tamb\u00e9m ser\u00e3o demonstrados no audit\u00f3rio central da Expointer na ter\u00e7a-feira (1\u00ba), a partir das 9 horas. Os demais projetos integram a programa\u00e7\u00e3o da Meta e ser\u00e3o apresentados ao p\u00fablico durante a feira. \"<em>Para n\u00f3s \u00e9 uma grata satisfa\u00e7\u00e3o poder receber esses trabalhos. Eles demonstram o que os professores, os alunos e as escolas agr\u00edcolas fazem no seu dia a dia<\/em>\", afirmou o coordenador.<\/p>\n<p>Al\u00e9m da apresenta\u00e7\u00e3o na Expointer, os dez trabalhos selecionados ter\u00e3o a oportunidade de participar da Mostratec, uma das principais feiras de ci\u00eancia e tecnologia do pa\u00eds, realizada em outubro, na Fenac, em Novo Hamburgo (RS). Para Fontoura, o contato dos estudantes com a pesquisa tamb\u00e9m \u00e9 uma forma de colocar em pr\u00e1tica novas metodologias de ensino e estimular a capacidade de an\u00e1lise e inova\u00e7\u00e3o. <em>\"A educa\u00e7\u00e3o hoje trabalha com metodologias ativas. A inicia\u00e7\u00e3o cient\u00edfica \u00e9 uma das melhores ferramentas para trazer inova\u00e7\u00e3o, tecnologia e tornar o aluno um ser pensante<\/em>\", destacou.<\/p>\n<p>O coordenador tamb\u00e9m ressaltou os resultados obtidos por estudantes das escolas t\u00e9cnicas agr\u00edcolas ga\u00fachas em importantes feiras cient\u00edficas nacionais. Segundo ele, trabalhos desenvolvidos no Estado t\u00eam conquistado classifica\u00e7\u00f5es em eventos como Febrace, Mostratec e Febic, al\u00e9m de outras feiras realizadas em diferentes regi\u00f5es do pa\u00eds. Na avalia\u00e7\u00e3o de Fontoura, os resultados mostram o potencial existente nas escolas agr\u00edcolas e a import\u00e2ncia de investir tanto na forma\u00e7\u00e3o dos estudantes quanto na qualifica\u00e7\u00e3o dos professores. <em>\"Se a gente investir nessa juventude e na qualifica\u00e7\u00e3o dos nossos professores, teremos resultados cada vez melhores\"<\/em>, afirmou.<\/p>\n<p>A Meta tamb\u00e9m \u00e9 resultado de um trabalho desenvolvido ao longo de todo o ano, com acompanhamento das escolas e dos projetos. \"<em>\u00c9 um trabalho cont\u00ednuo, de forma\u00e7\u00e3o em servi\u00e7o, de mentoria e de visita \u00e0s escolas durante o ano inteiro. A gente conhece esse potencial e tem a oportunidade de traz\u00ea-lo para o grande p\u00fablico\"<\/em>, explicou.<\/p>\n<p>A participa\u00e7\u00e3o na Expointer, considerada pelo coordenador um dos principais espa\u00e7os de exposi\u00e7\u00e3o do agroneg\u00f3cio brasileiro, representa tamb\u00e9m uma oportunidade de aproximar a produ\u00e7\u00e3o cient\u00edfica desenvolvida nas escolas do p\u00fablico que visita a maior feira agropecu\u00e1ria do Rio Grande do Sul. <em>\"Trazer esse trabalho para a Expointer \u00e9 uma grata satisfa\u00e7\u00e3o e sempre um motivo de alegria. \u00c9 a oportunidade de mostrar o potencial das nossas escolas agr\u00edcolas para a sociedade\"<\/em>, afirmou.<\/p>\n<p>J\u00e1 para o presidente da Agptea, Fritz Roloff, a realiza\u00e7\u00e3o da Meta durante a Expointer amplia a visibilidade dos projetos desenvolvidos nas escolas agr\u00edcolas e demonstra a diversidade de iniciativas que envolvem os estudantes. <em>\"Mais uma vez a Agptea est\u00e1 abrindo a casa aqui na Expointer, trazendo projetos de pesquisa e de inova\u00e7\u00e3o na \u00e1rea agr\u00edcola. E, neste ano, temos uma variedade de temas que abrangem tanto a pesquisa e a tecnologia quanto quest\u00f5es relacionadas ao meio ambiente e ao fazer pedag\u00f3gico\"<\/em>, afirmou.<\/p>\n<p>Roloff destaca que a pesquisa cient\u00edfica tamb\u00e9m funciona como uma importante ferramenta pedag\u00f3gica para estimular a participa\u00e7\u00e3o dos estudantes e transformar a maneira como eles se relacionam com o conhecimento. \"<em>\u00c9 uma ferramenta fundamental que o professor tem na m\u00e3o para incentivar cada vez mais seus alunos, para que eles deixem de ser meros assistentes de aula e sejam protagonistas, aqueles que v\u00e3o justamente buscar o conhecimento<\/em>\", disse.<\/p>\n<p>Na avalia\u00e7\u00e3o do presidente da Agptea, o acesso \u00e0 informa\u00e7\u00e3o, por si s\u00f3, n\u00e3o \u00e9 suficiente. O desafio est\u00e1 em fazer com que o estudante consiga organizar, interpretar e aplicar o conhecimento na vida cotidiana. <em>\"O conhecimento est\u00e1 a\u00ed. Depende da sistematiza\u00e7\u00e3o que o aluno consiga fazer, para que n\u00e3o seja s\u00f3 uma reprodu\u00e7\u00e3o de conte\u00fados, mas realmente uma participa\u00e7\u00e3o na vida, para que possa aproveitar esse conhecimento e trazer para o seu cotidiano melhorias, principalmente para o seu futuro<\/em>\", afirmou.<\/p>\n<p>Os cinco primeiros trabalhos abordam quest\u00f5es como alimentador autom\u00e1tico com placa solar, sistema sustent\u00e1vel no cultivo de hortali\u00e7as, Biochar transformando res\u00edduos em sustentabilidade, desenvolvimento de um suced\u00e2neo de l\u00e1cteo para cordeiros e defensivos e nutrientes alternativos na agricultura.<\/p>\n<hr \/>\n<h6><strong>Assessoria de Comunica\u00e7\u00e3o \u2013 ABHB | AgroEffective | Foto: Tamires de Moraes\/Divulga\u00e7\u00e3o | Texto: Artur Chagas\/AgroEffective<\/strong><\/h6>\n\n\n<center><iframe loading=\"lazy\" class=\"jmvplayer\" src=\"https:\/\/player.jmvstream.com\/lvw\/YYGWo5wfZuZ8fEW7Qoq1ISwhLSEDhU\" allowfullscreen allow=\"autoplay; fullscreen\" frameborder=\"0\" width=\"640\" height=\"360\" ><\/iframe><\/center>\n<\/div><\/div>","protected":false},"excerpt":{"rendered":"<p>Dez projetos selecionados s\u00e3o apresentados na Casa da Agptea e ter\u00e3o nova exposi\u00e7\u00e3o no audit\u00f3rio central da feira A inicia\u00e7\u00e3o cient\u00edfica como ferramenta de aprendizado, inova\u00e7\u00e3o e forma\u00e7\u00e3o de jovens para o futuro do agroneg\u00f3cio \u00e9 o principal destaque da Mostra de Ensino T\u00e9cnico Agr\u00edcola (Meta), que come\u00e7ou nesta segunda-feira, (31), na Casa da Associa\u00e7\u00e3o [&hellip;]<\/p>\n","protected":false},"author":4,"featured_media":87490,"comment_status":"open","ping_status":"open","sticky":false,"template":"","format":"standard","meta":{"footnotes":""},"categories":[1],"tags":[],"class_list":["post-87489","post","type-post","status-publish","format-standard","has-post-thumbnail","hentry","category-sem-categoria"],"_links":{"self":[{"href":"https:\/\/sol.fm.br\/radio\/wp-json\/wp\/v2\/posts\/87489","targetHints":{"allow":["GET"]}}],"collection":[{"href":"https:\/\/sol.fm.br\/radio\/wp-json\/wp\/v2\/posts"}],"about":[{"href":"https:\/\/sol.fm.br\/radio\/wp-json\/wp\/v2\/types\/post"}],"author":[{"embeddable":true,"href":"https:\/\/sol.fm.br\/radio\/wp-json\/wp\/v2\/users\/4"}],"replies":[{"embeddable":true,"href":"https:\/\/sol.fm.br\/radio\/wp-json\/wp\/v2\/comments?post=87489"}],"version-history":[{"count":1,"href":"https:\/\/sol.fm.br\/radio\/wp-json\/wp\/v2\/posts\/87489\/revisions"}],"predecessor-version":[{"id":87491,"href":"https:\/\/sol.fm.br\/radio\/wp-json\/wp\/v2\/posts\/87489\/revisions\/87491"}],"wp:featuredmedia":[{"embeddable":true,"href":"https:\/\/sol.fm.br\/radio\/wp-json\/wp\/v2\/media\/87490"}],"wp:attachment":[{"href":"https:\/\/sol.fm.br\/radio\/wp-json\/wp\/v2\/media?parent=87489"}],"wp:term":[{"taxonomy":"category","embeddable":true,"href":"https:\/\/sol.fm.br\/radio\/wp-json\/wp\/v2\/categories?post=87489"},{"taxonomy":"post_tag","embeddable":true,"href":"https:\/\/sol.fm.br\/radio\/wp-json\/wp\/v2\/tags?post=87489"}],"curies":[{"name":"wp","href":"https:\/\/api.w.org\/{rel}","templated":true}]}}