{"id":87492,"date":"2026-09-01T13:58:26","date_gmt":"2026-09-01T16:58:26","guid":{"rendered":"http:\/\/sol.fm.br\/radio\/?p=87492"},"modified":"2026-09-01T13:58:29","modified_gmt":"2026-09-01T16:58:29","slug":"igrejinha-entra-no-clima-da-37a-oktoberfest-com-decoracao-que-combina-tradicao-e-sustentabilidade","status":"publish","type":"post","link":"https:\/\/sol.fm.br\/radio\/igrejinha-entra-no-clima-da-37a-oktoberfest-com-decoracao-que-combina-tradicao-e-sustentabilidade\/","title":{"rendered":"Igrejinha entra no clima da 37\u00aa Oktoberfest com decora\u00e7\u00e3o que combina tradi\u00e7\u00e3o e sustentabilidade"},"content":{"rendered":"<div id=\"dslc-theme-content\"><div id=\"dslc-theme-content-inner\"><p style=\"text-align: center;\"><em>Decora\u00e7\u00e3o ocupa o Parque Almiro Grings e diferentes pontos da cidade, antecipando a energia da festa e valorizando refer\u00eancias da cultura germ\u00e2nica<\/em><\/p>\n<p>A Oktoberfest j\u00e1 come\u00e7a a aparecer na paisagem de Igrejinha. Com a aproxima\u00e7\u00e3o da 37\u00aa edi\u00e7\u00e3o, que acontece de 9 a 18 de outubro, o Parque de Eventos Almiro Grings e diferentes pontos da cidade recebem cores, s\u00edmbolos e elementos que remetem \u00e0 cultura germ\u00e2nica e ajudam a construir a atmosfera da festa.<\/p>\n<p>A identidade visual mant\u00e9m refer\u00eancias \u00e0s origens germ\u00e2nicas da Oktoberfest. O preto, o vermelho e o amarelo, presentes na bandeira da Alemanha, aparecem na composi\u00e7\u00e3o, enquanto o branco e o azul tamb\u00e9m integram alguns espa\u00e7os em refer\u00eancia \u00e0 Baviera, regi\u00e3o onde surgiu a festa. A escolha dos elementos refor\u00e7a a proposta desta edi\u00e7\u00e3o, que tem como mote \u201cUm brinde ao que nos move\u201d e valoriza aquilo que mant\u00e9m o evento vivo: suas tradi\u00e7\u00f5es, sua cultura e o envolvimento da comunidade.<\/p>\n<p>A decora\u00e7\u00e3o, que come\u00e7ou a ser instalada nas ruas em agosto, tem previs\u00e3o de estar conclu\u00edda no in\u00edcio de setembro, fazendo com que o clima da festa se espalhe pelo munic\u00edpio semanas antes da abertura dos port\u00f5es.<\/p>\n<p><strong>Sustentabilidade d\u00e1 novos usos \u00e0 tradi\u00e7\u00e3o<\/strong><\/p>\n<p>A sustentabilidade tamb\u00e9m faz parte das escolhas para a decora\u00e7\u00e3o da 37\u00aa Oktoberfest de Igrejinha. O trabalho parte de materiais que j\u00e1 fazem parte da hist\u00f3ria da festa e que podem ganhar novas fun\u00e7\u00f5es a cada edi\u00e7\u00e3o, prolongando sua utiliza\u00e7\u00e3o e criando novas possibilidades para a ambienta\u00e7\u00e3o do Parque e da cidade.<\/p>\n<p>\u00c9 o caso dos tecidos, que nesta edi\u00e7\u00e3o aparecem em tran\u00e7as, tiras e guirlandas inspiradas em elementos da cultura b\u00e1vara. Os copos pl\u00e1sticos utilizados em edi\u00e7\u00f5es anteriores tamb\u00e9m ganham novas fun\u00e7\u00f5es e s\u00e3o transformados em fl\u00e2mulas e pe\u00e7as de comunica\u00e7\u00e3o visual que passam a integrar a decora\u00e7\u00e3o das ruas. Outros elementos que fazem parte do acervo da festa seguem o mesmo caminho, sendo recuperados e adaptados para a nova edi\u00e7\u00e3o.<\/p>\n<p>Para Aline Hess, presidente da 37\u00aa Oktoberfest de Igrejinha, esse olhar \u00e9 uma forma de pensar a decora\u00e7\u00e3o ao longo do ano. \u201c<em>A gente aproveita, a gente transforma com aquilo que a gente j\u00e1 tem. A gente adquire, sim, alguns novos elementos, mas para completar, para agregar ou para substituir algo que a gente precisa\u201d,<\/em> conta. Para al\u00e9m de uma escolha pontual, o reaproveitamento faz parte de uma l\u00f3gica de cuidado com os materiais que comp\u00f5em a festa. <em>\u201cN\u00f3s conseguimos fazer re\u00faso de tudo e manter esse legado de cuidado, n\u00e3o s\u00f3 com as pessoas, mas tamb\u00e9m com o mundo que a gente vive<\/em>\u201d, complementa.<\/p>\n<p><strong>Decora\u00e7\u00e3o que abra\u00e7a a cidade<\/strong><\/p>\n<p>A decora\u00e7\u00e3o da Oktoberfest come\u00e7a a ser pensada muito antes de chegar \u00e0s ruas. O trabalho tem in\u00edcio ainda na desmontagem da edi\u00e7\u00e3o anterior, quando os materiais s\u00e3o retirados, identificados e armazenados para que possam voltar a ser utilizados. No in\u00edcio do ano, a Comiss\u00e3o de Decora\u00e7\u00e3o retoma esse acervo, avalia o que est\u00e1 dispon\u00edvel e inicia o planejamento dos elementos que ir\u00e3o compor os diferentes espa\u00e7os da festa.<\/p>\n<p>Ao longo dos meses, a equipe prepara materiais, produz novas pe\u00e7as e adapta elementos para diferentes momentos do calend\u00e1rio da Oktoberfest. Tran\u00e7as, guirlandas e correntes, por exemplo, s\u00e3o confeccionadas gradualmente e tamb\u00e9m utilizadas em eventos como o Kerb das Soberanas e as escolhas do Bubchen e M\u00e4dchen. Neste ano, a decora\u00e7\u00e3o das ruas come\u00e7ou a ser instalada em agosto, com a expectativa de que os principais pontos estejam prontos no in\u00edcio de setembro. A ambienta\u00e7\u00e3o chega \u00e0 avenida e \u00e0 regi\u00e3o central, \u00e0 Rua Coberta do bairro Centro, \u00e0 Pra\u00e7a Dona Lu\u00edsa, \u00e0 Rua Coberta do bairro XV de Novembro, ao Arco da Independ\u00eancia e \u00e0 Ponte Central. No Parque de Eventos Almiro Grings, a montagem tamb\u00e9m est\u00e1 em andamento.<\/p>\n<p>A presen\u00e7a da decora\u00e7\u00e3o pelas ruas aproxima a festa da pr\u00f3pria rotina da comunidade. <em>\u201cA ideia \u00e9 que todo mundo lembre que n\u00f3s somos a maior festa comunit\u00e1ria do Brasil. E que a cidade toda constr\u00f3i isso junto. Ent\u00e3o, nada melhor do que a cidade estar decorada e recebendo todos os visitantes e tamb\u00e9m a pr\u00f3pria comunidade estar ali conectada com a decora\u00e7\u00e3o\u201d,<\/em> explica Aline.<\/p>\n<p>Para esta edi\u00e7\u00e3o, a proposta \u00e9 criar uma atmosfera de acolhimento, que remeta a uma celebra\u00e7\u00e3o compartilhada entre amigos e fam\u00edlias. \u201c<em>A atmosfera que eu busquei para este ano foi de acolhimento, de jeito de festa de amigos, de fam\u00edlia, festa t\u00edpica alem\u00e3. Uma festa em que todos se sintam alegres, entrem no parque ou mesmo na cidade e percebam que n\u00f3s estamos aqui fazendo isso com amor, dedica\u00e7\u00e3o e cuidado\u201d, pontua. Aline resume a proposta em uma ideia que tamb\u00e9m traduz o car\u00e1ter comunit\u00e1rio da Oktoberfest: \u201c\u00c9 um jeitinho de comunidade, um jeitinho de festa bem cuidada e principalmente amada, que \u00e9 isso que a nossa Oktoberfest \u00e9. Ela \u00e9 movida por m\u00e3os e pelo amor de tantas pessoas<\/em>\u201d, finaliza.<\/p>\n<p><strong>SERVI\u00c7O<\/strong><\/p>\n<p><strong>Evento<\/strong>: 37\u00aa Oktoberfest de Igrejinha<\/p>\n<p><strong>Data<\/strong>: 09 a 18 de outubro de 2026<\/p>\n<p><strong>Local<\/strong>: Parque de Eventos Almiro Grings (Rua Arlindo Geis 255, Igrejinha\/RS)<\/p>\n<p><strong>Ingressos<\/strong>: dispon\u00edveis atrav\u00e9s do site oficial <a href=\"http:\/\/www.oktoberfest.org.br\/\">www.oktoberfest.org.br<\/a>. Ingresso de acesso individual, v\u00e1lido para um \u00fanico dia. Lotes sujeitos a disponibilidade de ingressos.<\/p>\n<p>1\u00ba lote: Sexta-feira (9\/10) \u2013 R$ 48,00 | 1\u00ba lote - S\u00e1bado (10\/10) \u2013 R$ 27,00 | 1\u00ba lote - Domingo (11\/10) - R$ 39,00 | 1\u00ba lote - Sexta-feira (16\/10) - R$ 39,00 | 1\u00ba lote - S\u00e1bado (17\/10) \u2013 R$ 27,00 | 1\u00ba lote: Domingo (18\/10) \u2013 R$ 48,00<\/p>\n<p><strong>Patroc\u00ednio<\/strong>: Eisenbahn, Coca-Cola, JBL, Cal\u00e7ados Beira Rio, Mili, Usaflex, Piccadilly, Via Atacadista, Sicoob, Din\u00e2mica, Porto, Unidasul Rissul, Madeiras Status, Cal\u00e7ados Bebec\u00ea, Tintas Killing, Ambiente Verde, Banrisul, Eleven Tickets, Plena Pay, Bibi, Farm\u00e1cias S\u00e3o Jo\u00e3o, Lojas Paludo, Sicredi, Tacosola e Voltec Solu\u00e7\u00f5es em Energia<\/p>\n<p><strong>Apoio<\/strong>: Prefeitura de Igrejinha, CTA Internet, Unimed e Ecovalor<\/p>\n<p>Mais informa\u00e7\u00f5es: atrav\u00e9s do site oficial <a href=\"http:\/\/www.oktoberfest.org.br\/\">www.oktoberfest.org.br<\/a> e das redes sociais<\/p>\n<hr \/>\n<h6><strong>Assessoria de Imprensa - Talenttare | Foto: Cleiton Miguel<\/strong><\/h6>\n\n\n<center><iframe loading=\"lazy\" class=\"jmvplayer\" src=\"https:\/\/player.jmvstream.com\/lvw\/YYGWo5wfZuZ8fEW7Qoq1ISwhLSEDhU\" allowfullscreen allow=\"autoplay; fullscreen\" frameborder=\"0\" width=\"640\" height=\"360\" ><\/iframe><\/center>\n<\/div><\/div>","protected":false},"excerpt":{"rendered":"<p>Decora\u00e7\u00e3o ocupa o Parque Almiro Grings e diferentes pontos da cidade, antecipando a energia da festa e valorizando refer\u00eancias da cultura germ\u00e2nica A Oktoberfest j\u00e1 come\u00e7a a aparecer na paisagem de Igrejinha. Com a aproxima\u00e7\u00e3o da 37\u00aa edi\u00e7\u00e3o, que acontece de 9 a 18 de outubro, o Parque de Eventos Almiro Grings e diferentes pontos [&hellip;]<\/p>\n","protected":false},"author":4,"featured_media":87493,"comment_status":"open","ping_status":"open","sticky":false,"template":"","format":"standard","meta":{"footnotes":""},"categories":[1],"tags":[],"class_list":["post-87492","post","type-post","status-publish","format-standard","has-post-thumbnail","hentry","category-sem-categoria"],"_links":{"self":[{"href":"https:\/\/sol.fm.br\/radio\/wp-json\/wp\/v2\/posts\/87492","targetHints":{"allow":["GET"]}}],"collection":[{"href":"https:\/\/sol.fm.br\/radio\/wp-json\/wp\/v2\/posts"}],"about":[{"href":"https:\/\/sol.fm.br\/radio\/wp-json\/wp\/v2\/types\/post"}],"author":[{"embeddable":true,"href":"https:\/\/sol.fm.br\/radio\/wp-json\/wp\/v2\/users\/4"}],"replies":[{"embeddable":true,"href":"https:\/\/sol.fm.br\/radio\/wp-json\/wp\/v2\/comments?post=87492"}],"version-history":[{"count":1,"href":"https:\/\/sol.fm.br\/radio\/wp-json\/wp\/v2\/posts\/87492\/revisions"}],"predecessor-version":[{"id":87494,"href":"https:\/\/sol.fm.br\/radio\/wp-json\/wp\/v2\/posts\/87492\/revisions\/87494"}],"wp:featuredmedia":[{"embeddable":true,"href":"https:\/\/sol.fm.br\/radio\/wp-json\/wp\/v2\/media\/87493"}],"wp:attachment":[{"href":"https:\/\/sol.fm.br\/radio\/wp-json\/wp\/v2\/media?parent=87492"}],"wp:term":[{"taxonomy":"category","embeddable":true,"href":"https:\/\/sol.fm.br\/radio\/wp-json\/wp\/v2\/categories?post=87492"},{"taxonomy":"post_tag","embeddable":true,"href":"https:\/\/sol.fm.br\/radio\/wp-json\/wp\/v2\/tags?post=87492"}],"curies":[{"name":"wp","href":"https:\/\/api.w.org\/{rel}","templated":true}]}}