{"id":87495,"date":"2026-09-01T14:02:08","date_gmt":"2026-09-01T17:02:08","guid":{"rendered":"http:\/\/sol.fm.br\/radio\/?p=87495"},"modified":"2026-09-01T14:02:12","modified_gmt":"2026-09-01T17:02:12","slug":"pesquisa-sobre-doencas-em-plantas-frutiferas-marca-trajetoria-de-destaque-na-iniciacao-cientifica-de-aluno-de-agronomia-em-registro","status":"publish","type":"post","link":"https:\/\/sol.fm.br\/radio\/pesquisa-sobre-doencas-em-plantas-frutiferas-marca-trajetoria-de-destaque-na-iniciacao-cientifica-de-aluno-de-agronomia-em-registro\/","title":{"rendered":"Pesquisa sobre doen\u00e7as em plantas frut\u00edferas marca trajet\u00f3ria de destaque na inicia\u00e7\u00e3o cient\u00edfica de aluno de Agronomia em Registro"},"content":{"rendered":"<div id=\"dslc-theme-content\"><div id=\"dslc-theme-content-inner\"><p style=\"text-align: center;\"><em>Bicampe\u00e3o do Congresso de Inicia\u00e7\u00e3o Cient\u00edfica da Unesp e destaque na jornada da SBPC, Pedro Ferreira da Silva Neto investiga o uso de hidrolatos, res\u00edduos da produ\u00e7\u00e3o de \u00f3leos essenciais, no controle de doen\u00e7as em frutas<\/em><\/p>\n<p>O reconhecimento recebido em 2026 na Jornada Nacional de Inicia\u00e7\u00e3o Cient\u00edfica (JNIC), durante a 78\u00aa Reuni\u00e3o Anual da Sociedade Brasileira para o Progresso da Ci\u00eancia (SBPC), encerrada no in\u00edcio de agosto, \u00e9 o mais recente cap\u00edtulo de uma s\u00e9rie de destaques obtidos por Pedro Ferreira da Silva Neto na inicia\u00e7\u00e3o cient\u00edfica. Estudante de engenharia agron\u00f4mica da Unesp, no c\u00e2mpus de Registro, o jovem pesquisador conquistou o primeiro lugar entre os trabalhos de Ci\u00eancias Agr\u00e1rias no Congresso de Inicia\u00e7\u00e3o Cient\u00edfica (CIC) da Unesp em 2024 e 2025 e agora o pr\u00eamio nacional da sess\u00e3o de p\u00f4steres da jornada da SBPC.<\/p>\n<p>A sequ\u00eancia de conquistas acompanhou o desenvolvimento de uma mesma linha de investiga\u00e7\u00e3o sobre o potencial de hidrolatos no controle de doen\u00e7as de plantas frut\u00edferas, estudo realizado pelo Grupo de Pesquisa Doen\u00e7as de Plantas Frut\u00edferas, sob lideran\u00e7a da professora Maria C\u00e2ndida de Godoy Gasparoto.<\/p>\n<p>A rela\u00e7\u00e3o do estudante, hoje agr\u00f4nomo rec\u00e9m-formado, com a Unesp come\u00e7ou depois de uma primeira experi\u00eancia no ensino superior em Santa Catarina. Em 2020, aos 17 anos, Pedro Neto ingressou no Instituto Federal de Rio do Sul, onde permaneceu por dois anos. A pandemia interrompeu a rotina acad\u00eamica presencial e, depois de retornar a S\u00e3o Paulo, o jovem decidiu buscar uma institui\u00e7\u00e3o mais pr\u00f3xima da fam\u00edlia. Tentou diferentes processos de transfer\u00eancia externa, at\u00e9 chegar ao c\u00e2mpus de Registro.<\/p>\n<p><em>\"Eu me apaixonei pelo curso quando entrei na Unesp\"<\/em>, afirma o jovem, hoje com 23 anos. \"<em>Fui percebendo que o mundo da agronomia \u00e9 gigantesco e que existem v\u00e1rias \u00e1reas diferentes dentro da profiss\u00e3o\u201d<\/em>, diz Pedro Neto.<\/p>\n<p>Foi tamb\u00e9m na Unesp que a pesquisa passou a ocupar um espa\u00e7o central em sua forma\u00e7\u00e3o. O primeiro projeto foi desenvolvido em 2024, a partir de uma bolsa do PIBITI (Programa Institucional de Bolsas de Inicia\u00e7\u00e3o em Desenvolvimento Tecnol\u00f3gico e Inova\u00e7\u00e3o) do CNPq, que deu origem \u00e0 sequ\u00eancia de trabalhos que seria apresentada nos anos seguintes.<\/p>\n<p>A pesquisa, inicialmente voltada \u00e0 identifica\u00e7\u00e3o de efeitos dos hidrolatos, avan\u00e7ou progressivamente para quest\u00f5es relacionadas \u00e0 estabilidade dos compostos e, posteriormente, \u00e0 aplica\u00e7\u00e3o em frutos. Os hidrolatos s\u00e3o obtidos durante o processo de produ\u00e7\u00e3o de \u00f3leos essenciais e constituem o res\u00edduo majorit\u00e1rio desse procedimento. A pesquisa investiga o potencial desses materiais descartados pela ind\u00fastria no controle de doen\u00e7as que afetam plantas frut\u00edferas, com foco atual na antracnose.<\/p>\n<p>Diferentemente de enfermidades que se manifestam ainda no campo de cultivo, a antracnose pode se desenvolver durante o processo de amadurecimento dos frutos, o que amplia o risco de perdas mesmo depois da colheita. O pr\u00f3prio pesquisador explica.<\/p>\n<p>\u201c<em>A antracnose \u00e9 uma doen\u00e7a p\u00f3s-colheita e, por isso, tem uma din\u00e2mica de intera\u00e7\u00e3o diferente. Quando o fruto est\u00e1 no campo e ainda est\u00e1 verde, ele pode ter contato com o pat\u00f3geno sem apresentar sintomas. Isso acontece porque, nesse est\u00e1gio, o fruto possui uma concentra\u00e7\u00e3o maior de alguns compostos, principalmente o amido, que ainda n\u00e3o foi convertido em a\u00e7\u00facar. Com o in\u00edcio do amadurecimento, o fruto passa por uma s\u00e9rie de transforma\u00e7\u00f5es fisiol\u00f3gicas<\/em>\", diz Pedro Neto.<\/p>\n<p><em>\"No caso de frutos climat\u00e9ricos, como o mam\u00e3o, esse processo continua mesmo depois da colheita. Quando o fungo percebe essas mudan\u00e7as, principalmente a convers\u00e3o do amido em a\u00e7\u00facar e a transforma\u00e7\u00e3o de outros compostos, ele encontra condi\u00e7\u00f5es mais favor\u00e1veis para se desenvolver. A partir da\u00ed, a doen\u00e7a pode evoluir rapidamente e comprometer o fruto, causando perdas na produ\u00e7\u00e3o.\u201d<\/em><\/p>\n<p>Para a orientadora, a professora Maria C\u00e2ndida de Godoy Gasparoto, o desempenho do estudante \u00e9 resultado da maturidade cient\u00edfica desenvolvida ao longo da gradua\u00e7\u00e3o, aliada \u00e0 qualidade e \u00e0 relev\u00e2ncia da pesquisa realizada. \u201c<em>Um trabalho se faz com pessoas que est\u00e3o dispostas a defend\u00ea-lo de maneira argumentativa, com base em ci\u00eancia.\u201d<\/em><\/p>\n<p>A docente tamb\u00e9m destaca que essa trajet\u00f3ria foi constru\u00edda em um c\u00e2mpus de menor porte e em um grupo de pesquisa reduzido, contexto que possibilitou um acompanhamento mais pr\u00f3ximo do estudante pela orientadora e favoreceu seu amadurecimento, tanto pessoal quanto cient\u00edfico, ao longo da gradua\u00e7\u00e3o.<\/p>\n<p>Leia <a href=\"https:\/\/www2.unesp.br\/portal#!\/noticias\/v\/id::43459\/pesquisa-sobre-doencas-em-plantas-frutiferas-marca-trajetoria-de-destaque-na-iniciacao-cientifica-de-aluno-de-agronomia-em-registro\">a reportagem completa no portal da Unesp<\/a>.<\/p>\n<hr \/>\n<h6><strong>Assessoria de Comunica\u00e7\u00e3o e Imprensa - Unesp | Foto: Acervo Pessoal<\/strong><\/h6>\n\n\n<center><iframe loading=\"lazy\" class=\"jmvplayer\" src=\"https:\/\/player.jmvstream.com\/lvw\/YYGWo5wfZuZ8fEW7Qoq1ISwhLSEDhU\" allowfullscreen allow=\"autoplay; fullscreen\" frameborder=\"0\" width=\"640\" height=\"360\" ><\/iframe><\/center>\n<\/div><\/div>","protected":false},"excerpt":{"rendered":"<p>Bicampe\u00e3o do Congresso de Inicia\u00e7\u00e3o Cient\u00edfica da Unesp e destaque na jornada da SBPC, Pedro Ferreira da Silva Neto investiga o uso de hidrolatos, res\u00edduos da produ\u00e7\u00e3o de \u00f3leos essenciais, no controle de doen\u00e7as em frutas O reconhecimento recebido em 2026 na Jornada Nacional de Inicia\u00e7\u00e3o Cient\u00edfica (JNIC), durante a 78\u00aa Reuni\u00e3o Anual da Sociedade [&hellip;]<\/p>\n","protected":false},"author":4,"featured_media":87496,"comment_status":"open","ping_status":"open","sticky":false,"template":"","format":"standard","meta":{"footnotes":""},"categories":[1],"tags":[],"class_list":["post-87495","post","type-post","status-publish","format-standard","has-post-thumbnail","hentry","category-sem-categoria"],"_links":{"self":[{"href":"https:\/\/sol.fm.br\/radio\/wp-json\/wp\/v2\/posts\/87495","targetHints":{"allow":["GET"]}}],"collection":[{"href":"https:\/\/sol.fm.br\/radio\/wp-json\/wp\/v2\/posts"}],"about":[{"href":"https:\/\/sol.fm.br\/radio\/wp-json\/wp\/v2\/types\/post"}],"author":[{"embeddable":true,"href":"https:\/\/sol.fm.br\/radio\/wp-json\/wp\/v2\/users\/4"}],"replies":[{"embeddable":true,"href":"https:\/\/sol.fm.br\/radio\/wp-json\/wp\/v2\/comments?post=87495"}],"version-history":[{"count":1,"href":"https:\/\/sol.fm.br\/radio\/wp-json\/wp\/v2\/posts\/87495\/revisions"}],"predecessor-version":[{"id":87497,"href":"https:\/\/sol.fm.br\/radio\/wp-json\/wp\/v2\/posts\/87495\/revisions\/87497"}],"wp:featuredmedia":[{"embeddable":true,"href":"https:\/\/sol.fm.br\/radio\/wp-json\/wp\/v2\/media\/87496"}],"wp:attachment":[{"href":"https:\/\/sol.fm.br\/radio\/wp-json\/wp\/v2\/media?parent=87495"}],"wp:term":[{"taxonomy":"category","embeddable":true,"href":"https:\/\/sol.fm.br\/radio\/wp-json\/wp\/v2\/categories?post=87495"},{"taxonomy":"post_tag","embeddable":true,"href":"https:\/\/sol.fm.br\/radio\/wp-json\/wp\/v2\/tags?post=87495"}],"curies":[{"name":"wp","href":"https:\/\/api.w.org\/{rel}","templated":true}]}}