{"id":87498,"date":"2026-09-01T16:21:38","date_gmt":"2026-09-01T19:21:38","guid":{"rendered":"http:\/\/sol.fm.br\/radio\/?p=87498"},"modified":"2026-09-01T16:21:42","modified_gmt":"2026-09-01T19:21:42","slug":"colaboradores-das-farmacias-sao-joao-participam-de-capacitacao-gratuita-em-tecnologia-em-parceria-com-a-salesforce","status":"publish","type":"post","link":"https:\/\/sol.fm.br\/radio\/colaboradores-das-farmacias-sao-joao-participam-de-capacitacao-gratuita-em-tecnologia-em-parceria-com-a-salesforce\/","title":{"rendered":"Colaboradores das Farm\u00e1cias S\u00e3o Jo\u00e3o participam de capacita\u00e7\u00e3o gratuita em tecnologia em parceria com a Salesforce"},"content":{"rendered":"<div id=\"dslc-theme-content\"><div id=\"dslc-theme-content-inner\"><p style=\"text-align: center;\"><em>Programa MuleSoft Tech Pulse re\u00fane profissionais da \u00e1rea de TI e estudantes em uma s\u00e9rie de cinco encontros at\u00e9 dezembro.<\/em><\/p>\n<p style=\"text-align: left;\"><br \/>O Laborat\u00f3rio LMI 1, localizado no Campus Santa Terezinha da Faculdade Atitus, em Passo Fundo (RS), foi palco do primeiro encontro do MuleSoft Tech Pulse, programa de capacita\u00e7\u00e3o em tecnologia realizado por meio de uma parceria entre as Farm\u00e1cias S\u00e3o Jo\u00e3o e a Salesforce.<\/p>\n<p style=\"text-align: left;\">A atividade aconteceu durante todo o dia de quarta-feira, 26, e reuniu colaboradores da Rede de Farm\u00e1cias S\u00e3o Jo\u00e3o e estudantes de tecnologia da Universidade de Passo Fundo (UPF) e da Atitus.<br \/>Capacita\u00e7\u00e3o em tecnologia e integra\u00e7\u00e3o de sistemas.<\/p>\n<p style=\"text-align: left;\">Voltado aos profissionais da \u00e1rea de Tecnologia da Informa\u00e7\u00e3o das Farm\u00e1cias S\u00e3o Jo\u00e3o e a estudantes da \u00e1rea, o MuleSoft Tech Pulse seguir\u00e1 at\u00e9 dezembro deste ano. A programa\u00e7\u00e3o contar\u00e1 com uma s\u00e9rie de cinco encontros, promovendo momentos de aprendizado, troca de experi\u00eancias e conex\u00e3o entre o ambiente corporativo e acad\u00eamico.<\/p>\n<p style=\"text-align: left;\">Este foi o primeiro encontro do programa, que tem como objetivo apresentar a tecnologia iPaaS (Plataforma como Servi\u00e7o de Integra\u00e7\u00e3o) da MuleSoft, solu\u00e7\u00e3o adotada pelas Farm\u00e1cias S\u00e3o Jo\u00e3o para integra\u00e7\u00e3o de sistemas e aplica\u00e7\u00f5es.<\/p>\n<p style=\"text-align: left;\">O Head de Integra\u00e7\u00f5es do setor de Tecnologia das Farm\u00e1cias S\u00e3o Jo\u00e3o, Gilberto Almeida de Souza, \u00e9 um dos respons\u00e1veis pela atividade e destaca a diversidade de temas que ser\u00e3o abordados ao longo da programa\u00e7\u00e3o.<\/p>\n<p style=\"text-align: left;\">\u201c<em>No primeiro encontro, tivemos um overview da tecnologia, seu hist\u00f3rico de evolu\u00e7\u00e3o, a aquisi\u00e7\u00e3o pela Salesforce e a apresenta\u00e7\u00e3o de conceitos de APIs REST, contratos Swagger, OpenAPI e RAML, al\u00e9m de um caso de uso envolvendo a integra\u00e7\u00e3o entre ERP e MuleSoft. Tamb\u00e9m foram apresentadas as trilhas de treinamentos e certifica\u00e7\u00f5es, para dar uma ideia dos assuntos envolvidos. Nos pr\u00f3ximos encontros, vamos abordar o uso da Intelig\u00eancia Artificial na constru\u00e7\u00e3o de agentes dentro da MuleSoft, a ado\u00e7\u00e3o de observabilidade dentro da plataforma e muito mais\u201d<\/em>, explicou Gilberto.<\/p>\n<p style=\"text-align: left;\"><strong>Oportunidade para estudantes de tecnologia<\/strong><\/p>\n<p style=\"text-align: left;\">Como parte da iniciativa, as Farm\u00e1cias S\u00e3o Jo\u00e3o disponibilizaram, al\u00e9m do momento de qualifica\u00e7\u00e3o e aprendizado destinado aos seus colaboradores, 20 vagas gratuitas para estudantes da UPF e da Atitus.<br \/>A a\u00e7\u00e3o proporciona aos estudantes a oportunidade de participar da forma\u00e7\u00e3o ao lado de profissionais da \u00e1rea de Tecnologia das Farm\u00e1cias S\u00e3o Jo\u00e3o, ampliando seus conhecimentos sobre uma das principais plataformas de integra\u00e7\u00e3o utilizadas no ambiente corporativo.<\/p>\n<p style=\"text-align: left;\">Com a iniciativa, a empresa busca contribuir para o desenvolvimento t\u00e9cnico de seus profissionais e, ao mesmo tempo, aproximar-se dos novos talentos que est\u00e3o sendo formados e preparados na regi\u00e3o.<br \/>A a\u00e7\u00e3o representa mais um investimento no desenvolvimento de pessoas, na dissemina\u00e7\u00e3o do conhecimento e no fortalecimento do ecossistema regional de tecnologia.<\/p>\n<p style=\"text-align: left;\"><strong>Aproxima\u00e7\u00e3o entre empresas e institui\u00e7\u00f5es de ensino<\/strong><\/p>\n<p style=\"text-align: left;\">A abertura de vagas para estudantes refor\u00e7a o compromisso das Farm\u00e1cias S\u00e3o Jo\u00e3o com a forma\u00e7\u00e3o de novos talentos e com a aproxima\u00e7\u00e3o entre empresas e institui\u00e7\u00f5es de ensino.<\/p>\n<p style=\"text-align: left;\">A iniciativa tamb\u00e9m amplia as oportunidades para que estudantes tenham contato com tecnologias utilizadas pelo mercado e conhe\u00e7am mais de perto a atua\u00e7\u00e3o da \u00e1rea de Tecnologia de uma das maiores empresas do Sul do Brasil.<\/p>\n<p style=\"text-align: left;\"><strong>Primeiro encontro contou com especialista da comunidade MuleSoft<\/strong><\/p>\n<p style=\"text-align: left;\">Um dos participantes do primeiro encontro foi Renato de Oliveira, Diretor de Capacita\u00e7\u00e3o e um dos l\u00edderes da comunidade de desenvolvedores MuleSoft S\u00e3o Paulo.<\/p>\n<p style=\"text-align: left;\">Com mais de 15 anos de experi\u00eancia em an\u00e1lise e desenvolvimento de sistemas, atuando em diferentes segmentos, como varejo, log\u00edstica, estoque, ind\u00fastria, setor financeiro, CRM e e-commerce, Renato foi o instrutor do primeiro encontro realizado na Atitus.<\/p>\n<p style=\"text-align: left;\"><em>\u201cEsse encontro serviu como uma apresenta\u00e7\u00e3o da plataforma MuleSoft, suas capacidades e todas as possibilidades de aplica\u00e7\u00e3o no dia a dia da tecnologia<\/em>\u201d, afirmou Renato.<\/p>\n<p style=\"text-align: left;\">A Engenheira de Dados da \u00e1rea de TI das Farm\u00e1cias S\u00e3o Jo\u00e3o, Maria Luiza Pereto, destacou a experi\u00eancia e as possibilidades apresentadas durante a capacita\u00e7\u00e3o.<\/p>\n<p style=\"text-align: left;\"><em>\u201cFiquei muito feliz pela oportunidade de aprender sobre uma nova tecnologia e, principalmente, de poder ter contato com profissionais que j\u00e1 atuam nesse ecossistema. Foi muito interessante entender melhor a proposta da plataforma, suas possibilidades e a import\u00e2ncia das integra\u00e7\u00f5es no desenvolvimento de solu\u00e7\u00f5es<\/em>\u201d, disse.<\/p>\n<p style=\"text-align: left;\"><strong>Sobre a MuleSoft<\/strong><\/p>\n<p style=\"text-align: left;\">A MuleSoft \u00e9 uma empresa de software especializada em integra\u00e7\u00e3o de sistemas, APIs e automa\u00e7\u00e3o de processos empresariais. Fundada em 2006, nos Estados Unidos, tornou-se uma das principais refer\u00eancias globais em conectividade corporativa e foi adquirida pela Salesforce em 2018.<\/p>\n<p style=\"text-align: left;\">Atualmente, a MuleSoft atua como uma das principais plataformas da Salesforce para a integra\u00e7\u00e3o de dados, aplica\u00e7\u00f5es e processos em ambientes locais, h\u00edbridos e em nuvem.<\/p>\n<p style=\"text-align: left;\">Seu principal produto \u00e9 a Anypoint Platform, uma plataforma unificada que permite conectar sistemas como ERPs, CRMs, bancos de dados, aplicativos m\u00f3veis, solu\u00e7\u00f5es de e-commerce e ferramentas de Intelig\u00eancia Artificial.<\/p>\n<p style=\"text-align: left;\">A tecnologia utiliza o conceito de API-led Connectivity, baseado na cria\u00e7\u00e3o de APIs reutiliz\u00e1veis que facilitam a troca segura de informa\u00e7\u00f5es entre diferentes sistemas, contribuindo para a redu\u00e7\u00e3o dos custos de integra\u00e7\u00e3o e para a acelera\u00e7\u00e3o de projetos de transforma\u00e7\u00e3o digital.<\/p>\n<hr \/>\n<h6><strong>Rede de Farm\u00e1cias S\u00e3o Jo\u00e3o<\/strong><\/h6>\n\n\n<center><iframe loading=\"lazy\" class=\"jmvplayer\" src=\"https:\/\/player.jmvstream.com\/lvw\/YYGWo5wfZuZ8fEW7Qoq1ISwhLSEDhU\" allowfullscreen allow=\"autoplay; fullscreen\" frameborder=\"0\" width=\"640\" height=\"360\" ><\/iframe><\/center>\n<\/div><\/div>","protected":false},"excerpt":{"rendered":"<p>Programa MuleSoft Tech Pulse re\u00fane profissionais da \u00e1rea de TI e estudantes em uma s\u00e9rie de cinco encontros at\u00e9 dezembro. O Laborat\u00f3rio LMI 1, localizado no Campus Santa Terezinha da Faculdade Atitus, em Passo Fundo (RS), foi palco do primeiro encontro do MuleSoft Tech Pulse, programa de capacita\u00e7\u00e3o em tecnologia realizado por meio de uma [&hellip;]<\/p>\n","protected":false},"author":4,"featured_media":87499,"comment_status":"open","ping_status":"open","sticky":false,"template":"","format":"standard","meta":{"footnotes":""},"categories":[1],"tags":[],"class_list":["post-87498","post","type-post","status-publish","format-standard","has-post-thumbnail","hentry","category-sem-categoria"],"_links":{"self":[{"href":"https:\/\/sol.fm.br\/radio\/wp-json\/wp\/v2\/posts\/87498","targetHints":{"allow":["GET"]}}],"collection":[{"href":"https:\/\/sol.fm.br\/radio\/wp-json\/wp\/v2\/posts"}],"about":[{"href":"https:\/\/sol.fm.br\/radio\/wp-json\/wp\/v2\/types\/post"}],"author":[{"embeddable":true,"href":"https:\/\/sol.fm.br\/radio\/wp-json\/wp\/v2\/users\/4"}],"replies":[{"embeddable":true,"href":"https:\/\/sol.fm.br\/radio\/wp-json\/wp\/v2\/comments?post=87498"}],"version-history":[{"count":1,"href":"https:\/\/sol.fm.br\/radio\/wp-json\/wp\/v2\/posts\/87498\/revisions"}],"predecessor-version":[{"id":87500,"href":"https:\/\/sol.fm.br\/radio\/wp-json\/wp\/v2\/posts\/87498\/revisions\/87500"}],"wp:featuredmedia":[{"embeddable":true,"href":"https:\/\/sol.fm.br\/radio\/wp-json\/wp\/v2\/media\/87499"}],"wp:attachment":[{"href":"https:\/\/sol.fm.br\/radio\/wp-json\/wp\/v2\/media?parent=87498"}],"wp:term":[{"taxonomy":"category","embeddable":true,"href":"https:\/\/sol.fm.br\/radio\/wp-json\/wp\/v2\/categories?post=87498"},{"taxonomy":"post_tag","embeddable":true,"href":"https:\/\/sol.fm.br\/radio\/wp-json\/wp\/v2\/tags?post=87498"}],"curies":[{"name":"wp","href":"https:\/\/api.w.org\/{rel}","templated":true}]}}