{"id":87501,"date":"2026-09-01T16:44:04","date_gmt":"2026-09-01T19:44:04","guid":{"rendered":"http:\/\/sol.fm.br\/radio\/?p=87501"},"modified":"2026-09-01T16:44:17","modified_gmt":"2026-09-01T19:44:17","slug":"faccat-oferece-curso-de-inteligencia-artificial-do-zero-ao-primeiro-projeto","status":"publish","type":"post","link":"https:\/\/sol.fm.br\/radio\/faccat-oferece-curso-de-inteligencia-artificial-do-zero-ao-primeiro-projeto\/","title":{"rendered":"Faccat oferece curso de Intelig\u00eancia Artificial do zero ao primeiro projeto"},"content":{"rendered":"<div id=\"dslc-theme-content\"><div id=\"dslc-theme-content-inner\"><p class=\"x_MsoNormal\"><span data-olk-copy-source=\"MessageBody\">As Faculdades Integradas de Taquara (Faccat) promovem, de 12 de setembro a 3 de outubro, o curso \u201cIA na Pr\u00e1tica: do Zero ao Primeiro Projeto\u201d, voltado a estudantes, profissionais de diferentes \u00e1reas e integrantes da comunidade em geral. A forma\u00e7\u00e3o ter\u00e1 12 horas de dura\u00e7\u00e3o e n\u00e3o exige conhecimento pr\u00e9vio em Intelig\u00eancia Artificial. As aulas ser\u00e3o realizadas aos s\u00e1bados, das 8h30min \u00e0s 11h30min, na sala B202 da Faccat. A realiza\u00e7\u00e3o \u00e9 dos cursos de Sistemas de Informa\u00e7\u00e3o, Sistemas para Internet e Jogos Digitais, em parceria com o N\u00facleo de Educa\u00e7\u00e3o On-Line (NEO), da Faccat. As inscri\u00e7\u00f5es podem ser feitas at\u00e9 o dia 11 de setembro em\u00a0<\/span><a title=\"http:\/\/www.faccat.br\/cursoseeventos\" href=\"http:\/\/www.faccat.br\/cursoseeventos\" target=\"_blank\" rel=\"noopener noreferrer\" data-auth=\"NotApplicable\" data-linkindex=\"0\">www.faccat.br\/cursoseeventos<\/a>\u00a0.<\/p>\n<p class=\"x_MsoNormal\">Durante os quatro encontros, ser\u00e3o abordados temas como os fundamentos da IA Generativa e o uso de ferramentas como ChatGPT, Gemini e Claude. A programa\u00e7\u00e3o tamb\u00e9m inclui Engenharia de Prompts, com orienta\u00e7\u00f5es para a constru\u00e7\u00e3o de comandos mais eficientes e cria\u00e7\u00e3o de uma biblioteca de prompts.<\/p>\n<p class=\"x_MsoNormal\">Outro eixo da forma\u00e7\u00e3o ser\u00e1 a utiliza\u00e7\u00e3o da IA para produtividade, envolvendo produ\u00e7\u00e3o de textos e documentos, cria\u00e7\u00e3o de apresenta\u00e7\u00f5es e planilhas, gera\u00e7\u00e3o de conte\u00fado e automa\u00e7\u00e3o de tarefas com ferramentas no-code.<\/p>\n<p class=\"x_MsoNormal\">No \u00faltimo encontro, ser\u00e3o trabalhados aspectos relacionados ao uso seguro e respons\u00e1vel da Intelig\u00eancia Artificial, incluindo \u00e9tica, privacidade, LGPD, seguran\u00e7a de dados, verifica\u00e7\u00e3o de informa\u00e7\u00f5es, alucina\u00e7\u00f5es e deepfakes. A forma\u00e7\u00e3o ser\u00e1 conclu\u00edda com o desenvolvimento e a apresenta\u00e7\u00e3o de um projeto pr\u00e1tico.<\/p>\n<p>\u00a0<\/p>\n<p><img loading=\"lazy\" decoding=\"async\" class=\"alignnone size-medium wp-image-87504 aligncenter\" src=\"http:\/\/sol.fm.br\/radio\/wp-content\/uploads\/2026\/09\/9-400x134.png\" alt=\"\" width=\"400\" height=\"134\" srcset=\"https:\/\/sol.fm.br\/radio\/wp-content\/uploads\/2026\/09\/9-400x134.png 400w, https:\/\/sol.fm.br\/radio\/wp-content\/uploads\/2026\/09\/9.png 691w\" sizes=\"auto, (max-width: 400px) 100vw, 400px\" \/><\/p>\n<p class=\"x_MsoNormal\">Mais informa\u00e7\u00f5es em\u00a0<a title=\"mailto:informatica@faccat.br\" href=\"mailto:informatica@faccat.br\" data-linkindex=\"1\">informatica@faccat.br<\/a>\u00a0ou (51) 3541.6600 - ramal 692<\/p>\n<hr \/>\n<h6><strong>Faculdades Integradas de Taquara - Faccat | Assessoria de Imprensa - FACCAT<\/strong><\/h6>\n\n\n<center><iframe loading=\"lazy\" class=\"jmvplayer\" src=\"https:\/\/player.jmvstream.com\/lvw\/YYGWo5wfZuZ8fEW7Qoq1ISwhLSEDhU\" allowfullscreen allow=\"autoplay; fullscreen\" frameborder=\"0\" width=\"640\" height=\"360\" ><\/iframe><\/center>\n<\/div><\/div>","protected":false},"excerpt":{"rendered":"<p>As Faculdades Integradas de Taquara (Faccat) promovem, de 12 de setembro a 3 de outubro, o curso \u201cIA na Pr\u00e1tica: do Zero ao Primeiro Projeto\u201d, voltado a estudantes, profissionais de diferentes \u00e1reas e integrantes da comunidade em geral. A forma\u00e7\u00e3o ter\u00e1 12 horas de dura\u00e7\u00e3o e n\u00e3o exige conhecimento pr\u00e9vio em Intelig\u00eancia Artificial. As aulas [&hellip;]<\/p>\n","protected":false},"author":4,"featured_media":87502,"comment_status":"open","ping_status":"open","sticky":false,"template":"","format":"standard","meta":{"footnotes":""},"categories":[1],"tags":[],"class_list":["post-87501","post","type-post","status-publish","format-standard","has-post-thumbnail","hentry","category-sem-categoria"],"_links":{"self":[{"href":"https:\/\/sol.fm.br\/radio\/wp-json\/wp\/v2\/posts\/87501","targetHints":{"allow":["GET"]}}],"collection":[{"href":"https:\/\/sol.fm.br\/radio\/wp-json\/wp\/v2\/posts"}],"about":[{"href":"https:\/\/sol.fm.br\/radio\/wp-json\/wp\/v2\/types\/post"}],"author":[{"embeddable":true,"href":"https:\/\/sol.fm.br\/radio\/wp-json\/wp\/v2\/users\/4"}],"replies":[{"embeddable":true,"href":"https:\/\/sol.fm.br\/radio\/wp-json\/wp\/v2\/comments?post=87501"}],"version-history":[{"count":1,"href":"https:\/\/sol.fm.br\/radio\/wp-json\/wp\/v2\/posts\/87501\/revisions"}],"predecessor-version":[{"id":87505,"href":"https:\/\/sol.fm.br\/radio\/wp-json\/wp\/v2\/posts\/87501\/revisions\/87505"}],"wp:featuredmedia":[{"embeddable":true,"href":"https:\/\/sol.fm.br\/radio\/wp-json\/wp\/v2\/media\/87502"}],"wp:attachment":[{"href":"https:\/\/sol.fm.br\/radio\/wp-json\/wp\/v2\/media?parent=87501"}],"wp:term":[{"taxonomy":"category","embeddable":true,"href":"https:\/\/sol.fm.br\/radio\/wp-json\/wp\/v2\/categories?post=87501"},{"taxonomy":"post_tag","embeddable":true,"href":"https:\/\/sol.fm.br\/radio\/wp-json\/wp\/v2\/tags?post=87501"}],"curies":[{"name":"wp","href":"https:\/\/api.w.org\/{rel}","templated":true}]}}