{"id":87515,"date":"2026-09-02T09:51:56","date_gmt":"2026-09-02T12:51:56","guid":{"rendered":"http:\/\/sol.fm.br\/radio\/?p=87515"},"modified":"2026-09-02T09:52:11","modified_gmt":"2026-09-02T12:52:11","slug":"julgamento-do-corriedale-incorpora-avaliacao-da-area-de-lombo-na-expointer","status":"publish","type":"post","link":"https:\/\/sol.fm.br\/radio\/julgamento-do-corriedale-incorpora-avaliacao-da-area-de-lombo-na-expointer\/","title":{"rendered":"Julgamento do Corriedale incorpora avalia\u00e7\u00e3o da \u00e1rea de lombo na Expointer"},"content":{"rendered":"<div id=\"dslc-theme-content\"><div id=\"dslc-theme-content-inner\"><p style=\"text-align: center;\"><em>Novidade integra a an\u00e1lise de 30 animais inscritos e amplia os crit\u00e9rios observados na sele\u00e7\u00e3o da ra\u00e7a durante a feira<\/em><\/p>\n<p>A ra\u00e7a Corriedale foi um dos destaques deste terceiro dia da 49\u00aa Expointer, que ocorre at\u00e9 06 de setembro, no Parque de Exposi\u00e7\u00f5es Assis Brasil, em Esteio (RS). Trinta animais inscritos participaram do julgamento da ra\u00e7a nesta segunda-feira (31). A grande campe\u00e3 foi Pimenteira 650, da Cabanha Pimenteira, de Santa Vit\u00f3ria do Palmar (RS).<\/p>\n<p>Liderada pelo criador Marco Petruzzi, a borrega de 103 quilos foi escolhida por ter qualidade superior. <em>\u201cEra o animal mais completo, com finura de l\u00e3 de 31 micras e filha de um campe\u00e3o eleito em 2023. Isto significa que gen\u00e9tica e melhor trato s\u00e3o fundamentais para se obter grandes resultados\u201d<\/em>, afirmou.<\/p>\n<p>Segundo o presidente da Associa\u00e7\u00e3o Brasileira de Criadores de Corriedale (ABCC), Gustavo Velloso, entre as caracter\u00edsticas positivas da ra\u00e7a destacam-se bom porte, vigor e conforma\u00e7\u00e3o pr\u00f3prias para produ\u00e7\u00e3o de carne e l\u00e3. Al\u00e9m disso, de acordo com o dirigente, o ovino deve ostentar um andar \u00e1gil e de grande vitalidade, o que lhe confere boa capacidade de deslocamento.<\/p>\n<p>Velloso concluiu que, sendo um ovino de duplo prop\u00f3sito, com um equil\u00edbrio zoot\u00e9cnico orientado 50% para a produ\u00e7\u00e3o de l\u00e3 e 50% para a produ\u00e7\u00e3o de carne, deve ser um animal equilibrado, com esqueleto bem constitu\u00eddo e velo pesado, extenso e de boa qualidade.<\/p>\n<p>O dirigente acrescentou que a cabe\u00e7a do carneiro deve expressar masculinidade, ou seja: larga, com fossas nasais abertas, boca forte, e uma boa cobertura de l\u00e3 na parte superior. \u201c<em>A ra\u00e7a Corriedale ostenta bom n\u00edvel no Rio Grande do Sul, tanto de machos, quanto de f\u00eameas. Melhoramos consideravelmente a produ\u00e7\u00e3o de l\u00e3 e de carne. Com isto, os produtores est\u00e3o conseguindo uma rentabilidade bem maior\u201d<\/em>, destacou.<\/p>\n<p>Outra novidade deste ano \u00e9 que, pela primeira vez, foi analisada a \u00e1rea de lombo. O jurado uruguaio Rafael Elhordoy afirmou que, no Uruguai, h\u00e1 muitos anos os dados de Evolu\u00e7\u00e3o de Peso Vivo (EPV), envolvendo o cruzamento de dados zoot\u00e9cnicos e estat\u00edsticos, focados no melhoramento gen\u00e9tico de bovinos e ovinos, v\u00eam sendo trabalhados. \u201c<em>N\u00f3s tivemos um resultado, em especial na finura da l\u00e3, passando de 24 a 25, considerada de finura m\u00e9dia e fina. Outro jurado uruguaio, Jo\u00e3o Mattassoles, acrescentou que o objetivo \u00e9 este, mas sem perder a parte corporal<\/em>\u201d.<\/p>\n<p>No final da tarde foi divulgado o resultado do grande campe\u00e3o masculino, que foi para a Cabanha Let\u00edcia, do Barra do Quara\u00ed, com o ovino Let\u00edcia 3195, de Jo\u00e3o Ant\u00f4nio Fittipaldi. \u201c<em>Precisamos enaltecer a parte carniceira, a pureza racial e a finura de l\u00e3 adequada, almejando as demandas do mercado\u201d<\/em>, pontuou o criador.<\/p>\n<hr \/>\n<h6><strong>Assessoria de Comunica\u00e7\u00e3o \u2013 ABCC | AgroEffective |\u00a0Foto: ABCC\/Divulga\u00e7\u00e3o | Texto: Adriana Machado\/AgroEffective<\/strong><\/h6>\n\n\n<center><iframe loading=\"lazy\" class=\"jmvplayer\" src=\"https:\/\/player.jmvstream.com\/lvw\/YYGWo5wfZuZ8fEW7Qoq1ISwhLSEDhU\" allowfullscreen allow=\"autoplay; fullscreen\" frameborder=\"0\" width=\"640\" height=\"360\" ><\/iframe><\/center>\n<\/div><\/div>","protected":false},"excerpt":{"rendered":"<p>Novidade integra a an\u00e1lise de 30 animais inscritos e amplia os crit\u00e9rios observados na sele\u00e7\u00e3o da ra\u00e7a durante a feira A ra\u00e7a Corriedale foi um dos destaques deste terceiro dia da 49\u00aa Expointer, que ocorre at\u00e9 06 de setembro, no Parque de Exposi\u00e7\u00f5es Assis Brasil, em Esteio (RS). Trinta animais inscritos participaram do julgamento da [&hellip;]<\/p>\n","protected":false},"author":4,"featured_media":87516,"comment_status":"open","ping_status":"open","sticky":false,"template":"","format":"standard","meta":{"footnotes":""},"categories":[1],"tags":[],"class_list":["post-87515","post","type-post","status-publish","format-standard","has-post-thumbnail","hentry","category-sem-categoria"],"_links":{"self":[{"href":"https:\/\/sol.fm.br\/radio\/wp-json\/wp\/v2\/posts\/87515","targetHints":{"allow":["GET"]}}],"collection":[{"href":"https:\/\/sol.fm.br\/radio\/wp-json\/wp\/v2\/posts"}],"about":[{"href":"https:\/\/sol.fm.br\/radio\/wp-json\/wp\/v2\/types\/post"}],"author":[{"embeddable":true,"href":"https:\/\/sol.fm.br\/radio\/wp-json\/wp\/v2\/users\/4"}],"replies":[{"embeddable":true,"href":"https:\/\/sol.fm.br\/radio\/wp-json\/wp\/v2\/comments?post=87515"}],"version-history":[{"count":1,"href":"https:\/\/sol.fm.br\/radio\/wp-json\/wp\/v2\/posts\/87515\/revisions"}],"predecessor-version":[{"id":87517,"href":"https:\/\/sol.fm.br\/radio\/wp-json\/wp\/v2\/posts\/87515\/revisions\/87517"}],"wp:featuredmedia":[{"embeddable":true,"href":"https:\/\/sol.fm.br\/radio\/wp-json\/wp\/v2\/media\/87516"}],"wp:attachment":[{"href":"https:\/\/sol.fm.br\/radio\/wp-json\/wp\/v2\/media?parent=87515"}],"wp:term":[{"taxonomy":"category","embeddable":true,"href":"https:\/\/sol.fm.br\/radio\/wp-json\/wp\/v2\/categories?post=87515"},{"taxonomy":"post_tag","embeddable":true,"href":"https:\/\/sol.fm.br\/radio\/wp-json\/wp\/v2\/tags?post=87515"}],"curies":[{"name":"wp","href":"https:\/\/api.w.org\/{rel}","templated":true}]}}