{"id":87518,"date":"2026-09-02T09:59:01","date_gmt":"2026-09-02T12:59:01","guid":{"rendered":"http:\/\/sol.fm.br\/radio\/?p=87518"},"modified":"2026-09-02T09:59:04","modified_gmt":"2026-09-02T12:59:04","slug":"mais-de-546-mil-afastamentos-foram-concedidos-por-questoes-relacionadas-a-saude-mental-no-brasil-em-2025-sofrimento-pode-comecar-com-sintomas-fisicos","status":"publish","type":"post","link":"https:\/\/sol.fm.br\/radio\/mais-de-546-mil-afastamentos-foram-concedidos-por-questoes-relacionadas-a-saude-mental-no-brasil-em-2025-sofrimento-pode-comecar-com-sintomas-fisicos\/","title":{"rendered":"Mais de 546 mil afastamentos foram concedidos por quest\u00f5es relacionadas \u00e0 sa\u00fade mental no Brasil em 2025; sofrimento pode come\u00e7ar com sintomas f\u00edsicos"},"content":{"rendered":"<div id=\"dslc-theme-content\"><div id=\"dslc-theme-content-inner\"><p style=\"text-align: center;\"><em>No Setembro Amarelo, especialistas explicam como ansiedade, depress\u00e3o e estresse se manifestam no corpo e comprometem a rotina antes de uma crise<\/em><\/p>\n<p>O adoecimento mental n\u00e3o se manifesta apenas por meio da tristeza, da preocupa\u00e7\u00e3o ou da falta de motiva\u00e7\u00e3o. Em muitos casos, os primeiros sinais aparecem no corpo e na rotina, com ins\u00f4nia, cansa\u00e7o persistente, dores, altera\u00e7\u00f5es no apetite, falta de concentra\u00e7\u00e3o, irritabilidade e perda de interesse por atividades antes prazerosas.<\/p>\n<p>A dimens\u00e3o do problema aparece fora dos consult\u00f3rios. Em 2025, foram concedidos 546.254 afastamentos por incapacidade tempor\u00e1ria relacionados a condi\u00e7\u00f5es de sa\u00fade mental e comportamental no Brasil, segundo dados do Minist\u00e9rio da Previd\u00eancia Social. O n\u00famero representa alta de 15,66% em compara\u00e7\u00e3o com o ano anterior.<\/p>\n<p>No Setembro Amarelo, per\u00edodo dedicado \u00e0 conscientiza\u00e7\u00e3o sobre sa\u00fade mental e \u00e0 preven\u00e7\u00e3o do suic\u00eddio, especialistas alertam que reconhecer mudan\u00e7as no comportamento e no funcionamento do organismo \u00e9 um passo importante para buscar ajuda.<\/p>\n<p><em>\u201cO sofrimento emocional nem sempre \u00e9 percebido de forma clara pela pr\u00f3pria pessoa. Ela pode procurar atendimento por causa de ins\u00f4nia, dor, cansa\u00e7o ou palpita\u00e7\u00f5es e s\u00f3 depois identificar que est\u00e1 enfrentando uma situa\u00e7\u00e3o de ansiedade, depress\u00e3o ou estresse intenso. Por isso, escutar a queixa como um todo \u00e9 fundamental\u201d<\/em>, explica Dr. Raul Queiroz, m\u00e9dico de fam\u00edlia e comunidade da UBS Jardim Valqu\u00edria, unidade da Secretaria Municipal da Sa\u00fade de S\u00e3o Paulo (SMS-SP) gerenciada pelo CEJAM \u2013 Centro de Estudos e Pesquisas \u201cDr. Jo\u00e3o Amorim\u201d.<\/p>\n<p><strong>Sintomas f\u00edsicos<\/strong><\/p>\n<p>Em situa\u00e7\u00f5es de estresse, o organismo entra em estado de alerta e libera subst\u00e2ncias que aumentam a frequ\u00eancia card\u00edaca, a tens\u00e3o muscular e a velocidade da respira\u00e7\u00e3o. Nos casos em que essa resposta ocorre com frequ\u00eancia ou se estende por longos per\u00edodos, isso pode afetar o sono, a disposi\u00e7\u00e3o, a alimenta\u00e7\u00e3o e a capacidade de realizar atividades cotidianas.<\/p>\n<p>O psiquiatra do CEJAM, Dr. Rodrigo Lancelote, destaca que a ansiedade pode provocar falta de ar, tremores, enjoo, sudorese, dor de cabe\u00e7a, aperto no peito e sensa\u00e7\u00e3o de perigo. Segundo ele, esses sintomas s\u00e3o reais e n\u00e3o devem ser tratados como exagero ou falta de controle.<\/p>\n<p><em>\u201cA manifesta\u00e7\u00e3o f\u00edsica \u00e9 uma forma leg\u00edtima de sofrimento. Dizer que a pessoa precisa apenas \u2018se acalmar\u2019 aumenta a culpa e dificulta a busca por cuidado. \u00c9 importante validar o que ela sente, compreender o contexto e avaliar se os sintomas est\u00e3o interferindo na vida di\u00e1ria<\/em>\u201d, afirma o especialista.<\/p>\n<p>O alerta vale para mudan\u00e7as menos evidentes, como afastamento de familiares e amigos, queda no rendimento, abandono de atividades, dificuldade para cuidar da higiene e da alimenta\u00e7\u00e3o, aumento do consumo de \u00e1lcool ou outras subst\u00e2ncias e altera\u00e7\u00f5es significativas no sono.<\/p>\n<p><strong>Aten\u00e7\u00e3o prim\u00e1ria como porta de entrada para o cuidado em sa\u00fade mental<\/strong><\/p>\n<p>A Unidade B\u00e1sica de Sa\u00fade (UBS) costuma ser um dos primeiros locais onde a pessoa procura ajuda. Na aten\u00e7\u00e3o prim\u00e1ria, a equipe realiza uma escuta inicial, investiga sintomas f\u00edsicos, identifica sinais de sofrimento emocional, acompanha o caso e encaminha o paciente para outros pontos da Rede de Aten\u00e7\u00e3o Psicossocial, quando necess\u00e1rio.<\/p>\n<p>\u201c<em>O m\u00e9dico de fam\u00edlia tem a oportunidade de acompanhar a pessoa ao longo do tempo e compreender n\u00e3o apenas o sintoma, mas tamb\u00e9m sua hist\u00f3ria, sua rede de apoio, as condi\u00e7\u00f5es de trabalho e os fatores que contribuem para o sofrimento. Esse olhar cont\u00ednuo ajuda a evitar que a sa\u00fade mental seja tratada de forma isolada\u201d<\/em>, pontua Queiroz.<\/p>\n<p>A busca por atendimento \u00e9 recomendada quando os sintomas persistem, se intensificam ou come\u00e7am a comprometer o trabalho, os estudos, os relacionamentos e o autocuidado.<\/p>\n<p><em>\u201cCuidar da sa\u00fade mental significa olhar para si, perceber que algo mudou e permitir que outras pessoas participem desse cuidado. O tratamento pode envolver acompanhamento m\u00e9dico, psicol\u00f3gico, psiqui\u00e1trico, apoio familiar e estrat\u00e9gias que ajudem o paciente a recuperar gradualmente sua rotina\u201d<\/em>, aponta Lancelote.<\/p>\n<p><strong>Escuta e acolhimento fortalecem a preven\u00e7\u00e3o<\/strong><\/p>\n<p>Familiares, amigos e colegas podem contribuir ao perceber mudan\u00e7as importantes no comportamento. Demonstrar disponibilidade, ouvir sem julgamentos e oferecer ajuda pr\u00e1tica s\u00e3o atitudes mais efetivas do que cobran\u00e7as ou frases que minimizem a situa\u00e7\u00e3o.<\/p>\n<p><em>\u201cPerguntar diretamente se a pessoa tem pensado em morrer ou em tirar a pr\u00f3pria vida n\u00e3o estimula o suic\u00eddio<\/em>\u201d, frisa o psiquiatra. Segundo ele, essa conversa abre espa\u00e7o para que o indiv\u00edduo expresse o que est\u00e1 vivendo e seja encaminhado para atendimento.<\/p>\n<p><em>\u201cQuando algu\u00e9m fala que n\u00e3o v\u00ea mais sentido na vida, que gostaria de desaparecer ou que n\u00e3o consegue continuar, essa fala deve ser levada a s\u00e9rio. N\u00e3o cabe \u00e0 fam\u00edlia resolver tudo sozinha, mas cabe acolher, n\u00e3o deixar a pessoa isolada e buscar ajuda profissional\u201d<\/em>, orienta.<\/p>\n<p>Em situa\u00e7\u00f5es de risco imediato, \u00e9 poss\u00edvel procurar uma unidade de emerg\u00eancia ou acionar o Servi\u00e7o de Atendimento M\u00f3vel de Urg\u00eancia (SAMU), pelo telefone 192. O Centro de Valoriza\u00e7\u00e3o da Vida (CVV) oferece atendimento gratuito e sigiloso pelo n\u00famero 188. Os Centros de Aten\u00e7\u00e3o Psicossocial (CAPS) tamb\u00e9m integram a rede p\u00fablica de cuidado \u00e0 sa\u00fade mental.<\/p>\n<p>\u201cN\u00e3o existe uma atitude \u00fanica capaz de prevenir todos os casos, mas existe uma responsabilidade coletiva de observar, perguntar, acolher e facilitar o acesso ao cuidado. Falar sobre sa\u00fade mental durante todo o ano, e n\u00e3o apenas em setembro, \u00e9 parte desse compromisso\u201d, finaliza Queiroz.<\/p>\n<p>\u00a0<\/p>\n<p><strong>Sobre o CEJAM<\/strong><\/p>\n<p>O CEJAM - Centro de Estudos e Pesquisas \u201cDr. Jo\u00e3o Amorim\u201d \u00e9 uma entidade filantr\u00f3pica e sem fins lucrativos. Fundada em 1991, a Institui\u00e7\u00e3o atua em parceria com o poder p\u00fablico no gerenciamento de servi\u00e7os e programas de sa\u00fade em S\u00e3o Paulo, Rio de Janeiro, Mogi das Cruzes, Osasco, Campinas, Carapicu\u00edba, Barueri, Franco da Rocha, Guarulhos, Santos, S\u00e3o Roque, Lins, Assis, Ferraz de Vasconcelos, Pariquera-A\u00e7u, Itapevi, Peru\u00edbe e S\u00e3o Jos\u00e9 dos Campos.<\/p>\n<p>A organiza\u00e7\u00e3o faz parte do Instituto Brasileiro das Organiza\u00e7\u00f5es Sociais de Sa\u00fade (IBROSS), e tem a miss\u00e3o de ser instrumento transformador da vida das pessoas por meio de a\u00e7\u00f5es de promo\u00e7\u00e3o, preven\u00e7\u00e3o e assist\u00eancia \u00e0 sa\u00fade.<\/p>\n<p>O CEJAM \u00e9 considerado uma Institui\u00e7\u00e3o de excel\u00eancia no apoio ao Sistema \u00danico de Sa\u00fade (SUS), tendo conquistado novamente, em 2026, a certifica\u00e7\u00e3o Great Place to Work. O seu nome \u00e9 uma homenagem ao Dr. Jo\u00e3o Amorim, m\u00e9dico obstetra e um dos fundadores da Institui\u00e7\u00e3o.<\/p>\n<p>Neste ano, a organiza\u00e7\u00e3o lan\u00e7a a campanha CEJAM 2026: respeito \u00e0 vida, respeito ao planeta. 365 dias cuidando do presente, transformando o futuro!<\/p>\n<p>Siga o CEJAM nas redes sociais (@cejamoficial) e acompanhe os conte\u00fados divulgados no <a href=\"http:\/\/cejam.org.br\/noticias\">site da institui\u00e7\u00e3o<\/a>.<\/p>\n<hr \/>\n<h6><strong>Ag\u00eancia M\u00e1quina<\/strong><\/h6>\n\n\n<center><iframe loading=\"lazy\" class=\"jmvplayer\" src=\"https:\/\/player.jmvstream.com\/lvw\/YYGWo5wfZuZ8fEW7Qoq1ISwhLSEDhU\" allowfullscreen allow=\"autoplay; fullscreen\" frameborder=\"0\" width=\"640\" height=\"360\" ><\/iframe><\/center>\n<\/div><\/div>","protected":false},"excerpt":{"rendered":"<p>No Setembro Amarelo, especialistas explicam como ansiedade, depress\u00e3o e estresse se manifestam no corpo e comprometem a rotina antes de uma crise O adoecimento mental n\u00e3o se manifesta apenas por meio da tristeza, da preocupa\u00e7\u00e3o ou da falta de motiva\u00e7\u00e3o. Em muitos casos, os primeiros sinais aparecem no corpo e na rotina, com ins\u00f4nia, cansa\u00e7o [&hellip;]<\/p>\n","protected":false},"author":4,"featured_media":87519,"comment_status":"open","ping_status":"open","sticky":false,"template":"","format":"standard","meta":{"footnotes":""},"categories":[1],"tags":[],"class_list":["post-87518","post","type-post","status-publish","format-standard","has-post-thumbnail","hentry","category-sem-categoria"],"_links":{"self":[{"href":"https:\/\/sol.fm.br\/radio\/wp-json\/wp\/v2\/posts\/87518","targetHints":{"allow":["GET"]}}],"collection":[{"href":"https:\/\/sol.fm.br\/radio\/wp-json\/wp\/v2\/posts"}],"about":[{"href":"https:\/\/sol.fm.br\/radio\/wp-json\/wp\/v2\/types\/post"}],"author":[{"embeddable":true,"href":"https:\/\/sol.fm.br\/radio\/wp-json\/wp\/v2\/users\/4"}],"replies":[{"embeddable":true,"href":"https:\/\/sol.fm.br\/radio\/wp-json\/wp\/v2\/comments?post=87518"}],"version-history":[{"count":1,"href":"https:\/\/sol.fm.br\/radio\/wp-json\/wp\/v2\/posts\/87518\/revisions"}],"predecessor-version":[{"id":87520,"href":"https:\/\/sol.fm.br\/radio\/wp-json\/wp\/v2\/posts\/87518\/revisions\/87520"}],"wp:featuredmedia":[{"embeddable":true,"href":"https:\/\/sol.fm.br\/radio\/wp-json\/wp\/v2\/media\/87519"}],"wp:attachment":[{"href":"https:\/\/sol.fm.br\/radio\/wp-json\/wp\/v2\/media?parent=87518"}],"wp:term":[{"taxonomy":"category","embeddable":true,"href":"https:\/\/sol.fm.br\/radio\/wp-json\/wp\/v2\/categories?post=87518"},{"taxonomy":"post_tag","embeddable":true,"href":"https:\/\/sol.fm.br\/radio\/wp-json\/wp\/v2\/tags?post=87518"}],"curies":[{"name":"wp","href":"https:\/\/api.w.org\/{rel}","templated":true}]}}