{"id":87539,"date":"2026-09-03T09:46:00","date_gmt":"2026-09-03T12:46:00","guid":{"rendered":"http:\/\/sol.fm.br\/radio\/?p=87539"},"modified":"2026-09-03T09:46:09","modified_gmt":"2026-09-03T12:46:09","slug":"representa-aproxima-comercio-das-decisoes-do-setor","status":"publish","type":"post","link":"https:\/\/sol.fm.br\/radio\/representa-aproxima-comercio-das-decisoes-do-setor\/","title":{"rendered":"Representa+ aproxima com\u00e9rcio das decis\u00f5es do setor"},"content":{"rendered":"<div id=\"dslc-theme-content\"><div id=\"dslc-theme-content-inner\"><p style=\"text-align: center;\"><i data-olk-copy-source=\"MessageBody\">Plataforma permite acompanhar pautas empresariais e registrar opini\u00f5es sobre projetos em discuss\u00e3o<\/i><\/p>\n<div>\n<p>As decis\u00f5es que impactam o com\u00e9rcio varejista passam por diferentes esferas de discuss\u00e3o e, cada vez mais, a participa\u00e7\u00e3o dos empres\u00e1rios \u00e9 importante para construir um ambiente de neg\u00f3cios equilibrado. Para aproximar o setor dessas decis\u00f5es, o\u00a0<a title=\"https:\/\/www.sindilojascaxias.com.br\/\" href=\"https:\/\/www.sindilojascaxias.com.br\/\" target=\"_blank\" rel=\"noreferrer noopener\" data-auth=\"NotApplicable\" data-linkindex=\"0\">Sindilojas Caxias<\/a>\u00a0utiliza e recomenda o\u00a0<a title=\"https:\/\/representa.fecomercio-rs.org.br\/home\/index\" href=\"https:\/\/representa.fecomercio-rs.org.br\/home\/index\" target=\"_blank\" rel=\"noreferrer noopener\" data-auth=\"NotApplicable\" data-linkindex=\"1\">Representa+<\/a>, plataforma digital desenvolvida pela Fecom\u00e9rcio-RS que re\u00fane informa\u00e7\u00f5es sobre pautas de interesse empresarial e abre espa\u00e7o para a participa\u00e7\u00e3o dos empres\u00e1rios.<\/p>\n<p>Por meio da plataforma, \u00e9 poss\u00edvel acompanhar projetos e temas em discuss\u00e3o, compreender seus poss\u00edveis impactos para as empresas e registrar opini\u00f5es sobre as pautas. Dessa forma, a representa\u00e7\u00e3o passa a contar tamb\u00e9m com a participa\u00e7\u00e3o direta de quem est\u00e1 no dia a dia dos neg\u00f3cios.<\/p>\n<p>Para a presidente do Sindilojas, M\u00e1rcia Costa, a participa\u00e7\u00e3o \u00e9 importante para qualificar a defesa dos interesses do com\u00e9rcio varejista. <em>\u201cQueremos que os empres\u00e1rios tenham acesso \u00e0s informa\u00e7\u00f5es, entendam o que est\u00e1 sendo discutido e possam se posicionar sobre temas que impactam suas atividades. \u00c9 uma forma de fortalecer a participa\u00e7\u00e3o e tornar a representa\u00e7\u00e3o mais pr\u00f3xima da realidade do com\u00e9rcio\u201d<\/em>, destaca.<\/p>\n<p>O Representa+ pode ser acessado por empres\u00e1rios interessados em acompanhar as pautas e participar das consultas dispon\u00edveis. A plataforma integra a atua\u00e7\u00e3o de representa\u00e7\u00e3o do Sistema Fecom\u00e9rcio-RS e contribui para aproximar o setor das discuss\u00f5es que influenciam o ambiente de neg\u00f3cios.<\/p>\n<hr \/>\n<h6><strong>Assessoria de Imprensa Sindilojas Caxias | Foto: Magnific<\/strong><\/h6>\n<\/div>\n\n\n<center><iframe loading=\"lazy\" class=\"jmvplayer\" src=\"https:\/\/player.jmvstream.com\/lvw\/YYGWo5wfZuZ8fEW7Qoq1ISwhLSEDhU\" allowfullscreen allow=\"autoplay; fullscreen\" frameborder=\"0\" width=\"640\" height=\"360\" ><\/iframe><\/center>\n<\/div><\/div>","protected":false},"excerpt":{"rendered":"<p>Plataforma permite acompanhar pautas empresariais e registrar opini\u00f5es sobre projetos em discuss\u00e3o As decis\u00f5es que impactam o com\u00e9rcio varejista passam por diferentes esferas de discuss\u00e3o e, cada vez mais, a participa\u00e7\u00e3o dos empres\u00e1rios \u00e9 importante para construir um ambiente de neg\u00f3cios equilibrado. Para aproximar o setor dessas decis\u00f5es, o\u00a0Sindilojas Caxias\u00a0utiliza e recomenda o\u00a0Representa+, plataforma digital [&hellip;]<\/p>\n","protected":false},"author":4,"featured_media":87540,"comment_status":"open","ping_status":"open","sticky":false,"template":"","format":"standard","meta":{"footnotes":""},"categories":[1],"tags":[],"class_list":["post-87539","post","type-post","status-publish","format-standard","has-post-thumbnail","hentry","category-sem-categoria"],"_links":{"self":[{"href":"https:\/\/sol.fm.br\/radio\/wp-json\/wp\/v2\/posts\/87539","targetHints":{"allow":["GET"]}}],"collection":[{"href":"https:\/\/sol.fm.br\/radio\/wp-json\/wp\/v2\/posts"}],"about":[{"href":"https:\/\/sol.fm.br\/radio\/wp-json\/wp\/v2\/types\/post"}],"author":[{"embeddable":true,"href":"https:\/\/sol.fm.br\/radio\/wp-json\/wp\/v2\/users\/4"}],"replies":[{"embeddable":true,"href":"https:\/\/sol.fm.br\/radio\/wp-json\/wp\/v2\/comments?post=87539"}],"version-history":[{"count":1,"href":"https:\/\/sol.fm.br\/radio\/wp-json\/wp\/v2\/posts\/87539\/revisions"}],"predecessor-version":[{"id":87541,"href":"https:\/\/sol.fm.br\/radio\/wp-json\/wp\/v2\/posts\/87539\/revisions\/87541"}],"wp:featuredmedia":[{"embeddable":true,"href":"https:\/\/sol.fm.br\/radio\/wp-json\/wp\/v2\/media\/87540"}],"wp:attachment":[{"href":"https:\/\/sol.fm.br\/radio\/wp-json\/wp\/v2\/media?parent=87539"}],"wp:term":[{"taxonomy":"category","embeddable":true,"href":"https:\/\/sol.fm.br\/radio\/wp-json\/wp\/v2\/categories?post=87539"},{"taxonomy":"post_tag","embeddable":true,"href":"https:\/\/sol.fm.br\/radio\/wp-json\/wp\/v2\/tags?post=87539"}],"curies":[{"name":"wp","href":"https:\/\/api.w.org\/{rel}","templated":true}]}}