{"id":87542,"date":"2026-09-03T09:58:59","date_gmt":"2026-09-03T12:58:59","guid":{"rendered":"http:\/\/sol.fm.br\/radio\/?p=87542"},"modified":"2026-09-03T10:06:57","modified_gmt":"2026-09-03T13:06:57","slug":"anote-na-agenda-10-e-11-9-veiling-holambra-traz-as-novidades-e-tendencias-em-flores-e-plantas-para-a-primavera-finados-e-festas-de-fim-de-ano","status":"publish","type":"post","link":"https:\/\/sol.fm.br\/radio\/anote-na-agenda-10-e-11-9-veiling-holambra-traz-as-novidades-e-tendencias-em-flores-e-plantas-para-a-primavera-finados-e-festas-de-fim-de-ano\/","title":{"rendered":"Anote na agenda - 10 e 11\/9 - Veiling Holambra traz as novidades e tend\u00eancias em flores e plantas para a Primavera, Finados e festas de fim de ano"},"content":{"rendered":"<div id=\"dslc-theme-content\"><div id=\"dslc-theme-content-inner\"><p style=\"text-align: center;\"><i data-olk-copy-source=\"MessageBody\">A 32\u00aa edi\u00e7\u00e3o da feira de neg\u00f3cios Veiling Market acontecer\u00e1 nos dias 10 e 11 de setembro para apresentar as novidades, tend\u00eancias e destaques de flores e plantas ornamentais para o segundo semestre, com foco na Primavera, Finados, Natal e R\u00e9veillon, apresentados por 166 produtores da Cooperativa Veiling Holambra. Trata-se da mais completa feira de neg\u00f3cios da floricultura nacional.<\/i><\/p>\n<div>\n<p>A Cooperativa Veiling Holambra realiza, nos dias dia 10\/09 \u2013 das 8h \u00e0s 17h e dia 11\/09\u2013 das 8h \u00e0s 14h, a 32\u00aa edi\u00e7\u00e3o do Veiling Market, a mais completa feira de neg\u00f3cios do setor de flores e plantas ornamentais no Brasil. O evento re\u00fane produtores, decoradores, paisagistas, floristas e floriculturas, al\u00e9m de grandes distribuidores, como garden centers, redes de supermercados e centrais de abastecimento. O evento \u00e9 estrat\u00e9gico para negocia\u00e7\u00f5es e compras antecipadas, para que o mercado possa assegurar produtos e pre\u00e7os, principalmente para as datas de maior demanda.\u00a0\u201c<em>O evento n\u00e3o \u00e9 apenas uma exposi\u00e7\u00e3o de produtos que estar\u00e3o dispon\u00edveis para o mercado neste segundo semestre de 2026. A feira se destaca como um espa\u00e7o de antecipa\u00e7\u00e3o de tend\u00eancias, apresentando variedades, cores, formatos e conceitos que dialogam com o comportamento do consumidor e com as demandas do paisagismo, da decora\u00e7\u00e3o e do varejo\u201d<\/em>, explica Thamara D'Angieri, gerente de Marketing e Produto da Cooperativa Veiling Holambra.\u00a0Inspirado na tradicional Trade Fair Aalsmeer, da Holanda, o Veiling Market acontece desde 2010 e se consolidou como uma vitrine de lan\u00e7amentos, inova\u00e7\u00e3o e tend\u00eancias, refor\u00e7ando sua relev\u00e2ncia no calend\u00e1rio nacional da floricultura.<\/p>\n<p style=\"text-align: center;\"><img loading=\"lazy\" decoding=\"async\" class=\"alignnone size-full wp-image-87545\" src=\"http:\/\/sol.fm.br\/radio\/wp-content\/uploads\/2026\/09\/21-1.jpg\" alt=\"\" width=\"300\" height=\"200\" \/> <img loading=\"lazy\" decoding=\"async\" class=\"alignnone size-full wp-image-87544\" src=\"http:\/\/sol.fm.br\/radio\/wp-content\/uploads\/2026\/09\/22-1.jpg\" alt=\"\" width=\"300\" height=\"200\" \/><\/p>\n<p><strong data-olk-copy-source=\"MessageBody\">Vitrine de tend\u00eancias<\/strong><\/p>\n<p>Mais do que os lan\u00e7amentos, a feira tamb\u00e9m informa as tend\u00eancias do mercado floricultor. Nesta edi\u00e7\u00e3o, a Vitrine de Tend\u00eancias, sob a curadoria do especialista Dr. H\u00e9lio Junqueira, refer\u00eancia nacional em mercado e comportamento na floricultura, foi inspirada no quiosque e nas p\u00e9rgulas met\u00e1licas do Jardim Hist\u00f3rico da Casa de Rui Barbosa, em Botafogo, RJ. O espa\u00e7o abriga uma mostra de arte floral contempor\u00e2nea, com arranjos biof\u00edlicos (composi\u00e7\u00f5es florais e vegetais que valorizam a conex\u00e3o com a natureza, utilizando flores, folhagens, galhos, plantas e elementos naturais) e refer\u00eancias \u00e0s rocalhas (elementos paisag\u00edsticos formados principalmente por pedras e rochas) dos jardins rom\u00e2nticos, dando continuidade \u00e0 proposta de revisitar importantes refer\u00eancias do paisagismo e da bot\u00e2nica brasileira.<\/p>\n<p>A proposta estabelece um di\u00e1logo entre mem\u00f3ria, natureza e futuro, incorporando conceitos de design fitocentrado (que coloca as plantas e a vegeta\u00e7\u00e3o no centro da concep\u00e7\u00e3o de um espa\u00e7o) e tend\u00eancias internacionais da arte floral. O ambiente tamb\u00e9m remete aos tradicionais garden parties, criando um espa\u00e7o de contempla\u00e7\u00e3o que conecta o patrim\u00f4nio hist\u00f3rico \u00e0 cria\u00e7\u00e3o contempor\u00e2nea. O espa\u00e7o destaca a rela\u00e7\u00e3o de Rui Barbosa com a jardinagem e sua paix\u00e3o pelas rosas \u2014 chegou a cultivar uma cole\u00e7\u00e3o com mais de 300 variedades \u2014, al\u00e9m do valor hist\u00f3rico do jardim. Entre seus elementos simb\u00f3licos est\u00e1 a presen\u00e7a das cam\u00e9lias, s\u00edmbolo da luta pela Aboli\u00e7\u00e3o da Escravatura.<\/p>\n<p><img loading=\"lazy\" decoding=\"async\" class=\"alignnone size-full wp-image-87546 aligncenter\" src=\"http:\/\/sol.fm.br\/radio\/wp-content\/uploads\/2026\/09\/23-1.jpg\" alt=\"\" width=\"300\" height=\"200\" \/><\/p>\n<p><strong data-olk-copy-source=\"MessageBody\">Sobre o Veiling Holambra<\/strong><\/p>\n<p>O Veiling Holambra \u00e9 o mais completo centro comercial e log\u00edstico de flores e plantas do Brasil, com mais de 180 mil m\u00b2 de \u00e1rea, sendo refer\u00eancia no mercado nacional. Com 37 anos de hist\u00f3ria, a cooperativa re\u00fane mais de 470 produtores cooperados e atende mais de mil clientes ativos em todo o territ\u00f3rio nacional.<\/p>\n<p aria-hidden=\"true\">\u00a0<\/p>\n<p><strong>Servi\u00e7o<\/strong><\/p>\n<p><strong>Veiling Market - 32\u00aa edi\u00e7\u00e3o<\/strong><\/p>\n<p>Datas e hor\u00e1rios:\u00a0 dia 10\/09 (das 8h \u00e0s 17h) e dia 11\/09 (das 8h \u00e0s 14h)<\/p>\n<p>Local: Cooperativa Veiling Holambra<\/p>\n<p>Endere\u00e7o: Rodovia SP-107, km 27 \u2013 Santo Ant\u00f4nio de Posse (SP)<\/p>\n<p>Inscri\u00e7\u00f5es: gratuitas no link www.veiling.com.br\/vmkt<\/p>\n<p>Informa\u00e7\u00f5es: Ateli\u00ea da Not\u00edcia - redacao@ateliedanoticia.com.br<\/p>\n<p>Apena para credenciamento de jornalistas \u00e9 preciso informar nome do ve\u00edculo de comunica\u00e7\u00e3o, nome completo dos profissionais, CPFs e a data da visita pelo WhatsApp (19) 99771-6735 com Vera Longuini.<\/p>\n<hr \/>\n<h6><strong>Ateli\u00ea da Not\u00edcia | Fotos: Divulga\u00e7\u00e3o - foto fornecida pela CVH, Divulga\u00e7\u00e3o - foto fornecida pela produ\u00e7\u00e3o da artista<\/strong><\/h6>\n<\/div>\n\n\n<center><iframe loading=\"lazy\" class=\"jmvplayer\" src=\"https:\/\/player.jmvstream.com\/lvw\/YYGWo5wfZuZ8fEW7Qoq1ISwhLSEDhU\" allowfullscreen allow=\"autoplay; fullscreen\" frameborder=\"0\" width=\"640\" height=\"360\" ><\/iframe><\/center>\n<\/div><\/div>","protected":false},"excerpt":{"rendered":"<p>A 32\u00aa edi\u00e7\u00e3o da feira de neg\u00f3cios Veiling Market acontecer\u00e1 nos dias 10 e 11 de setembro para apresentar as novidades, tend\u00eancias e destaques de flores e plantas ornamentais para o segundo semestre, com foco na Primavera, Finados, Natal e R\u00e9veillon, apresentados por 166 produtores da Cooperativa Veiling Holambra. Trata-se da mais completa feira de [&hellip;]<\/p>\n","protected":false},"author":4,"featured_media":87543,"comment_status":"open","ping_status":"open","sticky":false,"template":"","format":"standard","meta":{"footnotes":""},"categories":[1],"tags":[],"class_list":["post-87542","post","type-post","status-publish","format-standard","has-post-thumbnail","hentry","category-sem-categoria"],"_links":{"self":[{"href":"https:\/\/sol.fm.br\/radio\/wp-json\/wp\/v2\/posts\/87542","targetHints":{"allow":["GET"]}}],"collection":[{"href":"https:\/\/sol.fm.br\/radio\/wp-json\/wp\/v2\/posts"}],"about":[{"href":"https:\/\/sol.fm.br\/radio\/wp-json\/wp\/v2\/types\/post"}],"author":[{"embeddable":true,"href":"https:\/\/sol.fm.br\/radio\/wp-json\/wp\/v2\/users\/4"}],"replies":[{"embeddable":true,"href":"https:\/\/sol.fm.br\/radio\/wp-json\/wp\/v2\/comments?post=87542"}],"version-history":[{"count":1,"href":"https:\/\/sol.fm.br\/radio\/wp-json\/wp\/v2\/posts\/87542\/revisions"}],"predecessor-version":[{"id":87547,"href":"https:\/\/sol.fm.br\/radio\/wp-json\/wp\/v2\/posts\/87542\/revisions\/87547"}],"wp:featuredmedia":[{"embeddable":true,"href":"https:\/\/sol.fm.br\/radio\/wp-json\/wp\/v2\/media\/87543"}],"wp:attachment":[{"href":"https:\/\/sol.fm.br\/radio\/wp-json\/wp\/v2\/media?parent=87542"}],"wp:term":[{"taxonomy":"category","embeddable":true,"href":"https:\/\/sol.fm.br\/radio\/wp-json\/wp\/v2\/categories?post=87542"},{"taxonomy":"post_tag","embeddable":true,"href":"https:\/\/sol.fm.br\/radio\/wp-json\/wp\/v2\/tags?post=87542"}],"curies":[{"name":"wp","href":"https:\/\/api.w.org\/{rel}","templated":true}]}}