{"id":87555,"date":"2026-09-03T10:25:23","date_gmt":"2026-09-03T13:25:23","guid":{"rendered":"http:\/\/sol.fm.br\/radio\/?p=87555"},"modified":"2026-09-03T10:25:29","modified_gmt":"2026-09-03T13:25:29","slug":"dia-mundial-da-alfabetizacao-e-a-importancia-de-respeitar-etapas-do-aprendizado-da-leitura","status":"publish","type":"post","link":"https:\/\/sol.fm.br\/radio\/dia-mundial-da-alfabetizacao-e-a-importancia-de-respeitar-etapas-do-aprendizado-da-leitura\/","title":{"rendered":"Dia Mundial da Alfabetiza\u00e7\u00e3o e a import\u00e2ncia de respeitar etapas do aprendizado da leitura"},"content":{"rendered":"<div id=\"dslc-theme-content\"><div id=\"dslc-theme-content-inner\"><p class=\"x_yiv7738964847ydpe7065d65yiv7204423869MsoNormal\" style=\"text-align: right;\"><em>* Luciana Brites, Doutoranda em Ci\u00eancias do Desenvolvimento Humano e Mestra em Dist\u00farbios do Desenvolvimento<\/em><\/p>\n<p class=\"x_yiv7738964847ydpe7065d65yiv7204423869MsoNormal\">\u00a0<\/p>\n<p class=\"x_yiv7738964847ydpe7065d65yiv7204423869MsoNormal\">Celebrado em 8 de setembro, o Dia Mundial da Alfabetiza\u00e7\u00e3o nos ajuda a refletir sobre os desafios enfrentados por alunos, professores e fam\u00edlias. Tamb\u00e9m ressalta a import\u00e2ncia de compreender o desenvolvimento da leitura e analisar quais estrat\u00e9gias favorecem esse processo.<\/p>\n<p class=\"x_yiv7738964847ydpe7065d65yiv7204423869MsoNormal\">Para ler uma palavra, o c\u00e9rebro utiliza dois caminhos principais. O primeiro \u00e9 a chamada rota fonol\u00f3gica, respons\u00e1vel pela leitura inicial e pela decodifica\u00e7\u00e3o de palavras. Nesse processo, a crian\u00e7a junta sons e letra por letra. Essa etapa \u00e9 mais lenta e exige esfor\u00e7o cognitivo e constru\u00e7\u00e3o gradual da habilidade.<\/p>\n<p class=\"x_yiv7738964847ydpe7065d65yiv7204423869MsoNormal\">O segundo caminho \u00e9 a rota lexical. O c\u00e9rebro j\u00e1 reconhece a palavra visualmente e consegue identific\u00e1-las de maneira r\u00e1pida e autom\u00e1tica, sem precisar soletrar, por exemplo. O desenvolvimento da leitura acontece de forma eficiente quando os dois caminhos funcionam em equil\u00edbrio.<\/p>\n<p class=\"x_yiv7738964847ydpe7065d65yiv7204423869MsoNormal\">A dificuldade surge quando se tenta acelerar o processo, priorizando o reconhecimento visual antes que a crian\u00e7a consolide habilidades fundamentais relacionadas \u00e0 consci\u00eancia dos sons. Quando a alfabetiza\u00e7\u00e3o se apoia na memoriza\u00e7\u00e3o visual, a crian\u00e7a pode apresentar dificuldades diante de palavras novas, demonstrando depend\u00eancia da mem\u00f3ria e inseguran\u00e7a na leitura.<\/p>\n<p class=\"x_yiv7738964847ydpe7065d65yiv7204423869MsoNormal\">Alguns sinais podem indicar que o processo n\u00e3o est\u00e1 consolidado. Por exemplo, a crian\u00e7a que consegue nomear letras isoladamente, mas n\u00e3o consegue unir sons para formar palavras completas. Outro indicativo \u00e9 a dificuldade em perceber rimas e semelhan\u00e7as sonoras entre palavras, demonstrando fragilidade na percep\u00e7\u00e3o dos sons da fala.<\/p>\n<p class=\"x_yiv7738964847ydpe7065d65yiv7204423869MsoNormal\">A leitura n\u00e3o \u00e9 uma habilidade adquirida de maneira natural. Trata-se de uma constru\u00e7\u00e3o que exige treinamento e adapta\u00e7\u00e3o cerebral. Com isso, a consci\u00eancia fonol\u00f3gica aparece como habilidade central no processo de alfabetiza\u00e7\u00e3o. Ela envolve a capacidade de perceber que palavras s\u00e3o formadas por unidades sonoras menores e de manipular esses sons de diferentes formas.\u00a0 Atividades como rimas, alitera\u00e7\u00f5es e explora\u00e7\u00e3o sonora contribuem para fortalecer essa base, favorecendo a constru\u00e7\u00e3o da leitura e da escrita.<\/p>\n<p class=\"x_yiv7738964847ydpe7065d65yiv7204423869MsoNormal\">No Dia Mundial da Alfabetiza\u00e7\u00e3o, a reflex\u00e3o proposta deve ir al\u00e9m do acesso \u00e0 leitura. Ela deve reconhecer que alfabetizar envolve conhecimento, estrat\u00e9gia e compreens\u00e3o profunda sobre como o c\u00e9rebro aprende. Entender a ci\u00eancia por tr\u00e1s da alfabetiza\u00e7\u00e3o \u00e9 o que diferencia o mestre de um instrutor.<\/p>\n<p><img loading=\"lazy\" decoding=\"async\" class=\"alignnone size-medium wp-image-87557 aligncenter\" src=\"http:\/\/sol.fm.br\/radio\/wp-content\/uploads\/2026\/09\/51-400x267.jpg\" alt=\"\" width=\"400\" height=\"267\" srcset=\"https:\/\/sol.fm.br\/radio\/wp-content\/uploads\/2026\/09\/51-400x267.jpg 400w, https:\/\/sol.fm.br\/radio\/wp-content\/uploads\/2026\/09\/51-768x512.jpg 768w, https:\/\/sol.fm.br\/radio\/wp-content\/uploads\/2026\/09\/51-600x400.jpg 600w, https:\/\/sol.fm.br\/radio\/wp-content\/uploads\/2026\/09\/51.jpg 1280w\" sizes=\"auto, (max-width: 400px) 100vw, 400px\" \/><\/p>\n<p class=\"x_yiv7738964847ydpe7065d65yiv7204423869MsoNormal\" style=\"text-align: right;\"><em>(*) Luciana Brites \u00e9 CEO do Instituto NeuroSaber, psicopedagoga, psicomotricista, Doutoranda em Ci\u00eancias do Desenvolvimento Humano e Mestra em Dist\u00farbios do Desenvolvimento pelo Mackenzie, palestrante e autora de livros sobre educa\u00e7\u00e3o e transtornos de aprendizagem.<\/em> Instituto NeuroSaber\u00a0<a title=\"https:\/\/institutoneurosaber.com.br\/\" href=\"https:\/\/institutoneurosaber.com.br\/\" target=\"_blank\" rel=\"nofollow noopener noreferrer\" shape=\"rect\" data-auth=\"NotApplicable\" data-linkindex=\"0\">https:\/\/institutoneurosaber.com.br<\/a><\/p>\n<hr \/>\n<h6 class=\"x_yiv7738964847ydpe7065d65yiv7204423869MsoNormal\"><strong>Joyce Nogueira -\u00a0Jornalista e Assessora de Imprensa \u2013 Drumond Assessoria | Fotos: Samara Garcia, capa por IA<\/strong><\/h6>\n\n\n<center><iframe loading=\"lazy\" class=\"jmvplayer\" src=\"https:\/\/player.jmvstream.com\/lvw\/YYGWo5wfZuZ8fEW7Qoq1ISwhLSEDhU\" allowfullscreen allow=\"autoplay; fullscreen\" frameborder=\"0\" width=\"640\" height=\"360\" ><\/iframe><\/center>\n<\/div><\/div>","protected":false},"excerpt":{"rendered":"<p>* Luciana Brites, Doutoranda em Ci\u00eancias do Desenvolvimento Humano e Mestra em Dist\u00farbios do Desenvolvimento \u00a0 Celebrado em 8 de setembro, o Dia Mundial da Alfabetiza\u00e7\u00e3o nos ajuda a refletir sobre os desafios enfrentados por alunos, professores e fam\u00edlias. Tamb\u00e9m ressalta a import\u00e2ncia de compreender o desenvolvimento da leitura e analisar quais estrat\u00e9gias favorecem esse [&hellip;]<\/p>\n","protected":false},"author":4,"featured_media":87556,"comment_status":"open","ping_status":"open","sticky":false,"template":"","format":"standard","meta":{"footnotes":""},"categories":[1],"tags":[],"class_list":["post-87555","post","type-post","status-publish","format-standard","has-post-thumbnail","hentry","category-sem-categoria"],"_links":{"self":[{"href":"https:\/\/sol.fm.br\/radio\/wp-json\/wp\/v2\/posts\/87555","targetHints":{"allow":["GET"]}}],"collection":[{"href":"https:\/\/sol.fm.br\/radio\/wp-json\/wp\/v2\/posts"}],"about":[{"href":"https:\/\/sol.fm.br\/radio\/wp-json\/wp\/v2\/types\/post"}],"author":[{"embeddable":true,"href":"https:\/\/sol.fm.br\/radio\/wp-json\/wp\/v2\/users\/4"}],"replies":[{"embeddable":true,"href":"https:\/\/sol.fm.br\/radio\/wp-json\/wp\/v2\/comments?post=87555"}],"version-history":[{"count":1,"href":"https:\/\/sol.fm.br\/radio\/wp-json\/wp\/v2\/posts\/87555\/revisions"}],"predecessor-version":[{"id":87558,"href":"https:\/\/sol.fm.br\/radio\/wp-json\/wp\/v2\/posts\/87555\/revisions\/87558"}],"wp:featuredmedia":[{"embeddable":true,"href":"https:\/\/sol.fm.br\/radio\/wp-json\/wp\/v2\/media\/87556"}],"wp:attachment":[{"href":"https:\/\/sol.fm.br\/radio\/wp-json\/wp\/v2\/media?parent=87555"}],"wp:term":[{"taxonomy":"category","embeddable":true,"href":"https:\/\/sol.fm.br\/radio\/wp-json\/wp\/v2\/categories?post=87555"},{"taxonomy":"post_tag","embeddable":true,"href":"https:\/\/sol.fm.br\/radio\/wp-json\/wp\/v2\/tags?post=87555"}],"curies":[{"name":"wp","href":"https:\/\/api.w.org\/{rel}","templated":true}]}}