{"id":87575,"date":"2026-09-04T09:37:50","date_gmt":"2026-09-04T12:37:50","guid":{"rendered":"http:\/\/sol.fm.br\/radio\/?p=87575"},"modified":"2026-09-04T09:38:01","modified_gmt":"2026-09-04T12:38:01","slug":"fim-da-6x1-pode-elevar-em-10-custo-da-hora-trabalhada-avalia-especialista","status":"publish","type":"post","link":"https:\/\/sol.fm.br\/radio\/fim-da-6x1-pode-elevar-em-10-custo-da-hora-trabalhada-avalia-especialista\/","title":{"rendered":"Fim da 6x1 pode elevar em 10% custo da hora trabalhada, avalia especialista"},"content":{"rendered":"<div id=\"dslc-theme-content\"><div id=\"dslc-theme-content-inner\"><p style=\"text-align: center;\"><i data-olk-copy-source=\"MessageBody\">Ap\u00f3s avan\u00e7o da PEC no Senado, advogado trabalhista alerta que com\u00e9rcio e servi\u00e7os devem enfrentar maior press\u00e3o para reorganizar escalas, contratar ou investir em produtividade<\/i><\/p>\n<div>\n<p>A aprova\u00e7\u00e3o pela Comiss\u00e3o de Constitui\u00e7\u00e3o e Justi\u00e7a (CCJ) do Senado da PEC que acaba com a escala 6x1 e reduz a jornada semanal de 44 para 40 horas, sem redu\u00e7\u00e3o salarial, abre uma nova etapa do debate sobre os impactos da mudan\u00e7a para empresas e trabalhadores. Para o advogado trabalhista\u00a0Gilson de Souza Silva, do CNF Advogados, um dos efeitos mais imediatos ser\u00e1 sobre o custo da hora de trabalho.<\/p>\n<p>Segundo o especialista, mantido o mesmo sal\u00e1rio para uma jornada quatro horas menor,\u00a0o custo da hora trabalhada aumenta 10%. A consequ\u00eancia tende a ser mais sentida por setores intensivos em m\u00e3o de obra e que precisam manter equipes em opera\u00e7\u00e3o por per\u00edodos extensos, como com\u00e9rcio, servi\u00e7os e parte da ind\u00fastria.<\/p>\n<p><em>\u201cEm muitos casos, a empresa ter\u00e1 de reorganizar as escalas, pagar horas extras ou contratar trabalhadores para cobrir as horas que deixam de ser cumpridas. O impacto varia muito conforme o setor e o porte da empresa<\/em>\u201d, afirma Gilson.<\/p>\n<p><strong>Pequenas empresas devem sentir mais<\/strong><\/p>\n<p>Na avalia\u00e7\u00e3o do advogado, grandes companhias t\u00eam maior capacidade de recorrer \u00e0 automa\u00e7\u00e3o, reorganizar processos e absorver parte do aumento de custos. J\u00e1 micro, pequenas e m\u00e9dias empresas que operam com margens menores tendem a enfrentar maior dificuldade.<\/p>\n<p>\u201c<em>Se a empresa n\u00e3o conseguir aumentar produtividade ou absorver o novo custo, as alternativas passam pelo repasse aos pre\u00e7os, redu\u00e7\u00e3o de despesas ou reorganiza\u00e7\u00e3o do quadro de funcion\u00e1rios. Com\u00e9rcio e servi\u00e7os merecem aten\u00e7\u00e3o especial porque s\u00e3o atividades em que a m\u00e3o de obra representa uma parcela relevante do custo<\/em>\u201d, explica.<\/p>\n<p>Gilson ressalta que isso n\u00e3o significa necessariamente uma onda autom\u00e1tica de demiss\u00f5es. A mudan\u00e7a tamb\u00e9m pode gerar novas contrata\u00e7\u00f5es para completar escalas, mas a rea\u00e7\u00e3o dever\u00e1 variar conforme a atividade. Empresas com menor margem podem acelerar automa\u00e7\u00e3o, ampliar o uso de jornadas parciais e reorganizar benef\u00edcios e pol\u00edticas de remunera\u00e7\u00e3o vari\u00e1vel.<\/p>\n<p><strong>Produtividade entra no centro da discuss\u00e3o<\/strong><\/p>\n<p>Para o especialista, a capacidade das empresas de produzir mais em menos horas ser\u00e1 decisiva para determinar o impacto econ\u00f4mico da redu\u00e7\u00e3o da jornada.<\/p>\n<p>Entre as alternativas est\u00e3o a automa\u00e7\u00e3o de tarefas repetitivas, revis\u00e3o de processos internos, capacita\u00e7\u00e3o profissional e melhor distribui\u00e7\u00e3o das equipes nos hor\u00e1rios de maior demanda. Instrumentos previstos na legisla\u00e7\u00e3o trabalhista, como banco de horas e negocia\u00e7\u00e3o coletiva, tamb\u00e9m podem ganhar import\u00e2ncia na adapta\u00e7\u00e3o das empresas.<\/p>\n<p><em>\u201cA redu\u00e7\u00e3o da jornada muda a equa\u00e7\u00e3o econ\u00f4mica do trabalho. Para que a conta seja sustent\u00e1vel, a produtividade por hora precisa crescer. Quanto maior a capacidade de reorganiza\u00e7\u00e3o da empresa, menor tende a ser a necessidade de compensar o aumento do custo por meio de pre\u00e7os ou redu\u00e7\u00e3o de postos\u201d,<\/em> conclui.<\/p>\n<p style=\"text-align: right;\"><em><strong>Fonte<\/strong>:\u00a0Gilson de Souza Silva \u00e9 advogado trabalhista do CNF Advogados, com atua\u00e7\u00e3o em Direito do Trabalho e assessoria a empresas em quest\u00f5es relacionadas a rela\u00e7\u00f5es trabalhistas, jornadas, contratos e gest\u00e3o de passivos.<\/em><\/p>\n<hr \/>\n<h6><strong>M2 Comunica\u00e7\u00e3o Jur\u00eddica | Foto: Divulga\u00e7\u00e3o<\/strong><\/h6>\n<\/div>\n\n\n<center><iframe loading=\"lazy\" class=\"jmvplayer\" src=\"https:\/\/player.jmvstream.com\/lvw\/YYGWo5wfZuZ8fEW7Qoq1ISwhLSEDhU\" allowfullscreen allow=\"autoplay; fullscreen\" frameborder=\"0\" width=\"640\" height=\"360\" ><\/iframe><\/center>\n<\/div><\/div>","protected":false},"excerpt":{"rendered":"<p>Ap\u00f3s avan\u00e7o da PEC no Senado, advogado trabalhista alerta que com\u00e9rcio e servi\u00e7os devem enfrentar maior press\u00e3o para reorganizar escalas, contratar ou investir em produtividade A aprova\u00e7\u00e3o pela Comiss\u00e3o de Constitui\u00e7\u00e3o e Justi\u00e7a (CCJ) do Senado da PEC que acaba com a escala 6x1 e reduz a jornada semanal de 44 para 40 horas, sem [&hellip;]<\/p>\n","protected":false},"author":4,"featured_media":87576,"comment_status":"open","ping_status":"open","sticky":false,"template":"","format":"standard","meta":{"footnotes":""},"categories":[1],"tags":[],"class_list":["post-87575","post","type-post","status-publish","format-standard","has-post-thumbnail","hentry","category-sem-categoria"],"_links":{"self":[{"href":"https:\/\/sol.fm.br\/radio\/wp-json\/wp\/v2\/posts\/87575","targetHints":{"allow":["GET"]}}],"collection":[{"href":"https:\/\/sol.fm.br\/radio\/wp-json\/wp\/v2\/posts"}],"about":[{"href":"https:\/\/sol.fm.br\/radio\/wp-json\/wp\/v2\/types\/post"}],"author":[{"embeddable":true,"href":"https:\/\/sol.fm.br\/radio\/wp-json\/wp\/v2\/users\/4"}],"replies":[{"embeddable":true,"href":"https:\/\/sol.fm.br\/radio\/wp-json\/wp\/v2\/comments?post=87575"}],"version-history":[{"count":1,"href":"https:\/\/sol.fm.br\/radio\/wp-json\/wp\/v2\/posts\/87575\/revisions"}],"predecessor-version":[{"id":87577,"href":"https:\/\/sol.fm.br\/radio\/wp-json\/wp\/v2\/posts\/87575\/revisions\/87577"}],"wp:featuredmedia":[{"embeddable":true,"href":"https:\/\/sol.fm.br\/radio\/wp-json\/wp\/v2\/media\/87576"}],"wp:attachment":[{"href":"https:\/\/sol.fm.br\/radio\/wp-json\/wp\/v2\/media?parent=87575"}],"wp:term":[{"taxonomy":"category","embeddable":true,"href":"https:\/\/sol.fm.br\/radio\/wp-json\/wp\/v2\/categories?post=87575"},{"taxonomy":"post_tag","embeddable":true,"href":"https:\/\/sol.fm.br\/radio\/wp-json\/wp\/v2\/tags?post=87575"}],"curies":[{"name":"wp","href":"https:\/\/api.w.org\/{rel}","templated":true}]}}